{"id":61911,"date":"2019-10-12T10:26:06","date_gmt":"2019-10-12T13:26:06","guid":{"rendered":"https:\/\/eldiariodesanpedro.com.ar\/sitio\/?p=61911"},"modified":"2019-10-12T10:26:10","modified_gmt":"2019-10-12T13:26:10","slug":"12-de-octubre-se-conmemora-el-dia-del-respeto-a-la-diversidad-cultura","status":"publish","type":"post","link":"https:\/\/eldiariodesanpedro.com.ar\/sitio\/12-de-octubre-se-conmemora-el-dia-del-respeto-a-la-diversidad-cultura\/","title":{"rendered":"12 de Octubre: se conmemora el D\u00eda del Respeto a la Diversidad Cultura"},"content":{"rendered":"<!-- VideographyWP Plugin Message: Automatic video embedding prevented by plugin options. -->\n\n<p>D\u00eda del Respeto a la Diversidad Cultural&nbsp;es el nombre que recibe en&nbsp;Argentina&nbsp;el&nbsp;12 de octubre, anteriormente denominado \u00abD\u00eda de la raza\u00bb y modificado por el Decreto Presidencial 1584\/2010 publicado el 3 de noviembre de 2010,\u200b firmado por Cristina Fern\u00e1ndez de Kirchner.<\/p>\n\n\n\n<p>Dentro de las consideraciones tomadas, se destaca un extracto del citado decreto el cual expresa:&nbsp;<strong><em>[\u2026] asimismo, se modifica la denominaci\u00f3n del feriado del d\u00eda 12 de octubre, queriendo destacar y rememorara las muertes de los pueblos originarios y dotando a dicha fecha de un significado acorde al valor que asigna nuestra Constituci\u00f3n Nacional y diversos tratados y declaraciones de derechos humanos a la diversidad \u00e9tnica y cultural de todos los pueblos.<\/em><\/strong>&nbsp;Decreto 1584\/2010<\/p>\n\n\n\n<p>El 12 de octubre se conmemora en recuerdo al momento hist\u00f3rico en que personas de Europa occidental llegaron por primera vez al continente. Desde el a\u00f1o 1917, por Decreto del entonces Presidente de la Naci\u00f3n, se record\u00f3 esta fecha bajo el nombre \u201cD\u00eda de la Raza\u201d.<\/p>\n\n\n\n<p>En 2007 el&nbsp;Instituto Nacional contra la Discriminaci\u00f3n, la Xenofobia y el Racismo&nbsp;(INADI) present\u00f3 un proyecto por el cual se propon\u00eda cambiar la denominaci\u00f3n de esa fecha por \u201cD\u00eda de la Diversidad Cultural Americana\u201d. La iniciativa se concret\u00f3 por medio del Decreto N\u00b0 1584\/10. Este cambio radic\u00f3 en que la divisi\u00f3n de la humanidad en \u201crazas\u201d carece de validez y que, adem\u00e1s, esa categor\u00eda constituye una concepci\u00f3n pol\u00edtico-social err\u00f3nea y peyorativa; por lo tanto, su utilizaci\u00f3n s\u00f3lo favorece reivindicaciones racistas.<\/p>\n\n\n\n<p>A su vez, el Plan Nacional Contra la Discriminaci\u00f3n estableci\u00f3, entre sus prerrogativas, que el 12 de octubre sea un \u201cd\u00eda de reflexi\u00f3n hist\u00f3rica y di\u00e1logo intercultural\u201d. Esto implica dejar atr\u00e1s la conmemoraci\u00f3n de \u201cla conquista\u201d de Am\u00e9rica y el proceso que s\u00f3lo valor\u00f3 la cultura europea, para dar paso al an\u00e1lisis y a la valoraci\u00f3n de la inmensa variedad de culturas que los pueblos ind\u00edgenas y afrodescendientes han aportado y aportan a la construcci\u00f3n de nuestra identidad.<\/p>\n\n\n\n<p>Fuente: Baradero Te Informa<\/p>\n","protected":false},"excerpt":{"rendered":"<p>D\u00eda del Respeto a la Diversidad Cultural&nbsp;es el nombre que recibe en&nbsp;Argentina&nbsp;el&nbsp;12 de octubre, anteriormente denominado \u00abD\u00eda de la raza\u00bb y modificado por el Decreto Presidencial 1584\/2010 publicado el 3 de noviembre de 2010,\u200b firmado por Cristina Fern\u00e1ndez de Kirchner. Dentro de las consideraciones tomadas, se destaca un extracto del citado decreto el cual expresa:&nbsp;[\u2026] [&hellip;]<\/p>\n","protected":false},"author":4,"featured_media":61913,"comment_status":"open","ping_status":"closed","sticky":false,"template":"","format":"standard","meta":{"om_disable_all_campaigns":false,"_jetpack_memberships_contains_paid_content":false,"footnotes":""},"categories":[50,101,2],"tags":[],"class_list":["post-61911","post","type-post","status-publish","format-standard","has-post-thumbnail","hentry","category-destacadas","category-interes-general-locales","category-locales"],"aioseo_notices":[],"gutentor_comment":1,"jetpack_featured_media_url":"https:\/\/eldiariodesanpedro.com.ar\/sitio\/wp-content\/uploads\/2019\/10\/12_oct_AGMER_central-1024x574.jpg","jetpack_shortlink":"https:\/\/wp.me\/p6RhLt-g6z","jetpack_sharing_enabled":true,"_links":{"self":[{"href":"https:\/\/eldiariodesanpedro.com.ar\/sitio\/wp-json\/wp\/v2\/posts\/61911","targetHints":{"allow":["GET"]}}],"collection":[{"href":"https:\/\/eldiariodesanpedro.com.ar\/sitio\/wp-json\/wp\/v2\/posts"}],"about":[{"href":"https:\/\/eldiariodesanpedro.com.ar\/sitio\/wp-json\/wp\/v2\/types\/post"}],"author":[{"embeddable":true,"href":"https:\/\/eldiariodesanpedro.com.ar\/sitio\/wp-json\/wp\/v2\/users\/4"}],"replies":[{"embeddable":true,"href":"https:\/\/eldiariodesanpedro.com.ar\/sitio\/wp-json\/wp\/v2\/comments?post=61911"}],"version-history":[{"count":1,"href":"https:\/\/eldiariodesanpedro.com.ar\/sitio\/wp-json\/wp\/v2\/posts\/61911\/revisions"}],"predecessor-version":[{"id":61914,"href":"https:\/\/eldiariodesanpedro.com.ar\/sitio\/wp-json\/wp\/v2\/posts\/61911\/revisions\/61914"}],"wp:featuredmedia":[{"embeddable":true,"href":"https:\/\/eldiariodesanpedro.com.ar\/sitio\/wp-json\/wp\/v2\/media\/61913"}],"wp:attachment":[{"href":"https:\/\/eldiariodesanpedro.com.ar\/sitio\/wp-json\/wp\/v2\/media?parent=61911"}],"wp:term":[{"taxonomy":"category","embeddable":true,"href":"https:\/\/eldiariodesanpedro.com.ar\/sitio\/wp-json\/wp\/v2\/categories?post=61911"},{"taxonomy":"post_tag","embeddable":true,"href":"https:\/\/eldiariodesanpedro.com.ar\/sitio\/wp-json\/wp\/v2\/tags?post=61911"}],"curies":[{"name":"wp","href":"https:\/\/api.w.org\/{rel}","templated":true}]}}