{"id":61908,"date":"2019-10-12T10:19:09","date_gmt":"2019-10-12T13:19:09","guid":{"rendered":"https:\/\/eldiariodesanpedro.com.ar\/sitio\/?p=61908"},"modified":"2019-10-12T10:19:13","modified_gmt":"2019-10-12T13:19:13","slug":"ramallo-se-cumplen-120-dias-de-acampe-en-bio-ramallo","status":"publish","type":"post","link":"https:\/\/eldiariodesanpedro.com.ar\/sitio\/ramallo-se-cumplen-120-dias-de-acampe-en-bio-ramallo\/","title":{"rendered":"RAMALLO: Se cumplen 120 d\u00edas de acampe en Bio Ramallo"},"content":{"rendered":"<!-- VideographyWP Plugin Message: Automatic video embedding prevented by plugin options. -->\n\n<p> Los trabajadores contin\u00faan acampando frente a la planta de Bio Ramallo. Fabi\u00e1n Sola, delegado de aceiteros, sostuvo que \u201chace 120 d\u00edas que venimos luchando, nos comimos noches heladas, fr\u00edos, enfermedades, pero convencidos que es el camino que tenemos que marcar y caminar para revertir esta situaci\u00f3n\u201d.<\/p>\n\n\n\n<p>Sola dijo que desde la empresa no est\u00e1n teniendo dialogo, pero confirmo que est\u00e1n siendo acompa\u00f1ados por el sindicato, \u201cestamos acompa\u00f1ados por el gremio de los aceiteros y la federaci\u00f3n, tenemos ayudas de muchos gremios como UOM, pero es desgastante ver a la familia angusti\u00e1ndose\u201d, aclar\u00f3.<\/p>\n\n\n\n<p>\u201cEl contexto pol\u00edtico no ayuda para nada, las empresas de biodiesel est\u00e1n paralizadas en todo el pa\u00eds. Se hace dif\u00edcil, pero estamos convencidos. El due\u00f1o,\u00a0Bojanich, sabe que nosotros estamos afuera esperando hacer lo que tengamos que revertir esto e ingresar a los puestos de trabajo\u201d, cerr\u00f3 el referente gremial.<\/p>\n\n\n\n<p>Fuente: Ramallo Ciudad<\/p>\n\n\n\n<p><br><\/p>\n","protected":false},"excerpt":{"rendered":"<p>Los trabajadores contin\u00faan acampando frente a la planta de Bio Ramallo. Fabi\u00e1n Sola, delegado de aceiteros, sostuvo que \u201chace 120 d\u00edas que venimos luchando, nos comimos noches heladas, fr\u00edos, enfermedades, pero convencidos que es el camino que tenemos que marcar y caminar para revertir esta situaci\u00f3n\u201d. Sola dijo que desde la empresa no est\u00e1n teniendo [&hellip;]<\/p>\n","protected":false},"author":4,"featured_media":61909,"comment_status":"open","ping_status":"closed","sticky":false,"template":"","format":"standard","meta":{"om_disable_all_campaigns":false,"_jetpack_memberships_contains_paid_content":false,"footnotes":""},"categories":[621],"tags":[],"class_list":["post-61908","post","type-post","status-publish","format-standard","has-post-thumbnail","hentry","category-regionales"],"aioseo_notices":[],"gutentor_comment":0,"jetpack_featured_media_url":"https:\/\/eldiariodesanpedro.com.ar\/sitio\/wp-content\/uploads\/2019\/10\/bbx_8233429_1_bioramallo.jpg","jetpack_shortlink":"https:\/\/wp.me\/p6RhLt-g6w","jetpack_sharing_enabled":true,"_links":{"self":[{"href":"https:\/\/eldiariodesanpedro.com.ar\/sitio\/wp-json\/wp\/v2\/posts\/61908","targetHints":{"allow":["GET"]}}],"collection":[{"href":"https:\/\/eldiariodesanpedro.com.ar\/sitio\/wp-json\/wp\/v2\/posts"}],"about":[{"href":"https:\/\/eldiariodesanpedro.com.ar\/sitio\/wp-json\/wp\/v2\/types\/post"}],"author":[{"embeddable":true,"href":"https:\/\/eldiariodesanpedro.com.ar\/sitio\/wp-json\/wp\/v2\/users\/4"}],"replies":[{"embeddable":true,"href":"https:\/\/eldiariodesanpedro.com.ar\/sitio\/wp-json\/wp\/v2\/comments?post=61908"}],"version-history":[{"count":1,"href":"https:\/\/eldiariodesanpedro.com.ar\/sitio\/wp-json\/wp\/v2\/posts\/61908\/revisions"}],"predecessor-version":[{"id":61910,"href":"https:\/\/eldiariodesanpedro.com.ar\/sitio\/wp-json\/wp\/v2\/posts\/61908\/revisions\/61910"}],"wp:featuredmedia":[{"embeddable":true,"href":"https:\/\/eldiariodesanpedro.com.ar\/sitio\/wp-json\/wp\/v2\/media\/61909"}],"wp:attachment":[{"href":"https:\/\/eldiariodesanpedro.com.ar\/sitio\/wp-json\/wp\/v2\/media?parent=61908"}],"wp:term":[{"taxonomy":"category","embeddable":true,"href":"https:\/\/eldiariodesanpedro.com.ar\/sitio\/wp-json\/wp\/v2\/categories?post=61908"},{"taxonomy":"post_tag","embeddable":true,"href":"https:\/\/eldiariodesanpedro.com.ar\/sitio\/wp-json\/wp\/v2\/tags?post=61908"}],"curies":[{"name":"wp","href":"https:\/\/api.w.org\/{rel}","templated":true}]}}