{"id":61871,"date":"2019-10-11T18:21:38","date_gmt":"2019-10-11T21:21:38","guid":{"rendered":"https:\/\/eldiariodesanpedro.com.ar\/sitio\/?p=61871"},"modified":"2019-10-11T18:21:42","modified_gmt":"2019-10-11T21:21:42","slug":"prostibulo-el-morador-ya-habria-sido-detenido-en-2009-y-2012","status":"publish","type":"post","link":"https:\/\/eldiariodesanpedro.com.ar\/sitio\/prostibulo-el-morador-ya-habria-sido-detenido-en-2009-y-2012\/","title":{"rendered":"Prost\u00edbulo: \u00abEl morador ya habr\u00eda sido detenido en 2009 y 2012\u00bb"},"content":{"rendered":"<!-- VideographyWP Plugin Message: Automatic video embedding prevented by plugin options. -->\n\n<p>El morador de la vivienda ubicada en Lavalle al 640 donde tras investigaciones y allanamiento se constat\u00f3 que funciona para la prostituci\u00f3n fue aprehendido esta ma\u00f1ana y el fiscal pide su detenci\u00f3n al juez.<\/p>\n\n\n\n<p> Esta ma\u00f1ana se realiz\u00f3 una diligencia  en una vivienda encabezada por el personal de Prefectura Local luego de una intensa investigaci\u00f3n habr\u00eda comenzado a ra\u00edz de una denuncia an\u00f3nima donde en un principio se inici\u00f3 como \u00abtrata de personas\u00bb. <\/p>\n\n\n\n<p>Lo cierto es que en el lugar funciona un prost\u00edbulo que ya habria sido investigado a\u00f1os anteriores (2009 y 2012)<\/p>\n\n\n\n<p>\u00abLuego de tareas de investigaciones se descart\u00f3 el delito de trata pero se configura el delito que facilitan a la prostituci\u00f3n, estamos realizando allanamiento, hasta ahora tenemos una mujer adulta que se encontraba ejerciendo la prostituci\u00f3n, dos clientes, y el morador\u00bb, expresaba esta ma\u00f1ana el jefe de Prefectura, Alejandro Here\u00f1u.<\/p>\n\n\n\n<p>Adem\u00e1s se secuestraron  material de profilaxis, agendas, tel\u00e9fonos celulares y otros elementos de inter\u00e9s para el tr\u00e1mite de la causa.<\/p>\n\n\n\n<p>El titular de la Fiscalia N\u00ba6 que instruye la causa le tomar\u00e1 declaraciones y le pedir\u00e1 al juez que el acusado, \u00fanico detenido, responsable del prost\u00edbulo  qued\u00e9 detenido por reincidencia. <\/p>\n","protected":false},"excerpt":{"rendered":"<p>El morador de la vivienda ubicada en Lavalle al 640 donde tras investigaciones y allanamiento se constat\u00f3 que funciona para la prostituci\u00f3n fue aprehendido esta ma\u00f1ana y el fiscal pide su detenci\u00f3n al juez. Esta ma\u00f1ana se realiz\u00f3 una diligencia en una vivienda encabezada por el personal de Prefectura Local luego de una intensa investigaci\u00f3n [&hellip;]<\/p>\n","protected":false},"author":4,"featured_media":61823,"comment_status":"open","ping_status":"closed","sticky":false,"template":"","format":"standard","meta":{"om_disable_all_campaigns":false,"_jetpack_memberships_contains_paid_content":false,"footnotes":""},"categories":[50,2,103],"tags":[],"class_list":["post-61871","post","type-post","status-publish","format-standard","has-post-thumbnail","hentry","category-destacadas","category-locales","category-policiales-locales"],"aioseo_notices":[],"gutentor_comment":0,"jetpack_featured_media_url":"https:\/\/eldiariodesanpedro.com.ar\/sitio\/wp-content\/uploads\/2019\/10\/IMG-20191011-WA0037.jpg","jetpack_shortlink":"https:\/\/wp.me\/p6RhLt-g5V","jetpack_sharing_enabled":true,"_links":{"self":[{"href":"https:\/\/eldiariodesanpedro.com.ar\/sitio\/wp-json\/wp\/v2\/posts\/61871","targetHints":{"allow":["GET"]}}],"collection":[{"href":"https:\/\/eldiariodesanpedro.com.ar\/sitio\/wp-json\/wp\/v2\/posts"}],"about":[{"href":"https:\/\/eldiariodesanpedro.com.ar\/sitio\/wp-json\/wp\/v2\/types\/post"}],"author":[{"embeddable":true,"href":"https:\/\/eldiariodesanpedro.com.ar\/sitio\/wp-json\/wp\/v2\/users\/4"}],"replies":[{"embeddable":true,"href":"https:\/\/eldiariodesanpedro.com.ar\/sitio\/wp-json\/wp\/v2\/comments?post=61871"}],"version-history":[{"count":1,"href":"https:\/\/eldiariodesanpedro.com.ar\/sitio\/wp-json\/wp\/v2\/posts\/61871\/revisions"}],"predecessor-version":[{"id":61872,"href":"https:\/\/eldiariodesanpedro.com.ar\/sitio\/wp-json\/wp\/v2\/posts\/61871\/revisions\/61872"}],"wp:featuredmedia":[{"embeddable":true,"href":"https:\/\/eldiariodesanpedro.com.ar\/sitio\/wp-json\/wp\/v2\/media\/61823"}],"wp:attachment":[{"href":"https:\/\/eldiariodesanpedro.com.ar\/sitio\/wp-json\/wp\/v2\/media?parent=61871"}],"wp:term":[{"taxonomy":"category","embeddable":true,"href":"https:\/\/eldiariodesanpedro.com.ar\/sitio\/wp-json\/wp\/v2\/categories?post=61871"},{"taxonomy":"post_tag","embeddable":true,"href":"https:\/\/eldiariodesanpedro.com.ar\/sitio\/wp-json\/wp\/v2\/tags?post=61871"}],"curies":[{"name":"wp","href":"https:\/\/api.w.org\/{rel}","templated":true}]}}