{"id":61844,"date":"2019-10-11T11:46:32","date_gmt":"2019-10-11T14:46:32","guid":{"rendered":"https:\/\/eldiariodesanpedro.com.ar\/sitio\/?p=61844"},"modified":"2019-10-11T11:46:36","modified_gmt":"2019-10-11T14:46:36","slug":"san-nicolas-destrozos-e-intento-de-robo-en-la-escuela-tecnica-no-4","status":"publish","type":"post","link":"https:\/\/eldiariodesanpedro.com.ar\/sitio\/san-nicolas-destrozos-e-intento-de-robo-en-la-escuela-tecnica-no-4\/","title":{"rendered":"SAN NICOL\u00c1S | Destrozos e intento de robo en la escuela t\u00e9cnica N\u00ba 4"},"content":{"rendered":"<!-- VideographyWP Plugin Message: Automatic video embedding prevented by plugin options. -->\n\n<p>Que a un chico lo encuentren dentro de la escuela evidentemente no tiene nada de malo y por el contrario es lo que uno espera de la juventud. El problema es si a este menor, quien lo ubica dentro de un establecimiento educativo es personal policial de la Comisar\u00eda Tercera, en horas de la noche y luego de haber roto la reja e intentado robar. Lamentablemente esto es lo que sucedi\u00f3 en la madrugada de ayer cuando personal del gabinete criminol\u00f3gico de la Comisar\u00eda Tercera en zona norte fue advertido de que habr\u00eda movimientos raros en la Escuela T\u00e9cnica Nro. 4, ubicada en Urquiza y Reynoso de barrio San Pablo.<\/p>\n\n\n\n<p><strong>Da\u00f1os<\/strong><br>R\u00e1pidamente los efectivos llegaron hasta el establecimiento educativo, que ya ha sido v\u00edctima de varios robos, y comenzaron a recorrer el lugar buscando extra\u00f1os. La alarma se dispar\u00f3 cuando forzaron una ventana y una de las rejas estaba arrancada y doblada permitiendo que alguien se metiera dentro de la instituci\u00f3n.Los efectivos, con todas las precauciones del caso, ingresaron a la Escuela atentos a que el ladr\u00f3n podr\u00eda a\u00fan encontrarse all\u00ed. Efectivamente y recorriendo las aulas los agentes ubicaron a un chico de 17 a\u00f1os que estaba recorriendo las instalaciones y revolviendo en los armarios, aparentemente en busca de algo para robar. El muchacho fue aprehendido por tentativa de robo tomando intervenci\u00f3n la UFI del Joven de San Nicol\u00e1s.<\/p>\n\n\n\n<p>Fuente: Diario El Norte<\/p>\n","protected":false},"excerpt":{"rendered":"<p>Que a un chico lo encuentren dentro de la escuela evidentemente no tiene nada de malo y por el contrario es lo que uno espera de la juventud. El problema es si a este menor, quien lo ubica dentro de un establecimiento educativo es personal policial de la Comisar\u00eda Tercera, en horas de la noche [&hellip;]<\/p>\n","protected":false},"author":4,"featured_media":61845,"comment_status":"open","ping_status":"closed","sticky":false,"template":"","format":"standard","meta":{"om_disable_all_campaigns":false,"_jetpack_memberships_contains_paid_content":false,"footnotes":""},"categories":[621],"tags":[],"class_list":["post-61844","post","type-post","status-publish","format-standard","has-post-thumbnail","hentry","category-regionales"],"aioseo_notices":[],"gutentor_comment":0,"jetpack_featured_media_url":"https:\/\/eldiariodesanpedro.com.ar\/sitio\/wp-content\/uploads\/2019\/10\/0-4.jpg","jetpack_shortlink":"https:\/\/wp.me\/p6RhLt-g5u","jetpack_sharing_enabled":true,"_links":{"self":[{"href":"https:\/\/eldiariodesanpedro.com.ar\/sitio\/wp-json\/wp\/v2\/posts\/61844","targetHints":{"allow":["GET"]}}],"collection":[{"href":"https:\/\/eldiariodesanpedro.com.ar\/sitio\/wp-json\/wp\/v2\/posts"}],"about":[{"href":"https:\/\/eldiariodesanpedro.com.ar\/sitio\/wp-json\/wp\/v2\/types\/post"}],"author":[{"embeddable":true,"href":"https:\/\/eldiariodesanpedro.com.ar\/sitio\/wp-json\/wp\/v2\/users\/4"}],"replies":[{"embeddable":true,"href":"https:\/\/eldiariodesanpedro.com.ar\/sitio\/wp-json\/wp\/v2\/comments?post=61844"}],"version-history":[{"count":1,"href":"https:\/\/eldiariodesanpedro.com.ar\/sitio\/wp-json\/wp\/v2\/posts\/61844\/revisions"}],"predecessor-version":[{"id":61846,"href":"https:\/\/eldiariodesanpedro.com.ar\/sitio\/wp-json\/wp\/v2\/posts\/61844\/revisions\/61846"}],"wp:featuredmedia":[{"embeddable":true,"href":"https:\/\/eldiariodesanpedro.com.ar\/sitio\/wp-json\/wp\/v2\/media\/61845"}],"wp:attachment":[{"href":"https:\/\/eldiariodesanpedro.com.ar\/sitio\/wp-json\/wp\/v2\/media?parent=61844"}],"wp:term":[{"taxonomy":"category","embeddable":true,"href":"https:\/\/eldiariodesanpedro.com.ar\/sitio\/wp-json\/wp\/v2\/categories?post=61844"},{"taxonomy":"post_tag","embeddable":true,"href":"https:\/\/eldiariodesanpedro.com.ar\/sitio\/wp-json\/wp\/v2\/tags?post=61844"}],"curies":[{"name":"wp","href":"https:\/\/api.w.org\/{rel}","templated":true}]}}