{"id":61841,"date":"2019-10-11T11:44:29","date_gmt":"2019-10-11T14:44:29","guid":{"rendered":"https:\/\/eldiariodesanpedro.com.ar\/sitio\/?p=61841"},"modified":"2019-10-11T11:44:30","modified_gmt":"2019-10-11T14:44:30","slug":"san-nicolas-comenzo-la-previa-del-turismo-carretera","status":"publish","type":"post","link":"https:\/\/eldiariodesanpedro.com.ar\/sitio\/san-nicolas-comenzo-la-previa-del-turismo-carretera\/","title":{"rendered":"SAN NICOL\u00c1S | Comenz\u00f3 la previa del Turismo Carretera"},"content":{"rendered":"<!-- VideographyWP Plugin Message: Automatic video embedding prevented by plugin options. -->\n\n<p>\n\nLa previa del TC comenz\u00f3 este jueves en la Plaza Mitre con sorteo de entradas, m\u00fasica en vivo, Simulador de Carreras del Aut\u00f3dromo San Nicol\u00e1s Ciudad, la exhibici\u00f3n del auto de Josito Di Palma y la presencia del piloto de Torino, Facundo Ardusso.<\/p>\n\n\n\n<p>A las 18.15 en el restaurante Buena Madera se realiz\u00f3 la conferencia de prensa de presentaci\u00f3n de la Carrera que se realizar\u00e1 el fin de semana en nuestra ciudad. Estuvieron presentes el intendente del Aut\u00f3dromo San Nicol\u00e1s Ciudad, Sebasti\u00e1n Scollo; Roberto Argento de la ACTC y el piloto Facundo Ardusso. <\/p>\n\n\n\n<p>\n\nEl pr\u00f3ximo fin de semana se disputar\u00e1 la decimotercera fecha del calendario 2019 de Turismo Carretera en el Aut\u00f3dromo de San Nicol\u00e1s.<\/p>\n\n\n\n<p>La actividad oficial comenzar\u00e1 el viernes 11 de octubre con el primer entrenamiento, a partir de las 13:25 horas; mientras que a las 15:05 se desarrollar\u00e1 el segundo. El d\u00eda s\u00e1bado 12, desde las 11:40 horas, los autos volver\u00e1n a salir a pista para llevar a cabo la tercera pr\u00e1ctica; por su parte, a las 13:15 se disputar\u00e1 la primera clasificaci\u00f3n y a las 15:05, la segunda y ultima. El domingo 13, sera momento para las series (09:00, Serie 1 | 09:30, Serie 2 | 10:00, Serie 3) y la final, a las 13:20 horas, a 30 vueltas o 50 minutos como m\u00e1ximo. <\/p>\n\n\n\n<p>Fuente: Diario El Informante<\/p>\n","protected":false},"excerpt":{"rendered":"<p>La previa del TC comenz\u00f3 este jueves en la Plaza Mitre con sorteo de entradas, m\u00fasica en vivo, Simulador de Carreras del Aut\u00f3dromo San Nicol\u00e1s Ciudad, la exhibici\u00f3n del auto de Josito Di Palma y la presencia del piloto de Torino, Facundo Ardusso. A las 18.15 en el restaurante Buena Madera se realiz\u00f3 la conferencia [&hellip;]<\/p>\n","protected":false},"author":4,"featured_media":61842,"comment_status":"open","ping_status":"closed","sticky":false,"template":"","format":"standard","meta":{"om_disable_all_campaigns":false,"_jetpack_memberships_contains_paid_content":false,"footnotes":""},"categories":[621],"tags":[],"class_list":["post-61841","post","type-post","status-publish","format-standard","has-post-thumbnail","hentry","category-regionales"],"aioseo_notices":[],"gutentor_comment":0,"jetpack_featured_media_url":"https:\/\/eldiariodesanpedro.com.ar\/sitio\/wp-content\/uploads\/2019\/10\/no_q3mo85ogo0asmuzupraveny_IMG_20191010_213621.jpg","jetpack_shortlink":"https:\/\/wp.me\/p6RhLt-g5r","jetpack_sharing_enabled":true,"_links":{"self":[{"href":"https:\/\/eldiariodesanpedro.com.ar\/sitio\/wp-json\/wp\/v2\/posts\/61841","targetHints":{"allow":["GET"]}}],"collection":[{"href":"https:\/\/eldiariodesanpedro.com.ar\/sitio\/wp-json\/wp\/v2\/posts"}],"about":[{"href":"https:\/\/eldiariodesanpedro.com.ar\/sitio\/wp-json\/wp\/v2\/types\/post"}],"author":[{"embeddable":true,"href":"https:\/\/eldiariodesanpedro.com.ar\/sitio\/wp-json\/wp\/v2\/users\/4"}],"replies":[{"embeddable":true,"href":"https:\/\/eldiariodesanpedro.com.ar\/sitio\/wp-json\/wp\/v2\/comments?post=61841"}],"version-history":[{"count":1,"href":"https:\/\/eldiariodesanpedro.com.ar\/sitio\/wp-json\/wp\/v2\/posts\/61841\/revisions"}],"predecessor-version":[{"id":61843,"href":"https:\/\/eldiariodesanpedro.com.ar\/sitio\/wp-json\/wp\/v2\/posts\/61841\/revisions\/61843"}],"wp:featuredmedia":[{"embeddable":true,"href":"https:\/\/eldiariodesanpedro.com.ar\/sitio\/wp-json\/wp\/v2\/media\/61842"}],"wp:attachment":[{"href":"https:\/\/eldiariodesanpedro.com.ar\/sitio\/wp-json\/wp\/v2\/media?parent=61841"}],"wp:term":[{"taxonomy":"category","embeddable":true,"href":"https:\/\/eldiariodesanpedro.com.ar\/sitio\/wp-json\/wp\/v2\/categories?post=61841"},{"taxonomy":"post_tag","embeddable":true,"href":"https:\/\/eldiariodesanpedro.com.ar\/sitio\/wp-json\/wp\/v2\/tags?post=61841"}],"curies":[{"name":"wp","href":"https:\/\/api.w.org\/{rel}","templated":true}]}}