{"id":61838,"date":"2019-10-11T11:42:40","date_gmt":"2019-10-11T14:42:40","guid":{"rendered":"https:\/\/eldiariodesanpedro.com.ar\/sitio\/?p=61838"},"modified":"2019-10-11T11:42:45","modified_gmt":"2019-10-11T14:42:45","slug":"restriccion-de-transito-pesado-por-el-fin-de-semana-largo","status":"publish","type":"post","link":"https:\/\/eldiariodesanpedro.com.ar\/sitio\/restriccion-de-transito-pesado-por-el-fin-de-semana-largo\/","title":{"rendered":"Restricci\u00f3n de tr\u00e1nsito pesado por el fin de semana largo"},"content":{"rendered":"<!-- VideographyWP Plugin Message: Automatic video embedding prevented by plugin options. -->\n\n<p><strong>La Direcci\u00f3n de Vialidad bonaerense, inform\u00f3 que por la conmemoraci\u00f3n del D\u00eda del Respeto a la Diversidad Cultural los d\u00edas viernes 10, s\u00e1bado 11 y lunes 14 de octubre se restringir\u00e1 la circulaci\u00f3n de camiones con carga de m\u00e1s de siete toneladas de porte bruto en: la Autov\u00eda 2, Rutas Provinciales 11, 36, 56, 63, 74, y Autopista Buenos Aires\u2013La Plata, con el objetivo de facilitar el desplazamiento vehicular y prevenir siniestros de tr\u00e1nsito en rutas tur\u00edsticas.<\/strong><\/p>\n\n\n\n<p>Sentido a la Costa Atl\u00e1ntica<br>Viernes 11 de octubre de 18:00 a 23:59<br>S\u00e1bado 12 de octubre 06:00 a 14:00<\/p>\n\n\n\n<p>Sentido a CABA<br>Lunes 14 de octubre de 14:00 a 23:59<br><\/p>\n\n\n\n<p>Autopista Buenos Aires \u2013 La Plata<br>Desde Ciudad Aut\u00f3noma de Buenos Aires hasta la ciudad de La Plata.<\/p>\n\n\n\n<p>Ruta Provincial N\u00ba 2 (AUTOVIA 2)<br>Desde km 40,5 del Ramal Buenos Aires \u2013 Mar del Plata de la Autopista Buenos Aires \u2013 La Plata hasta el Km. 400 (Camet).<\/p>\n\n\n\n<p>Ruta Provincial N\u00ba 11<br>Desde intersecci\u00f3n con RP N\u00ba 36 (Pipinas) hasta el Km. 537 (Chapadmalal)<\/p>\n\n\n\n<p>Ruta Provincial N\u00ba 36<br>Desde Rotonda RP N\u00ba 10 (Prolongaci\u00f3n Av. 66 \u2013 La Plata) hasta la intersecci\u00f3n con RP N\u00ba 11 (Pipinas)<\/p>\n\n\n\n<p>Ruta Provincial N\u00ba 56<br>Desde su intersecci\u00f3n con la RP N\u00ba 11 (Gral. Conesa) hasta su intersecci\u00f3n con la RP N\u00ba 74 (Gral. Madariaga).<\/p>\n\n\n\n<p>Ruta Provincial N\u00ba 63<br>Desde Distribuidor de Transito con RP N\u00ba 2 (Dolores) hasta Intersecci\u00f3n con RP N\u00ba 11 (Esquina de Crotto).<\/p>\n\n\n\n<p>Ruta Provincial N\u00ba 74<br>Desde su intersecci\u00f3n con la RP N\u00ba 56 (Maipu) hasta su intersecci\u00f3n con la RP N\u00ba 11 (Pinamar).<\/p>\n\n\n\n<figure class=\"wp-block-image\"><img decoding=\"async\" data-attachment-id=\"72740\" data-permalink=\"https:\/\/eldiariodesanpedro.com.ar\/sitio\/campana-nacional-de-vacunacion-antigripal-2020\/attachment\/1579032961622\/\" data-orig-file=\"https:\/\/eldiariodesanpedro.com.ar\/sitio\/wp-content\/uploads\/2020\/04\/1579032961622.jpg\" data-orig-size=\"1920,950\" data-comments-opened=\"1\" data-image-meta=\"{&quot;aperture&quot;:&quot;0&quot;,&quot;credit&quot;:&quot;&quot;,&quot;camera&quot;:&quot;&quot;,&quot;caption&quot;:&quot;&quot;,&quot;created_timestamp&quot;:&quot;0&quot;,&quot;copyright&quot;:&quot;&quot;,&quot;focal_length&quot;:&quot;0&quot;,&quot;iso&quot;:&quot;0&quot;,&quot;shutter_speed&quot;:&quot;0&quot;,&quot;title&quot;:&quot;&quot;,&quot;orientation&quot;:&quot;0&quot;}\" data-image-title=\"1579032961622\" data-image-description=\"\" data-image-caption=\"\" data-large-file=\"https:\/\/eldiariodesanpedro.com.ar\/sitio\/wp-content\/uploads\/2020\/04\/1579032961622-1024x507.jpg\" data-src=\"https:\/\/i0.wp.com\/www.zaratealerta.com.ar\/wp-content\/uploads\/2019\/10\/placa-12.10.png?fit=1024%2C683\" alt=\"\" class=\"wp-image-72740 lazyload\" src=\"data:image\/svg+xml;base64,PHN2ZyB3aWR0aD0iMSIgaGVpZ2h0PSIxIiB4bWxucz0iaHR0cDovL3d3dy53My5vcmcvMjAwMC9zdmciPjwvc3ZnPg==\" \/><\/figure>\n\n\n\n<p>Exceptuar de toda restricci\u00f3n para circular, temporaria o permanente, a los veh\u00edculos del autotransporte de cargas menores a siete toneladas de porte bruto y a los veh\u00edculos que a continuaci\u00f3n se detallan:<\/p>\n\n\n\n<p>De transporte de leche cruda, sus productos derivados, y envases asociados, de transporte de animales vivos.<br>De transporte de pescado y mariscos congelados.<br>De transporte de productos frutihort\u00edcolas en tr\u00e1nsito.<br>De transporte exclusivo de prensa y de unidades m\u00f3viles de medios de comunicaci\u00f3n audiovisual.<br>De atenci\u00f3n de emergencias.<br>De gr\u00faas\/asistencia a veh\u00edculos averiados o accidentados, en el lugar del suceso o para su traslado al punto m\u00e1s pr\u00f3ximo a aquel donde pueda quedar depositado, y en regreso en vac\u00edo.<br>De transporte de combustible, de gas natural comprimido y gas licuado de petr\u00f3leo.<br>De transporte de gases necesarios para el funcionamiento de centros sanitarios, as\u00ed como de gases transportados a particulares para asistencias sanitarias domiciliaria, en ambos casos, cuando se acredite que se transportan a dichos destinos.<br>De transporte de medicinas.<br>De transporte de dep\u00f3sitos final de residuos s\u00f3lidos urbanos y\/o patog\u00e9nicos.<br>De transporte que deba circular en cumplimiento directo e inmediato de una orden judicial.<br>De transporte de sebo, hueso y cueros.<\/p>\n\n\n\n<p>Recomendaciones<br>Circular con las luces bajas encendidas; con la V.T.V. actualizada; respetar las velocidades m\u00e1ximas y m\u00ednimas; colocarse el cintur\u00f3n de seguridad; no sobrepasar a otro veh\u00edculo con presencia de doble l\u00ednea amarilla; los ni\u00f1os menores de 12 a\u00f1os deben viajar en el asiento trasero correctamente sujetados; haber dormido y descansado antes de emprender un viaje y no beber alcohol.<\/p>\n\n\n\n<p><strong>Fuente:&nbsp;<\/strong>Noticias Z\u00e1rate Alerta<\/p>\n","protected":false},"excerpt":{"rendered":"<p>La Direcci\u00f3n de Vialidad bonaerense, inform\u00f3 que por la conmemoraci\u00f3n del D\u00eda del Respeto a la Diversidad Cultural los d\u00edas viernes 10, s\u00e1bado 11 y lunes 14 de octubre se restringir\u00e1 la circulaci\u00f3n de camiones con carga de m\u00e1s de siete toneladas de porte bruto en: la Autov\u00eda 2, Rutas Provinciales 11, 36, 56, 63, [&hellip;]<\/p>\n","protected":false},"author":4,"featured_media":61839,"comment_status":"open","ping_status":"closed","sticky":false,"template":"","format":"standard","meta":{"om_disable_all_campaigns":false,"_jetpack_memberships_contains_paid_content":false,"footnotes":""},"categories":[621],"tags":[],"class_list":["post-61838","post","type-post","status-publish","format-standard","has-post-thumbnail","hentry","category-regionales"],"aioseo_notices":[],"gutentor_comment":0,"jetpack_featured_media_url":"https:\/\/eldiariodesanpedro.com.ar\/sitio\/wp-content\/uploads\/2019\/10\/Restricci\u00f3n-de-tr\u00e1nsito-pesado-por-el-fin-de-semana-largo.jpg","jetpack_shortlink":"https:\/\/wp.me\/p6RhLt-g5o","jetpack_sharing_enabled":true,"_links":{"self":[{"href":"https:\/\/eldiariodesanpedro.com.ar\/sitio\/wp-json\/wp\/v2\/posts\/61838","targetHints":{"allow":["GET"]}}],"collection":[{"href":"https:\/\/eldiariodesanpedro.com.ar\/sitio\/wp-json\/wp\/v2\/posts"}],"about":[{"href":"https:\/\/eldiariodesanpedro.com.ar\/sitio\/wp-json\/wp\/v2\/types\/post"}],"author":[{"embeddable":true,"href":"https:\/\/eldiariodesanpedro.com.ar\/sitio\/wp-json\/wp\/v2\/users\/4"}],"replies":[{"embeddable":true,"href":"https:\/\/eldiariodesanpedro.com.ar\/sitio\/wp-json\/wp\/v2\/comments?post=61838"}],"version-history":[{"count":1,"href":"https:\/\/eldiariodesanpedro.com.ar\/sitio\/wp-json\/wp\/v2\/posts\/61838\/revisions"}],"predecessor-version":[{"id":61840,"href":"https:\/\/eldiariodesanpedro.com.ar\/sitio\/wp-json\/wp\/v2\/posts\/61838\/revisions\/61840"}],"wp:featuredmedia":[{"embeddable":true,"href":"https:\/\/eldiariodesanpedro.com.ar\/sitio\/wp-json\/wp\/v2\/media\/61839"}],"wp:attachment":[{"href":"https:\/\/eldiariodesanpedro.com.ar\/sitio\/wp-json\/wp\/v2\/media?parent=61838"}],"wp:term":[{"taxonomy":"category","embeddable":true,"href":"https:\/\/eldiariodesanpedro.com.ar\/sitio\/wp-json\/wp\/v2\/categories?post=61838"},{"taxonomy":"post_tag","embeddable":true,"href":"https:\/\/eldiariodesanpedro.com.ar\/sitio\/wp-json\/wp\/v2\/tags?post=61838"}],"curies":[{"name":"wp","href":"https:\/\/api.w.org\/{rel}","templated":true}]}}