{"id":61835,"date":"2019-10-11T11:39:15","date_gmt":"2019-10-11T14:39:15","guid":{"rendered":"https:\/\/eldiariodesanpedro.com.ar\/sitio\/?p=61835"},"modified":"2019-10-11T11:39:19","modified_gmt":"2019-10-11T14:39:19","slug":"baradero-exitoso-under-rock-en-el-paseo-del-puerto","status":"publish","type":"post","link":"https:\/\/eldiariodesanpedro.com.ar\/sitio\/baradero-exitoso-under-rock-en-el-paseo-del-puerto\/","title":{"rendered":"BARADERO | Exitoso Under Rock en el Paseo del Puerto"},"content":{"rendered":"<!-- VideographyWP Plugin Message: Automatic video embedding prevented by plugin options. -->\n\n<p>La primera edici\u00f3n del recital de bandas locales fue una verdadera fiesta con el despliegue de 16 bandas locales que actuaron en dos escenarios y el&nbsp;<strong>espectacular cierre de Cielo Razzo.<\/strong><\/p>\n\n\n\n<p>El pasado domingo, la Municipalidad de Baradero a trav\u00e9s de la Secretar\u00eda de Cultura, Turismo, Educaci\u00f3n y Deporte mont\u00f3 dos escenarios de alto nivel para llevar adelante la primera edici\u00f3n de un espect\u00e1culo de rock brindado por m\u00fasicos baraderenses. Miles de j\u00f3venes fueron parte del primer cap\u00edtulo de un evento que se va a instalar, indudablemente, en la agenda anual.<\/p>\n\n\n\n<p>En el&nbsp;<strong>escenario 1<\/strong>&nbsp;tocaron Tango01, Bufones, Tercos, Yarar\u00e1 M\u00fasica, Ars Nova, Alter, The Ju\u00e1rez, Mezcal Roots; mientras que en el&nbsp;<strong>escenario 2<\/strong>&nbsp;hicieron lo suyo las bandas: Seminormal, La Narigona, La \u00daltima Carta, The Teleara\u00f1as, Venta de Garage, Sabeajamaica, Constante Tensi\u00f3n y Rapzodas. El cierre fue muy esperado por todos los espectadores, ya que la reconocida banda&nbsp;<strong>Cielo Razzo<\/strong>&nbsp;protagoniz\u00f3 los \u00faltimos minutos del maravilloso domingo frente al r\u00edo baraderense.<\/p>\n\n\n\n<p>Es la primera vez que el municipio concreta el\u00a0<strong><em>#UnderRock<\/em><\/strong>\u00a0y las expectativas fueron superadas ya que se cumpli\u00f3 el enorme objetivo de seguir promoviendo a los artistas locales y su material, potenciando la cultura y el turismo de la ciudad.<\/p>\n\n\n\n<p>Fuente: Tiempo Noticias<\/p>\n","protected":false},"excerpt":{"rendered":"<p>La primera edici\u00f3n del recital de bandas locales fue una verdadera fiesta con el despliegue de 16 bandas locales que actuaron en dos escenarios y el&nbsp;espectacular cierre de Cielo Razzo. El pasado domingo, la Municipalidad de Baradero a trav\u00e9s de la Secretar\u00eda de Cultura, Turismo, Educaci\u00f3n y Deporte mont\u00f3 dos escenarios de alto nivel para [&hellip;]<\/p>\n","protected":false},"author":4,"featured_media":61836,"comment_status":"open","ping_status":"closed","sticky":false,"template":"","format":"standard","meta":{"om_disable_all_campaigns":false,"_jetpack_memberships_contains_paid_content":false,"footnotes":""},"categories":[621],"tags":[],"class_list":["post-61835","post","type-post","status-publish","format-standard","has-post-thumbnail","hentry","category-regionales"],"aioseo_notices":[],"gutentor_comment":0,"jetpack_featured_media_url":"https:\/\/eldiariodesanpedro.com.ar\/sitio\/wp-content\/uploads\/2019\/10\/IMG_0333-Copy-copia-copia.jpg","jetpack_shortlink":"https:\/\/wp.me\/p6RhLt-g5l","jetpack_sharing_enabled":true,"_links":{"self":[{"href":"https:\/\/eldiariodesanpedro.com.ar\/sitio\/wp-json\/wp\/v2\/posts\/61835","targetHints":{"allow":["GET"]}}],"collection":[{"href":"https:\/\/eldiariodesanpedro.com.ar\/sitio\/wp-json\/wp\/v2\/posts"}],"about":[{"href":"https:\/\/eldiariodesanpedro.com.ar\/sitio\/wp-json\/wp\/v2\/types\/post"}],"author":[{"embeddable":true,"href":"https:\/\/eldiariodesanpedro.com.ar\/sitio\/wp-json\/wp\/v2\/users\/4"}],"replies":[{"embeddable":true,"href":"https:\/\/eldiariodesanpedro.com.ar\/sitio\/wp-json\/wp\/v2\/comments?post=61835"}],"version-history":[{"count":1,"href":"https:\/\/eldiariodesanpedro.com.ar\/sitio\/wp-json\/wp\/v2\/posts\/61835\/revisions"}],"predecessor-version":[{"id":61837,"href":"https:\/\/eldiariodesanpedro.com.ar\/sitio\/wp-json\/wp\/v2\/posts\/61835\/revisions\/61837"}],"wp:featuredmedia":[{"embeddable":true,"href":"https:\/\/eldiariodesanpedro.com.ar\/sitio\/wp-json\/wp\/v2\/media\/61836"}],"wp:attachment":[{"href":"https:\/\/eldiariodesanpedro.com.ar\/sitio\/wp-json\/wp\/v2\/media?parent=61835"}],"wp:term":[{"taxonomy":"category","embeddable":true,"href":"https:\/\/eldiariodesanpedro.com.ar\/sitio\/wp-json\/wp\/v2\/categories?post=61835"},{"taxonomy":"post_tag","embeddable":true,"href":"https:\/\/eldiariodesanpedro.com.ar\/sitio\/wp-json\/wp\/v2\/tags?post=61835"}],"curies":[{"name":"wp","href":"https:\/\/api.w.org\/{rel}","templated":true}]}}