{"id":61825,"date":"2019-10-11T11:33:56","date_gmt":"2019-10-11T14:33:56","guid":{"rendered":"https:\/\/eldiariodesanpedro.com.ar\/sitio\/?p=61825"},"modified":"2019-10-11T11:34:00","modified_gmt":"2019-10-11T14:34:00","slug":"baradero-se-suspendio-la-fiesta-del-mate","status":"publish","type":"post","link":"https:\/\/eldiariodesanpedro.com.ar\/sitio\/baradero-se-suspendio-la-fiesta-del-mate\/","title":{"rendered":"BARADERO | Se suspendi\u00f3 la Fiesta del Mate"},"content":{"rendered":"<!-- VideographyWP Plugin Message: Automatic video embedding prevented by plugin options. -->\n\n<p>Por razones clim\u00e1ticas estamos obligados a suspender la FIESTA PROVINCIAL DEL MATE programada para los d\u00edas s\u00e1bado 12, Domingo 13 y Lunes 14\/10.-<\/p>\n\n\n\n<p>La organizaci\u00f3n considera necesaria esta resoluci\u00f3n siendo que es imposible armar previamente el evento, ya que el servicio meteorol\u00f3gico anuncia tormentas durante todo el fin de semana.<\/p>\n\n\n\n<p>Secretar\u00eda de Cultura, Educaci\u00f3n, Turismo y Deportes.<\/p>\n\n\n\n<p>m\u00e1ticas estamos obligados a suspender la FIESTA PROVINCIAL DEL MATE programada para los d\u00edas s\u00e1bado 12, Domingo 13 y Lunes 14\/10.-<\/p>\n\n\n\n<p>La organizaci\u00f3n considera necesaria esta resoluci\u00f3n siendo que es imposible armar previamente el evento, ya que el servicio meteorol\u00f3gico anuncia tormentas durante todo el fin de semana.<\/p>\n\n\n\n<p>Secretar\u00eda de Cultura, Educaci\u00f3n, Turismo y Deportes.<\/p>\n","protected":false},"excerpt":{"rendered":"<p>Por razones clim\u00e1ticas estamos obligados a suspender la FIESTA PROVINCIAL DEL MATE programada para los d\u00edas s\u00e1bado 12, Domingo 13 y Lunes 14\/10.- La organizaci\u00f3n considera necesaria esta resoluci\u00f3n siendo que es imposible armar previamente el evento, ya que el servicio meteorol\u00f3gico anuncia tormentas durante todo el fin de semana. Secretar\u00eda de Cultura, Educaci\u00f3n, Turismo [&hellip;]<\/p>\n","protected":false},"author":4,"featured_media":61827,"comment_status":"open","ping_status":"closed","sticky":false,"template":"","format":"standard","meta":{"om_disable_all_campaigns":false,"_jetpack_memberships_contains_paid_content":false,"footnotes":""},"categories":[621],"tags":[],"class_list":["post-61825","post","type-post","status-publish","format-standard","has-post-thumbnail","hentry","category-regionales"],"aioseo_notices":[],"gutentor_comment":0,"jetpack_featured_media_url":"https:\/\/eldiariodesanpedro.com.ar\/sitio\/wp-content\/uploads\/2019\/10\/e5fbe7b5-1927-4453-9101-2a245e7954b3.jpg","jetpack_shortlink":"https:\/\/wp.me\/p6RhLt-g5b","jetpack_sharing_enabled":true,"_links":{"self":[{"href":"https:\/\/eldiariodesanpedro.com.ar\/sitio\/wp-json\/wp\/v2\/posts\/61825","targetHints":{"allow":["GET"]}}],"collection":[{"href":"https:\/\/eldiariodesanpedro.com.ar\/sitio\/wp-json\/wp\/v2\/posts"}],"about":[{"href":"https:\/\/eldiariodesanpedro.com.ar\/sitio\/wp-json\/wp\/v2\/types\/post"}],"author":[{"embeddable":true,"href":"https:\/\/eldiariodesanpedro.com.ar\/sitio\/wp-json\/wp\/v2\/users\/4"}],"replies":[{"embeddable":true,"href":"https:\/\/eldiariodesanpedro.com.ar\/sitio\/wp-json\/wp\/v2\/comments?post=61825"}],"version-history":[{"count":1,"href":"https:\/\/eldiariodesanpedro.com.ar\/sitio\/wp-json\/wp\/v2\/posts\/61825\/revisions"}],"predecessor-version":[{"id":61828,"href":"https:\/\/eldiariodesanpedro.com.ar\/sitio\/wp-json\/wp\/v2\/posts\/61825\/revisions\/61828"}],"wp:featuredmedia":[{"embeddable":true,"href":"https:\/\/eldiariodesanpedro.com.ar\/sitio\/wp-json\/wp\/v2\/media\/61827"}],"wp:attachment":[{"href":"https:\/\/eldiariodesanpedro.com.ar\/sitio\/wp-json\/wp\/v2\/media?parent=61825"}],"wp:term":[{"taxonomy":"category","embeddable":true,"href":"https:\/\/eldiariodesanpedro.com.ar\/sitio\/wp-json\/wp\/v2\/categories?post=61825"},{"taxonomy":"post_tag","embeddable":true,"href":"https:\/\/eldiariodesanpedro.com.ar\/sitio\/wp-json\/wp\/v2\/tags?post=61825"}],"curies":[{"name":"wp","href":"https:\/\/api.w.org\/{rel}","templated":true}]}}