{"id":61818,"date":"2019-10-11T10:21:44","date_gmt":"2019-10-11T13:21:44","guid":{"rendered":"https:\/\/eldiariodesanpedro.com.ar\/sitio\/?p=61818"},"modified":"2019-10-11T10:21:48","modified_gmt":"2019-10-11T13:21:48","slug":"se-entregaron-5-nuevos-moviles-policiales","status":"publish","type":"post","link":"https:\/\/eldiariodesanpedro.com.ar\/sitio\/se-entregaron-5-nuevos-moviles-policiales\/","title":{"rendered":"Se entregaron 5 nuevos m\u00f3viles policiales"},"content":{"rendered":"<!-- VideographyWP Plugin Message: Automatic video embedding prevented by plugin options. -->\n\n<p> El intendente Municipal recibi\u00f3 para el partido de San Pedro 5 nuevos m\u00f3viles entregados por el Ministro de Seguridad de la Provincia\u00a0lo que reforzar\u00e1 los servicios de seguridad.<\/p>\n\n\n\n<p> La presentaci\u00f3n de las camionetas\u00a0Ford Ranger 0 Km\u00a0tuvo lugar en las puertas de la Municipalidad, con la presencia de autoridades policiales, efectivos de la fuerza y funcionarios municipales.<\/p>\n\n\n\n<p>Estos patrulleros que fueron entregados vienen a reforzar el trabajo y la presencia policial en las calles del Partido, con la finalidad de mejorar la seguridad de las familias sampedrinas.<\/p>\n\n\n\n<p> Al respecto, el Intendente dijo que  \u00abrecibimos 5 m\u00f3viles policiales, siempre trabajando y preocupados por la seguridad, trabajamos mucho en la prevenci\u00f3n del delito y necesitamos los elementos para reprimirlos, las fuerzas en nuestra ciudad trabajan muy bien, tenemos buenos comisarios, se esclarecen la mayor\u00eda de los hechos, se recuperan  casi todos los elementos robados y los delincuentes son detenidos, si tenemos otras cuestiones en la justicia que lamentablemente no nos favorece mucho que es cuando le otorgan la libertad de forma inmediata y el delincuente vuelve a delinquir, pero es un tema que estamos tratando, seguimos trabajando por la seguridad\u00bb.<\/p>\n\n\n\n<p>Juan Ram\u00f3n Catalano, Jefe de Jefatura Distrital, tambi\u00e9n brindo detalles sobre la distribuci\u00f3n de los m\u00f3viles, \u00abse va a designar un m\u00f3vil a cada localidad, Gobernador Castro, Rio Tala y Santa Lucia, se va a reforzar Vuelta Obligado y los otros dos m\u00f3viles quedar\u00edan en San Pedro. Ya est\u00e1n equipados y blindados para trabajar, tenemos actualmente 6 m\u00f3viles funcionando mas la entrega\u00bb, culmin\u00f3. <\/p>\n\n\n\n<p>Tras el discurso oficial, el Intendente procedi\u00f3 a la entrega formal de los nuevos m\u00f3viles a las autoridades policiales presentes que estar\u00e1n en funcionamiento para el Comando de Patrullas del Partido.<\/p>\n\n\n\n<figure class=\"wp-block-image\"><img decoding=\"async\" width=\"1024\" height=\"576\" data-attachment-id=\"61796\" data-permalink=\"https:\/\/eldiariodesanpedro.com.ar\/sitio\/img_20191011_082248696\/\" data-orig-file=\"https:\/\/eldiariodesanpedro.com.ar\/sitio\/wp-content\/uploads\/2019\/10\/IMG_20191011_082248696.jpg\" data-orig-size=\"4160,2340\" data-comments-opened=\"1\" data-image-meta=\"{&quot;aperture&quot;:&quot;2.2&quot;,&quot;credit&quot;:&quot;&quot;,&quot;camera&quot;:&quot;motorola one&quot;,&quot;caption&quot;:&quot;&quot;,&quot;created_timestamp&quot;:&quot;1570782169&quot;,&quot;copyright&quot;:&quot;&quot;,&quot;focal_length&quot;:&quot;3.463&quot;,&quot;iso&quot;:&quot;100&quot;,&quot;shutter_speed&quot;:&quot;0.0026809651474531&quot;,&quot;title&quot;:&quot;&quot;,&quot;orientation&quot;:&quot;1&quot;}\" data-image-title=\"IMG_20191011_082248696\" data-image-description=\"\" data-image-caption=\"\" data-large-file=\"https:\/\/eldiariodesanpedro.com.ar\/sitio\/wp-content\/uploads\/2019\/10\/IMG_20191011_082248696-1024x576.jpg\" data-src=\"https:\/\/eldiariodesanpedro.com.ar\/sitio\/wp-content\/uploads\/2019\/10\/IMG_20191011_082248696-1024x576.jpg\" alt=\"\" class=\"wp-image-61796 lazyload\" data-srcset=\"https:\/\/eldiariodesanpedro.com.ar\/sitio\/wp-content\/uploads\/2019\/10\/IMG_20191011_082248696-1024x576.jpg 1024w, https:\/\/eldiariodesanpedro.com.ar\/sitio\/wp-content\/uploads\/2019\/10\/IMG_20191011_082248696-300x169.jpg 300w, https:\/\/eldiariodesanpedro.com.ar\/sitio\/wp-content\/uploads\/2019\/10\/IMG_20191011_082248696-768x432.jpg 768w\" data-sizes=\"(max-width: 1024px) 100vw, 1024px\" src=\"data:image\/svg+xml;base64,PHN2ZyB3aWR0aD0iMSIgaGVpZ2h0PSIxIiB4bWxucz0iaHR0cDovL3d3dy53My5vcmcvMjAwMC9zdmciPjwvc3ZnPg==\" style=\"--smush-placeholder-width: 1024px; --smush-placeholder-aspect-ratio: 1024\/576;\" \/><\/figure>\n\n\n\n<p>En la distribuci\u00f3n que se viene desarrollando en todo el pa\u00eds, el Ministerio de Seguridad, Cristian Ritondo explic\u00f3, \u00abel incremento de la flota de veh\u00edculos policiales hace que la Polic\u00eda acuda en menor tiempo a los llamados del 911, mejora la presencia policial en cada cuadra para estar m\u00e1s cerca de los vecinos y vecinas. Estos m\u00f3viles se suman a los m\u00e1s de 3000 que hemos entregado durante nuestra gesti\u00f3n, hoy podemos reforzar a nuestra polic\u00eda de seguridad, poniendo la seguridad en el centro de la gesti\u00f3n, llev\u00e1ndonos a dar luchas que nunca se hab\u00edan dado en la provincia, agradeciendo el acompa\u00f1amiento con mucho esfuerzo de toda la Polic\u00eda bonaerense\u201d. <\/p>\n\n\n\n<ul class=\"wp-block-gallery columns-3 is-cropped wp-block-gallery-1 is-layout-flex wp-block-gallery-is-layout-flex\"><li class=\"blocks-gallery-item\"><figure><img decoding=\"async\" width=\"1024\" height=\"576\" data-attachment-id=\"61797\" data-permalink=\"https:\/\/eldiariodesanpedro.com.ar\/sitio\/img_20191011_082337621\/\" data-orig-file=\"https:\/\/eldiariodesanpedro.com.ar\/sitio\/wp-content\/uploads\/2019\/10\/IMG_20191011_082337621.jpg\" data-orig-size=\"4160,2340\" data-comments-opened=\"1\" data-image-meta=\"{&quot;aperture&quot;:&quot;2.2&quot;,&quot;credit&quot;:&quot;&quot;,&quot;camera&quot;:&quot;motorola one&quot;,&quot;caption&quot;:&quot;&quot;,&quot;created_timestamp&quot;:&quot;1570782218&quot;,&quot;copyright&quot;:&quot;&quot;,&quot;focal_length&quot;:&quot;3.463&quot;,&quot;iso&quot;:&quot;100&quot;,&quot;shutter_speed&quot;:&quot;0.0018691588785047&quot;,&quot;title&quot;:&quot;&quot;,&quot;orientation&quot;:&quot;1&quot;}\" data-image-title=\"IMG_20191011_082337621\" data-image-description=\"\" data-image-caption=\"\" data-large-file=\"https:\/\/eldiariodesanpedro.com.ar\/sitio\/wp-content\/uploads\/2019\/10\/IMG_20191011_082337621-1024x576.jpg\" data-src=\"https:\/\/eldiariodesanpedro.com.ar\/sitio\/wp-content\/uploads\/2019\/10\/IMG_20191011_082337621-1024x576.jpg\" alt=\"\" data-id=\"61797\" data-link=\"https:\/\/eldiariodesanpedro.com.ar\/sitio\/img_20191011_082337621\/\" class=\"wp-image-61797 lazyload\" data-srcset=\"https:\/\/eldiariodesanpedro.com.ar\/sitio\/wp-content\/uploads\/2019\/10\/IMG_20191011_082337621-1024x576.jpg 1024w, https:\/\/eldiariodesanpedro.com.ar\/sitio\/wp-content\/uploads\/2019\/10\/IMG_20191011_082337621-300x169.jpg 300w, https:\/\/eldiariodesanpedro.com.ar\/sitio\/wp-content\/uploads\/2019\/10\/IMG_20191011_082337621-768x432.jpg 768w\" data-sizes=\"(max-width: 1024px) 100vw, 1024px\" src=\"data:image\/svg+xml;base64,PHN2ZyB3aWR0aD0iMSIgaGVpZ2h0PSIxIiB4bWxucz0iaHR0cDovL3d3dy53My5vcmcvMjAwMC9zdmciPjwvc3ZnPg==\" style=\"--smush-placeholder-width: 1024px; --smush-placeholder-aspect-ratio: 1024\/576;\" \/><\/figure><\/li><li class=\"blocks-gallery-item\"><figure><img decoding=\"async\" width=\"1024\" height=\"576\" data-attachment-id=\"61795\" data-permalink=\"https:\/\/eldiariodesanpedro.com.ar\/sitio\/img_20191011_082235365\/\" data-orig-file=\"https:\/\/eldiariodesanpedro.com.ar\/sitio\/wp-content\/uploads\/2019\/10\/IMG_20191011_082235365.jpg\" data-orig-size=\"4160,2340\" data-comments-opened=\"1\" data-image-meta=\"{&quot;aperture&quot;:&quot;2.2&quot;,&quot;credit&quot;:&quot;&quot;,&quot;camera&quot;:&quot;motorola one&quot;,&quot;caption&quot;:&quot;&quot;,&quot;created_timestamp&quot;:&quot;1570782155&quot;,&quot;copyright&quot;:&quot;&quot;,&quot;focal_length&quot;:&quot;3.463&quot;,&quot;iso&quot;:&quot;100&quot;,&quot;shutter_speed&quot;:&quot;0.0034843205574913&quot;,&quot;title&quot;:&quot;&quot;,&quot;orientation&quot;:&quot;1&quot;}\" data-image-title=\"IMG_20191011_082235365\" data-image-description=\"\" data-image-caption=\"\" data-large-file=\"https:\/\/eldiariodesanpedro.com.ar\/sitio\/wp-content\/uploads\/2019\/10\/IMG_20191011_082235365-1024x576.jpg\" data-src=\"https:\/\/eldiariodesanpedro.com.ar\/sitio\/wp-content\/uploads\/2019\/10\/IMG_20191011_082235365-1024x576.jpg\" alt=\"\" data-id=\"61795\" data-link=\"https:\/\/eldiariodesanpedro.com.ar\/sitio\/img_20191011_082235365\/\" class=\"wp-image-61795 lazyload\" data-srcset=\"https:\/\/eldiariodesanpedro.com.ar\/sitio\/wp-content\/uploads\/2019\/10\/IMG_20191011_082235365-1024x576.jpg 1024w, https:\/\/eldiariodesanpedro.com.ar\/sitio\/wp-content\/uploads\/2019\/10\/IMG_20191011_082235365-300x169.jpg 300w, https:\/\/eldiariodesanpedro.com.ar\/sitio\/wp-content\/uploads\/2019\/10\/IMG_20191011_082235365-768x432.jpg 768w\" data-sizes=\"(max-width: 1024px) 100vw, 1024px\" src=\"data:image\/svg+xml;base64,PHN2ZyB3aWR0aD0iMSIgaGVpZ2h0PSIxIiB4bWxucz0iaHR0cDovL3d3dy53My5vcmcvMjAwMC9zdmciPjwvc3ZnPg==\" style=\"--smush-placeholder-width: 1024px; --smush-placeholder-aspect-ratio: 1024\/576;\" \/><\/figure><\/li><li class=\"blocks-gallery-item\"><figure><img decoding=\"async\" width=\"1024\" height=\"576\" data-attachment-id=\"61794\" data-permalink=\"https:\/\/eldiariodesanpedro.com.ar\/sitio\/img_20191011_082229601\/\" data-orig-file=\"https:\/\/eldiariodesanpedro.com.ar\/sitio\/wp-content\/uploads\/2019\/10\/IMG_20191011_082229601.jpg\" data-orig-size=\"4160,2340\" data-comments-opened=\"1\" data-image-meta=\"{&quot;aperture&quot;:&quot;2.2&quot;,&quot;credit&quot;:&quot;&quot;,&quot;camera&quot;:&quot;motorola one&quot;,&quot;caption&quot;:&quot;&quot;,&quot;created_timestamp&quot;:&quot;1570782150&quot;,&quot;copyright&quot;:&quot;&quot;,&quot;focal_length&quot;:&quot;3.463&quot;,&quot;iso&quot;:&quot;100&quot;,&quot;shutter_speed&quot;:&quot;0.0021097046413502&quot;,&quot;title&quot;:&quot;&quot;,&quot;orientation&quot;:&quot;1&quot;}\" data-image-title=\"IMG_20191011_082229601\" data-image-description=\"\" data-image-caption=\"\" data-large-file=\"https:\/\/eldiariodesanpedro.com.ar\/sitio\/wp-content\/uploads\/2019\/10\/IMG_20191011_082229601-1024x576.jpg\" data-src=\"https:\/\/eldiariodesanpedro.com.ar\/sitio\/wp-content\/uploads\/2019\/10\/IMG_20191011_082229601-1024x576.jpg\" alt=\"\" data-id=\"61794\" data-link=\"https:\/\/eldiariodesanpedro.com.ar\/sitio\/img_20191011_082229601\/\" class=\"wp-image-61794 lazyload\" data-srcset=\"https:\/\/eldiariodesanpedro.com.ar\/sitio\/wp-content\/uploads\/2019\/10\/IMG_20191011_082229601-1024x576.jpg 1024w, https:\/\/eldiariodesanpedro.com.ar\/sitio\/wp-content\/uploads\/2019\/10\/IMG_20191011_082229601-300x169.jpg 300w, https:\/\/eldiariodesanpedro.com.ar\/sitio\/wp-content\/uploads\/2019\/10\/IMG_20191011_082229601-768x432.jpg 768w\" data-sizes=\"(max-width: 1024px) 100vw, 1024px\" src=\"data:image\/svg+xml;base64,PHN2ZyB3aWR0aD0iMSIgaGVpZ2h0PSIxIiB4bWxucz0iaHR0cDovL3d3dy53My5vcmcvMjAwMC9zdmciPjwvc3ZnPg==\" style=\"--smush-placeholder-width: 1024px; --smush-placeholder-aspect-ratio: 1024\/576;\" \/><\/figure><\/li><li class=\"blocks-gallery-item\"><figure><img decoding=\"async\" width=\"1024\" height=\"576\" data-attachment-id=\"61793\" data-permalink=\"https:\/\/eldiariodesanpedro.com.ar\/sitio\/img_20191011_082217883\/\" data-orig-file=\"https:\/\/eldiariodesanpedro.com.ar\/sitio\/wp-content\/uploads\/2019\/10\/IMG_20191011_082217883.jpg\" data-orig-size=\"4160,2340\" data-comments-opened=\"1\" data-image-meta=\"{&quot;aperture&quot;:&quot;2.2&quot;,&quot;credit&quot;:&quot;&quot;,&quot;camera&quot;:&quot;motorola one&quot;,&quot;caption&quot;:&quot;&quot;,&quot;created_timestamp&quot;:&quot;1570782138&quot;,&quot;copyright&quot;:&quot;&quot;,&quot;focal_length&quot;:&quot;3.463&quot;,&quot;iso&quot;:&quot;100&quot;,&quot;shutter_speed&quot;:&quot;0.0023094688221709&quot;,&quot;title&quot;:&quot;&quot;,&quot;orientation&quot;:&quot;1&quot;}\" data-image-title=\"IMG_20191011_082217883\" data-image-description=\"\" data-image-caption=\"\" data-large-file=\"https:\/\/eldiariodesanpedro.com.ar\/sitio\/wp-content\/uploads\/2019\/10\/IMG_20191011_082217883-1024x576.jpg\" data-src=\"https:\/\/eldiariodesanpedro.com.ar\/sitio\/wp-content\/uploads\/2019\/10\/IMG_20191011_082217883-1024x576.jpg\" alt=\"\" data-id=\"61793\" data-link=\"https:\/\/eldiariodesanpedro.com.ar\/sitio\/img_20191011_082217883\/\" class=\"wp-image-61793 lazyload\" data-srcset=\"https:\/\/eldiariodesanpedro.com.ar\/sitio\/wp-content\/uploads\/2019\/10\/IMG_20191011_082217883-1024x576.jpg 1024w, https:\/\/eldiariodesanpedro.com.ar\/sitio\/wp-content\/uploads\/2019\/10\/IMG_20191011_082217883-300x169.jpg 300w, https:\/\/eldiariodesanpedro.com.ar\/sitio\/wp-content\/uploads\/2019\/10\/IMG_20191011_082217883-768x432.jpg 768w\" data-sizes=\"(max-width: 1024px) 100vw, 1024px\" src=\"data:image\/svg+xml;base64,PHN2ZyB3aWR0aD0iMSIgaGVpZ2h0PSIxIiB4bWxucz0iaHR0cDovL3d3dy53My5vcmcvMjAwMC9zdmciPjwvc3ZnPg==\" style=\"--smush-placeholder-width: 1024px; --smush-placeholder-aspect-ratio: 1024\/576;\" \/><\/figure><\/li><\/ul>\n","protected":false},"excerpt":{"rendered":"<p>El intendente Municipal recibi\u00f3 para el partido de San Pedro 5 nuevos m\u00f3viles entregados por el Ministro de Seguridad de la Provincia\u00a0lo que reforzar\u00e1 los servicios de seguridad. La presentaci\u00f3n de las camionetas\u00a0Ford Ranger 0 Km\u00a0tuvo lugar en las puertas de la Municipalidad, con la presencia de autoridades policiales, efectivos de la fuerza y funcionarios [&hellip;]<\/p>\n","protected":false},"author":4,"featured_media":61793,"comment_status":"open","ping_status":"closed","sticky":false,"template":"","format":"standard","meta":{"om_disable_all_campaigns":false,"_jetpack_memberships_contains_paid_content":false,"footnotes":""},"categories":[50,2,103],"tags":[],"class_list":["post-61818","post","type-post","status-publish","format-standard","has-post-thumbnail","hentry","category-destacadas","category-locales","category-policiales-locales"],"aioseo_notices":[],"gutentor_comment":0,"jetpack_featured_media_url":"https:\/\/eldiariodesanpedro.com.ar\/sitio\/wp-content\/uploads\/2019\/10\/IMG_20191011_082217883.jpg","jetpack_shortlink":"https:\/\/wp.me\/p6RhLt-g54","jetpack_sharing_enabled":true,"_links":{"self":[{"href":"https:\/\/eldiariodesanpedro.com.ar\/sitio\/wp-json\/wp\/v2\/posts\/61818","targetHints":{"allow":["GET"]}}],"collection":[{"href":"https:\/\/eldiariodesanpedro.com.ar\/sitio\/wp-json\/wp\/v2\/posts"}],"about":[{"href":"https:\/\/eldiariodesanpedro.com.ar\/sitio\/wp-json\/wp\/v2\/types\/post"}],"author":[{"embeddable":true,"href":"https:\/\/eldiariodesanpedro.com.ar\/sitio\/wp-json\/wp\/v2\/users\/4"}],"replies":[{"embeddable":true,"href":"https:\/\/eldiariodesanpedro.com.ar\/sitio\/wp-json\/wp\/v2\/comments?post=61818"}],"version-history":[{"count":1,"href":"https:\/\/eldiariodesanpedro.com.ar\/sitio\/wp-json\/wp\/v2\/posts\/61818\/revisions"}],"predecessor-version":[{"id":61819,"href":"https:\/\/eldiariodesanpedro.com.ar\/sitio\/wp-json\/wp\/v2\/posts\/61818\/revisions\/61819"}],"wp:featuredmedia":[{"embeddable":true,"href":"https:\/\/eldiariodesanpedro.com.ar\/sitio\/wp-json\/wp\/v2\/media\/61793"}],"wp:attachment":[{"href":"https:\/\/eldiariodesanpedro.com.ar\/sitio\/wp-json\/wp\/v2\/media?parent=61818"}],"wp:term":[{"taxonomy":"category","embeddable":true,"href":"https:\/\/eldiariodesanpedro.com.ar\/sitio\/wp-json\/wp\/v2\/categories?post=61818"},{"taxonomy":"post_tag","embeddable":true,"href":"https:\/\/eldiariodesanpedro.com.ar\/sitio\/wp-json\/wp\/v2\/tags?post=61818"}],"curies":[{"name":"wp","href":"https:\/\/api.w.org\/{rel}","templated":true}]}}