{"id":61798,"date":"2019-10-11T09:38:29","date_gmt":"2019-10-11T12:38:29","guid":{"rendered":"https:\/\/eldiariodesanpedro.com.ar\/sitio\/?p=61798"},"modified":"2019-10-11T09:38:34","modified_gmt":"2019-10-11T12:38:34","slug":"ampliacion-de-red-cloacal","status":"publish","type":"post","link":"https:\/\/eldiariodesanpedro.com.ar\/sitio\/ampliacion-de-red-cloacal\/","title":{"rendered":"Ampliaci\u00f3n de red cloacal"},"content":{"rendered":"<!-- VideographyWP Plugin Message: Automatic video embedding prevented by plugin options. -->\n\n<p> Se trata de la construcci\u00f3n de una red de desag\u00fce cloacal, en calle Liniers entre Fray del Pozo y Benefactoras Sampedrinas, que permitir\u00e1 la evacuaci\u00f3n de los efluentes provenientes de la zona.<\/p>\n\n\n\n<p>Estos trabajos realizados por la Secretar\u00eda de Obras P\u00fablicas, consisten en la instalaci\u00f3n de ca\u00f1er\u00edas y conexiones domiciliarias, para brindarle mejoras y expandir los servicios a m\u00e1s 10 familias. <\/p>\n\n\n\n<ul class=\"wp-block-gallery columns-3 is-cropped wp-block-gallery-1 is-layout-flex wp-block-gallery-is-layout-flex\"><li class=\"blocks-gallery-item\"><figure><img decoding=\"async\" width=\"720\" height=\"960\" data-attachment-id=\"61799\" data-permalink=\"https:\/\/eldiariodesanpedro.com.ar\/sitio\/ampliacion-de-red-cloacal\/71776708_2507337779360882_1853982530932310016_n\/\" data-orig-file=\"https:\/\/eldiariodesanpedro.com.ar\/sitio\/wp-content\/uploads\/2019\/10\/71776708_2507337779360882_1853982530932310016_n.jpg\" data-orig-size=\"720,960\" data-comments-opened=\"1\" data-image-meta=\"{&quot;aperture&quot;:&quot;0&quot;,&quot;credit&quot;:&quot;&quot;,&quot;camera&quot;:&quot;&quot;,&quot;caption&quot;:&quot;&quot;,&quot;created_timestamp&quot;:&quot;0&quot;,&quot;copyright&quot;:&quot;&quot;,&quot;focal_length&quot;:&quot;0&quot;,&quot;iso&quot;:&quot;0&quot;,&quot;shutter_speed&quot;:&quot;0&quot;,&quot;title&quot;:&quot;&quot;,&quot;orientation&quot;:&quot;0&quot;}\" data-image-title=\"71776708_2507337779360882_1853982530932310016_n\" data-image-description=\"\" data-image-caption=\"\" data-large-file=\"https:\/\/eldiariodesanpedro.com.ar\/sitio\/wp-content\/uploads\/2019\/10\/71776708_2507337779360882_1853982530932310016_n.jpg\" data-src=\"https:\/\/eldiariodesanpedro.com.ar\/sitio\/wp-content\/uploads\/2019\/10\/71776708_2507337779360882_1853982530932310016_n.jpg\" alt=\"\" data-id=\"61799\" data-link=\"https:\/\/eldiariodesanpedro.com.ar\/sitio\/?attachment_id=61799\" class=\"wp-image-61799 lazyload\" data-srcset=\"https:\/\/eldiariodesanpedro.com.ar\/sitio\/wp-content\/uploads\/2019\/10\/71776708_2507337779360882_1853982530932310016_n.jpg 720w, https:\/\/eldiariodesanpedro.com.ar\/sitio\/wp-content\/uploads\/2019\/10\/71776708_2507337779360882_1853982530932310016_n-225x300.jpg 225w\" data-sizes=\"(max-width: 720px) 100vw, 720px\" src=\"data:image\/svg+xml;base64,PHN2ZyB3aWR0aD0iMSIgaGVpZ2h0PSIxIiB4bWxucz0iaHR0cDovL3d3dy53My5vcmcvMjAwMC9zdmciPjwvc3ZnPg==\" style=\"--smush-placeholder-width: 720px; --smush-placeholder-aspect-ratio: 720\/960;\" \/><\/figure><\/li><li class=\"blocks-gallery-item\"><figure><img decoding=\"async\" width=\"720\" height=\"960\" data-attachment-id=\"61800\" data-permalink=\"https:\/\/eldiariodesanpedro.com.ar\/sitio\/ampliacion-de-red-cloacal\/71872944_2507337579360902_1274762790422183936_n\/\" data-orig-file=\"https:\/\/eldiariodesanpedro.com.ar\/sitio\/wp-content\/uploads\/2019\/10\/71872944_2507337579360902_1274762790422183936_n.jpg\" data-orig-size=\"720,960\" data-comments-opened=\"1\" data-image-meta=\"{&quot;aperture&quot;:&quot;0&quot;,&quot;credit&quot;:&quot;&quot;,&quot;camera&quot;:&quot;&quot;,&quot;caption&quot;:&quot;&quot;,&quot;created_timestamp&quot;:&quot;0&quot;,&quot;copyright&quot;:&quot;&quot;,&quot;focal_length&quot;:&quot;0&quot;,&quot;iso&quot;:&quot;0&quot;,&quot;shutter_speed&quot;:&quot;0&quot;,&quot;title&quot;:&quot;&quot;,&quot;orientation&quot;:&quot;0&quot;}\" data-image-title=\"71872944_2507337579360902_1274762790422183936_n\" data-image-description=\"\" data-image-caption=\"\" data-large-file=\"https:\/\/eldiariodesanpedro.com.ar\/sitio\/wp-content\/uploads\/2019\/10\/71872944_2507337579360902_1274762790422183936_n.jpg\" data-src=\"https:\/\/eldiariodesanpedro.com.ar\/sitio\/wp-content\/uploads\/2019\/10\/71872944_2507337579360902_1274762790422183936_n.jpg\" alt=\"\" data-id=\"61800\" data-link=\"https:\/\/eldiariodesanpedro.com.ar\/sitio\/?attachment_id=61800\" class=\"wp-image-61800 lazyload\" data-srcset=\"https:\/\/eldiariodesanpedro.com.ar\/sitio\/wp-content\/uploads\/2019\/10\/71872944_2507337579360902_1274762790422183936_n.jpg 720w, https:\/\/eldiariodesanpedro.com.ar\/sitio\/wp-content\/uploads\/2019\/10\/71872944_2507337579360902_1274762790422183936_n-225x300.jpg 225w\" data-sizes=\"(max-width: 720px) 100vw, 720px\" src=\"data:image\/svg+xml;base64,PHN2ZyB3aWR0aD0iMSIgaGVpZ2h0PSIxIiB4bWxucz0iaHR0cDovL3d3dy53My5vcmcvMjAwMC9zdmciPjwvc3ZnPg==\" style=\"--smush-placeholder-width: 720px; --smush-placeholder-aspect-ratio: 720\/960;\" \/><\/figure><\/li><li class=\"blocks-gallery-item\"><figure><img decoding=\"async\" width=\"720\" height=\"960\" data-attachment-id=\"61801\" data-permalink=\"https:\/\/eldiariodesanpedro.com.ar\/sitio\/ampliacion-de-red-cloacal\/72056726_2507337622694231_182469851619524608_n-1\/\" data-orig-file=\"https:\/\/eldiariodesanpedro.com.ar\/sitio\/wp-content\/uploads\/2019\/10\/72056726_2507337622694231_182469851619524608_n-1.jpg\" data-orig-size=\"720,960\" data-comments-opened=\"1\" data-image-meta=\"{&quot;aperture&quot;:&quot;0&quot;,&quot;credit&quot;:&quot;&quot;,&quot;camera&quot;:&quot;&quot;,&quot;caption&quot;:&quot;&quot;,&quot;created_timestamp&quot;:&quot;0&quot;,&quot;copyright&quot;:&quot;&quot;,&quot;focal_length&quot;:&quot;0&quot;,&quot;iso&quot;:&quot;0&quot;,&quot;shutter_speed&quot;:&quot;0&quot;,&quot;title&quot;:&quot;&quot;,&quot;orientation&quot;:&quot;0&quot;}\" data-image-title=\"72056726_2507337622694231_182469851619524608_n-1\" data-image-description=\"\" data-image-caption=\"\" data-large-file=\"https:\/\/eldiariodesanpedro.com.ar\/sitio\/wp-content\/uploads\/2019\/10\/72056726_2507337622694231_182469851619524608_n-1.jpg\" data-src=\"https:\/\/eldiariodesanpedro.com.ar\/sitio\/wp-content\/uploads\/2019\/10\/72056726_2507337622694231_182469851619524608_n-1.jpg\" alt=\"\" data-id=\"61801\" data-link=\"https:\/\/eldiariodesanpedro.com.ar\/sitio\/?attachment_id=61801\" class=\"wp-image-61801 lazyload\" data-srcset=\"https:\/\/eldiariodesanpedro.com.ar\/sitio\/wp-content\/uploads\/2019\/10\/72056726_2507337622694231_182469851619524608_n-1.jpg 720w, https:\/\/eldiariodesanpedro.com.ar\/sitio\/wp-content\/uploads\/2019\/10\/72056726_2507337622694231_182469851619524608_n-1-225x300.jpg 225w\" data-sizes=\"(max-width: 720px) 100vw, 720px\" src=\"data:image\/svg+xml;base64,PHN2ZyB3aWR0aD0iMSIgaGVpZ2h0PSIxIiB4bWxucz0iaHR0cDovL3d3dy53My5vcmcvMjAwMC9zdmciPjwvc3ZnPg==\" style=\"--smush-placeholder-width: 720px; --smush-placeholder-aspect-ratio: 720\/960;\" \/><\/figure><\/li><li class=\"blocks-gallery-item\"><figure><img decoding=\"async\" data-attachment-id=\"61802\" data-permalink=\"https:\/\/eldiariodesanpedro.com.ar\/sitio\/ampliacion-de-red-cloacal\/72723135_2507337496027577_2620443539670040576_n\/\" data-orig-file=\"https:\/\/eldiariodesanpedro.com.ar\/sitio\/wp-content\/uploads\/2019\/10\/72723135_2507337496027577_2620443539670040576_n-e1570797468464.jpg\" data-orig-size=\"720,597\" data-comments-opened=\"1\" data-image-meta=\"{&quot;aperture&quot;:&quot;0&quot;,&quot;credit&quot;:&quot;&quot;,&quot;camera&quot;:&quot;&quot;,&quot;caption&quot;:&quot;&quot;,&quot;created_timestamp&quot;:&quot;0&quot;,&quot;copyright&quot;:&quot;&quot;,&quot;focal_length&quot;:&quot;0&quot;,&quot;iso&quot;:&quot;0&quot;,&quot;shutter_speed&quot;:&quot;0&quot;,&quot;title&quot;:&quot;&quot;,&quot;orientation&quot;:&quot;0&quot;}\" data-image-title=\"72723135_2507337496027577_2620443539670040576_n\" data-image-description=\"\" data-image-caption=\"\" data-large-file=\"https:\/\/eldiariodesanpedro.com.ar\/sitio\/wp-content\/uploads\/2019\/10\/72723135_2507337496027577_2620443539670040576_n-e1570797468464.jpg\" data-src=\"https:\/\/eldiariodesanpedro.com.ar\/sitio\/wp-content\/uploads\/2019\/10\/72723135_2507337496027577_2620443539670040576_n.jpg\" alt=\"\" data-id=\"61802\" data-link=\"https:\/\/eldiariodesanpedro.com.ar\/sitio\/?attachment_id=61802\" class=\"wp-image-61802 lazyload\" src=\"data:image\/svg+xml;base64,PHN2ZyB3aWR0aD0iMSIgaGVpZ2h0PSIxIiB4bWxucz0iaHR0cDovL3d3dy53My5vcmcvMjAwMC9zdmciPjwvc3ZnPg==\" style=\"--smush-placeholder-width: 720px; --smush-placeholder-aspect-ratio: 720\/960;\" \/><\/figure><\/li><\/ul>\n","protected":false},"excerpt":{"rendered":"<p>Se trata de la construcci\u00f3n de una red de desag\u00fce cloacal, en calle Liniers entre Fray del Pozo y Benefactoras Sampedrinas, que permitir\u00e1 la evacuaci\u00f3n de los efluentes provenientes de la zona. Estos trabajos realizados por la Secretar\u00eda de Obras P\u00fablicas, consisten en la instalaci\u00f3n de ca\u00f1er\u00edas y conexiones domiciliarias, para brindarle mejoras y expandir [&hellip;]<\/p>\n","protected":false},"author":4,"featured_media":61802,"comment_status":"open","ping_status":"closed","sticky":false,"template":"","format":"standard","meta":{"om_disable_all_campaigns":false,"_jetpack_memberships_contains_paid_content":false,"footnotes":""},"categories":[101,2],"tags":[],"class_list":["post-61798","post","type-post","status-publish","format-standard","has-post-thumbnail","hentry","category-interes-general-locales","category-locales"],"aioseo_notices":[],"gutentor_comment":0,"jetpack_featured_media_url":"https:\/\/eldiariodesanpedro.com.ar\/sitio\/wp-content\/uploads\/2019\/10\/72723135_2507337496027577_2620443539670040576_n-e1570797468464.jpg","jetpack_shortlink":"https:\/\/wp.me\/p6RhLt-g4K","jetpack_sharing_enabled":true,"_links":{"self":[{"href":"https:\/\/eldiariodesanpedro.com.ar\/sitio\/wp-json\/wp\/v2\/posts\/61798","targetHints":{"allow":["GET"]}}],"collection":[{"href":"https:\/\/eldiariodesanpedro.com.ar\/sitio\/wp-json\/wp\/v2\/posts"}],"about":[{"href":"https:\/\/eldiariodesanpedro.com.ar\/sitio\/wp-json\/wp\/v2\/types\/post"}],"author":[{"embeddable":true,"href":"https:\/\/eldiariodesanpedro.com.ar\/sitio\/wp-json\/wp\/v2\/users\/4"}],"replies":[{"embeddable":true,"href":"https:\/\/eldiariodesanpedro.com.ar\/sitio\/wp-json\/wp\/v2\/comments?post=61798"}],"version-history":[{"count":1,"href":"https:\/\/eldiariodesanpedro.com.ar\/sitio\/wp-json\/wp\/v2\/posts\/61798\/revisions"}],"predecessor-version":[{"id":61803,"href":"https:\/\/eldiariodesanpedro.com.ar\/sitio\/wp-json\/wp\/v2\/posts\/61798\/revisions\/61803"}],"wp:featuredmedia":[{"embeddable":true,"href":"https:\/\/eldiariodesanpedro.com.ar\/sitio\/wp-json\/wp\/v2\/media\/61802"}],"wp:attachment":[{"href":"https:\/\/eldiariodesanpedro.com.ar\/sitio\/wp-json\/wp\/v2\/media?parent=61798"}],"wp:term":[{"taxonomy":"category","embeddable":true,"href":"https:\/\/eldiariodesanpedro.com.ar\/sitio\/wp-json\/wp\/v2\/categories?post=61798"},{"taxonomy":"post_tag","embeddable":true,"href":"https:\/\/eldiariodesanpedro.com.ar\/sitio\/wp-json\/wp\/v2\/tags?post=61798"}],"curies":[{"name":"wp","href":"https:\/\/api.w.org\/{rel}","templated":true}]}}