{"id":61773,"date":"2019-10-10T18:51:50","date_gmt":"2019-10-10T21:51:50","guid":{"rendered":"https:\/\/eldiariodesanpedro.com.ar\/sitio\/?p=61773"},"modified":"2019-10-10T18:51:54","modified_gmt":"2019-10-10T21:51:54","slug":"el-intendente-salazar-respaldo-el-torneo-infantil-femenino","status":"publish","type":"post","link":"https:\/\/eldiariodesanpedro.com.ar\/sitio\/el-intendente-salazar-respaldo-el-torneo-infantil-femenino\/","title":{"rendered":"El Intendente Salazar respald\u00f3 el Torneo Infantil Femenino"},"content":{"rendered":"<!-- VideographyWP Plugin Message: Automatic video embedding prevented by plugin options. -->\n\n<p>Tras el anuncio oficial y la conformidad de los clubes afiliados, el Intendente Municipal Cecilio Salazar particip\u00f3 de una reuni\u00f3n informativa con las autoridades de esta Liga. <\/p>\n\n\n\n<p>En la misma el mandatario se interioriz\u00f3 sobre el certamen que comenzar\u00e1 en febrero del 2020 y respald\u00f3 la realizaci\u00f3n del 1er. <\/p>\n\n\n\n<p>Torneo de F\u00fatbol Infantil Femenino y su continuidad con dos categor\u00edas a lo largo de ese a\u00f1o.<\/p>\n\n\n\n<p>En su visita a nuestras instalaciones lo hizo acompa\u00f1ado por el Director de Deportes, Prof. Ramiro S\u00e1nchez Negrete y la Prof. Silvana Brambilla, integrante del equipo de trabajo del Jefe comunal, quien adem\u00e1s se desempe\u00f1a como jugadora y entrenadora de f\u00fatbol femenino de las categor\u00edas infantiles, cadetes y juveniles de Paran\u00e1 FC.<\/p>\n\n\n\n<p>Salazar en la charla con la Comisi\u00f3n Directiva resalt\u00f3 la importancia de haber integrado a las ni\u00f1as de entre 6 y 12 a\u00f1os a los Torneos organizados por esta Liga que ya cuenta con 58 a\u00f1os de trayectoria y trabajo ininterrumpido con el f\u00fatbol infantil.<\/p>\n\n\n\n<ul class=\"wp-block-gallery columns-2 is-cropped wp-block-gallery-1 is-layout-flex wp-block-gallery-is-layout-flex\"><li class=\"blocks-gallery-item\"><figure><img decoding=\"async\" width=\"960\" height=\"720\" data-attachment-id=\"61774\" data-permalink=\"https:\/\/eldiariodesanpedro.com.ar\/sitio\/el-intendente-salazar-respaldo-el-torneo-infantil-femenino\/71712613_1575122105963071_1820575785677750272_n\/\" data-orig-file=\"https:\/\/eldiariodesanpedro.com.ar\/sitio\/wp-content\/uploads\/2019\/10\/71712613_1575122105963071_1820575785677750272_n.jpg\" data-orig-size=\"960,720\" data-comments-opened=\"1\" data-image-meta=\"{&quot;aperture&quot;:&quot;0&quot;,&quot;credit&quot;:&quot;&quot;,&quot;camera&quot;:&quot;&quot;,&quot;caption&quot;:&quot;&quot;,&quot;created_timestamp&quot;:&quot;0&quot;,&quot;copyright&quot;:&quot;&quot;,&quot;focal_length&quot;:&quot;0&quot;,&quot;iso&quot;:&quot;0&quot;,&quot;shutter_speed&quot;:&quot;0&quot;,&quot;title&quot;:&quot;&quot;,&quot;orientation&quot;:&quot;0&quot;}\" data-image-title=\"71712613_1575122105963071_1820575785677750272_n\" data-image-description=\"\" data-image-caption=\"\" data-large-file=\"https:\/\/eldiariodesanpedro.com.ar\/sitio\/wp-content\/uploads\/2019\/10\/71712613_1575122105963071_1820575785677750272_n.jpg\" data-src=\"https:\/\/eldiariodesanpedro.com.ar\/sitio\/wp-content\/uploads\/2019\/10\/71712613_1575122105963071_1820575785677750272_n.jpg\" alt=\"\" data-id=\"61774\" data-link=\"https:\/\/eldiariodesanpedro.com.ar\/sitio\/?attachment_id=61774\" class=\"wp-image-61774 lazyload\" data-srcset=\"https:\/\/eldiariodesanpedro.com.ar\/sitio\/wp-content\/uploads\/2019\/10\/71712613_1575122105963071_1820575785677750272_n.jpg 960w, https:\/\/eldiariodesanpedro.com.ar\/sitio\/wp-content\/uploads\/2019\/10\/71712613_1575122105963071_1820575785677750272_n-300x225.jpg 300w, https:\/\/eldiariodesanpedro.com.ar\/sitio\/wp-content\/uploads\/2019\/10\/71712613_1575122105963071_1820575785677750272_n-768x576.jpg 768w\" data-sizes=\"(max-width: 960px) 100vw, 960px\" src=\"data:image\/svg+xml;base64,PHN2ZyB3aWR0aD0iMSIgaGVpZ2h0PSIxIiB4bWxucz0iaHR0cDovL3d3dy53My5vcmcvMjAwMC9zdmciPjwvc3ZnPg==\" style=\"--smush-placeholder-width: 960px; --smush-placeholder-aspect-ratio: 960\/720;\" \/><\/figure><\/li><li class=\"blocks-gallery-item\"><figure><img decoding=\"async\" width=\"960\" height=\"720\" data-attachment-id=\"61775\" data-permalink=\"https:\/\/eldiariodesanpedro.com.ar\/sitio\/el-intendente-salazar-respaldo-el-torneo-infantil-femenino\/72421511_1575122142629734_4357143656348516352_n\/\" data-orig-file=\"https:\/\/eldiariodesanpedro.com.ar\/sitio\/wp-content\/uploads\/2019\/10\/72421511_1575122142629734_4357143656348516352_n.jpg\" data-orig-size=\"960,720\" data-comments-opened=\"1\" data-image-meta=\"{&quot;aperture&quot;:&quot;0&quot;,&quot;credit&quot;:&quot;&quot;,&quot;camera&quot;:&quot;&quot;,&quot;caption&quot;:&quot;&quot;,&quot;created_timestamp&quot;:&quot;0&quot;,&quot;copyright&quot;:&quot;&quot;,&quot;focal_length&quot;:&quot;0&quot;,&quot;iso&quot;:&quot;0&quot;,&quot;shutter_speed&quot;:&quot;0&quot;,&quot;title&quot;:&quot;&quot;,&quot;orientation&quot;:&quot;0&quot;}\" data-image-title=\"72421511_1575122142629734_4357143656348516352_n\" data-image-description=\"\" data-image-caption=\"\" data-large-file=\"https:\/\/eldiariodesanpedro.com.ar\/sitio\/wp-content\/uploads\/2019\/10\/72421511_1575122142629734_4357143656348516352_n.jpg\" data-src=\"https:\/\/eldiariodesanpedro.com.ar\/sitio\/wp-content\/uploads\/2019\/10\/72421511_1575122142629734_4357143656348516352_n.jpg\" alt=\"\" data-id=\"61775\" data-link=\"https:\/\/eldiariodesanpedro.com.ar\/sitio\/?attachment_id=61775\" class=\"wp-image-61775 lazyload\" data-srcset=\"https:\/\/eldiariodesanpedro.com.ar\/sitio\/wp-content\/uploads\/2019\/10\/72421511_1575122142629734_4357143656348516352_n.jpg 960w, https:\/\/eldiariodesanpedro.com.ar\/sitio\/wp-content\/uploads\/2019\/10\/72421511_1575122142629734_4357143656348516352_n-300x225.jpg 300w, https:\/\/eldiariodesanpedro.com.ar\/sitio\/wp-content\/uploads\/2019\/10\/72421511_1575122142629734_4357143656348516352_n-768x576.jpg 768w\" data-sizes=\"(max-width: 960px) 100vw, 960px\" src=\"data:image\/svg+xml;base64,PHN2ZyB3aWR0aD0iMSIgaGVpZ2h0PSIxIiB4bWxucz0iaHR0cDovL3d3dy53My5vcmcvMjAwMC9zdmciPjwvc3ZnPg==\" style=\"--smush-placeholder-width: 960px; --smush-placeholder-aspect-ratio: 960\/720;\" \/><\/figure><\/li><\/ul>\n","protected":false},"excerpt":{"rendered":"<p>Tras el anuncio oficial y la conformidad de los clubes afiliados, el Intendente Municipal Cecilio Salazar particip\u00f3 de una reuni\u00f3n informativa con las autoridades de esta Liga. En la misma el mandatario se interioriz\u00f3 sobre el certamen que comenzar\u00e1 en febrero del 2020 y respald\u00f3 la realizaci\u00f3n del 1er. Torneo de F\u00fatbol Infantil Femenino y [&hellip;]<\/p>\n","protected":false},"author":4,"featured_media":61774,"comment_status":"open","ping_status":"closed","sticky":false,"template":"","format":"standard","meta":{"om_disable_all_campaigns":false,"_jetpack_memberships_contains_paid_content":false,"footnotes":""},"categories":[101,2],"tags":[],"class_list":["post-61773","post","type-post","status-publish","format-standard","has-post-thumbnail","hentry","category-interes-general-locales","category-locales"],"aioseo_notices":[],"gutentor_comment":0,"jetpack_featured_media_url":"https:\/\/eldiariodesanpedro.com.ar\/sitio\/wp-content\/uploads\/2019\/10\/71712613_1575122105963071_1820575785677750272_n.jpg","jetpack_shortlink":"https:\/\/wp.me\/p6RhLt-g4l","jetpack_sharing_enabled":true,"_links":{"self":[{"href":"https:\/\/eldiariodesanpedro.com.ar\/sitio\/wp-json\/wp\/v2\/posts\/61773","targetHints":{"allow":["GET"]}}],"collection":[{"href":"https:\/\/eldiariodesanpedro.com.ar\/sitio\/wp-json\/wp\/v2\/posts"}],"about":[{"href":"https:\/\/eldiariodesanpedro.com.ar\/sitio\/wp-json\/wp\/v2\/types\/post"}],"author":[{"embeddable":true,"href":"https:\/\/eldiariodesanpedro.com.ar\/sitio\/wp-json\/wp\/v2\/users\/4"}],"replies":[{"embeddable":true,"href":"https:\/\/eldiariodesanpedro.com.ar\/sitio\/wp-json\/wp\/v2\/comments?post=61773"}],"version-history":[{"count":1,"href":"https:\/\/eldiariodesanpedro.com.ar\/sitio\/wp-json\/wp\/v2\/posts\/61773\/revisions"}],"predecessor-version":[{"id":61776,"href":"https:\/\/eldiariodesanpedro.com.ar\/sitio\/wp-json\/wp\/v2\/posts\/61773\/revisions\/61776"}],"wp:featuredmedia":[{"embeddable":true,"href":"https:\/\/eldiariodesanpedro.com.ar\/sitio\/wp-json\/wp\/v2\/media\/61774"}],"wp:attachment":[{"href":"https:\/\/eldiariodesanpedro.com.ar\/sitio\/wp-json\/wp\/v2\/media?parent=61773"}],"wp:term":[{"taxonomy":"category","embeddable":true,"href":"https:\/\/eldiariodesanpedro.com.ar\/sitio\/wp-json\/wp\/v2\/categories?post=61773"},{"taxonomy":"post_tag","embeddable":true,"href":"https:\/\/eldiariodesanpedro.com.ar\/sitio\/wp-json\/wp\/v2\/tags?post=61773"}],"curies":[{"name":"wp","href":"https:\/\/api.w.org\/{rel}","templated":true}]}}