{"id":61734,"date":"2019-10-10T18:19:51","date_gmt":"2019-10-10T21:19:51","guid":{"rendered":"https:\/\/eldiariodesanpedro.com.ar\/sitio\/?p=61734"},"modified":"2019-10-10T18:19:56","modified_gmt":"2019-10-10T21:19:56","slug":"nuevo-consultorio-y-refacciones-integrales-en-el-centro-de-salud-del-bajo-campodonico","status":"publish","type":"post","link":"https:\/\/eldiariodesanpedro.com.ar\/sitio\/nuevo-consultorio-y-refacciones-integrales-en-el-centro-de-salud-del-bajo-campodonico\/","title":{"rendered":"Nuevo consultorio y refacciones integrales en el Centro de Salud del Bajo Campod\u00f3nico"},"content":{"rendered":"<!-- VideographyWP Plugin Message: Automatic video embedding prevented by plugin options. -->\n\n<p>El Intendente Municipal Cecilio Salazar junto a miembros de su gabinete, autoridades del HCD y acompa\u00f1ado por ex combatientes de Malvinas presentaron oficialmente esta ma\u00f1ana las obras de refacci\u00f3n del Centro de Salud del Bajo Campod\u00f3nico y las mejoras realizadas en sus alrededores para favorecer la afluencia de los vecinos.<\/p>\n\n\n\n<p>Durante los \u00faltimos meses se reemplazaron todas las instalaciones de agua y electricidad, se cumplieron tareas reconstrucci\u00f3n y de pintura y se levant\u00f3 un nuevo consultorio para ampliar la capacidad del lugar, enclavado en el centro de una barriada muy importante, que puede recurrir all\u00ed como una instancia previa a tener que desplazarse hasta el Hospital.<\/p>\n\n\n\n<p>En el acto adem\u00e1s se impusieron nombres al acceso y calles del Centro siendo denominadas como Pasajes V\u00edctor Ales, \u00a0Veteranos de Malvinas y Submarino ARA San Juan.<\/p>\n\n\n\n<p>El Intendente Salazar habl\u00f3 en el acto de la importancia de fortalecer estas redes de contenci\u00f3n y atenci\u00f3n en los barrios como viene ocurriendo desde el comienzo de la gesti\u00f3n, con una inversi\u00f3n en infraestructura que mejora considerablemente la calidad de vida de todos los vecinos del Partido de San Pedro. <\/p>\n\n\n\n<ul class=\"wp-block-gallery columns-3 is-cropped wp-block-gallery-1 is-layout-flex wp-block-gallery-is-layout-flex\"><li class=\"blocks-gallery-item\"><figure><img decoding=\"async\" width=\"5760\" height=\"3840\" data-attachment-id=\"61735\" data-permalink=\"https:\/\/eldiariodesanpedro.com.ar\/sitio\/nuevo-consultorio-y-refacciones-integrales-en-el-centro-de-salud-del-bajo-campodonico\/bi4a6059\/\" data-orig-file=\"https:\/\/eldiariodesanpedro.com.ar\/sitio\/wp-content\/uploads\/2019\/10\/BI4A6059.jpg\" data-orig-size=\"5760,3840\" data-comments-opened=\"1\" data-image-meta=\"{&quot;aperture&quot;:&quot;5.6&quot;,&quot;credit&quot;:&quot;&quot;,&quot;camera&quot;:&quot;Canon EOS 5D Mark III&quot;,&quot;caption&quot;:&quot;&quot;,&quot;created_timestamp&quot;:&quot;1578397987&quot;,&quot;copyright&quot;:&quot;&quot;,&quot;focal_length&quot;:&quot;24&quot;,&quot;iso&quot;:&quot;400&quot;,&quot;shutter_speed&quot;:&quot;0.00625&quot;,&quot;title&quot;:&quot;&quot;,&quot;orientation&quot;:&quot;0&quot;}\" data-image-title=\"BI4A6059\" data-image-description=\"\" data-image-caption=\"\" data-large-file=\"https:\/\/eldiariodesanpedro.com.ar\/sitio\/wp-content\/uploads\/2019\/10\/BI4A6059-1024x683.jpg\" data-src=\"https:\/\/i1.wp.com\/eldiariodesanpedro.com.ar\/sitio\/wp-content\/uploads\/2019\/10\/BI4A6059.jpg?fit=660%2C440\" alt=\"\" data-id=\"61735\" data-link=\"https:\/\/eldiariodesanpedro.com.ar\/sitio\/?attachment_id=61735\" class=\"wp-image-61735 lazyload\" data-srcset=\"https:\/\/eldiariodesanpedro.com.ar\/sitio\/wp-content\/uploads\/2019\/10\/BI4A6059.jpg 5760w, https:\/\/eldiariodesanpedro.com.ar\/sitio\/wp-content\/uploads\/2019\/10\/BI4A6059-300x200.jpg 300w, https:\/\/eldiariodesanpedro.com.ar\/sitio\/wp-content\/uploads\/2019\/10\/BI4A6059-768x512.jpg 768w, https:\/\/eldiariodesanpedro.com.ar\/sitio\/wp-content\/uploads\/2019\/10\/BI4A6059-1024x683.jpg 1024w\" data-sizes=\"(max-width: 5760px) 100vw, 5760px\" src=\"data:image\/svg+xml;base64,PHN2ZyB3aWR0aD0iMSIgaGVpZ2h0PSIxIiB4bWxucz0iaHR0cDovL3d3dy53My5vcmcvMjAwMC9zdmciPjwvc3ZnPg==\" style=\"--smush-placeholder-width: 5760px; --smush-placeholder-aspect-ratio: 5760\/3840;\" \/><\/figure><\/li><li class=\"blocks-gallery-item\"><figure><img decoding=\"async\" width=\"5760\" height=\"3840\" data-attachment-id=\"61736\" data-permalink=\"https:\/\/eldiariodesanpedro.com.ar\/sitio\/nuevo-consultorio-y-refacciones-integrales-en-el-centro-de-salud-del-bajo-campodonico\/bi4a6065\/\" data-orig-file=\"https:\/\/eldiariodesanpedro.com.ar\/sitio\/wp-content\/uploads\/2019\/10\/BI4A6065.jpg\" data-orig-size=\"5760,3840\" data-comments-opened=\"1\" data-image-meta=\"{&quot;aperture&quot;:&quot;6.3&quot;,&quot;credit&quot;:&quot;&quot;,&quot;camera&quot;:&quot;Canon EOS 5D Mark III&quot;,&quot;caption&quot;:&quot;&quot;,&quot;created_timestamp&quot;:&quot;1578398035&quot;,&quot;copyright&quot;:&quot;&quot;,&quot;focal_length&quot;:&quot;24&quot;,&quot;iso&quot;:&quot;400&quot;,&quot;shutter_speed&quot;:&quot;0.005&quot;,&quot;title&quot;:&quot;&quot;,&quot;orientation&quot;:&quot;0&quot;}\" data-image-title=\"BI4A6065\" data-image-description=\"\" data-image-caption=\"\" data-large-file=\"https:\/\/eldiariodesanpedro.com.ar\/sitio\/wp-content\/uploads\/2019\/10\/BI4A6065-1024x683.jpg\" data-src=\"https:\/\/i2.wp.com\/eldiariodesanpedro.com.ar\/sitio\/wp-content\/uploads\/2019\/10\/BI4A6065.jpg?fit=660%2C440\" alt=\"\" data-id=\"61736\" data-link=\"https:\/\/eldiariodesanpedro.com.ar\/sitio\/?attachment_id=61736\" class=\"wp-image-61736 lazyload\" data-srcset=\"https:\/\/eldiariodesanpedro.com.ar\/sitio\/wp-content\/uploads\/2019\/10\/BI4A6065.jpg 5760w, https:\/\/eldiariodesanpedro.com.ar\/sitio\/wp-content\/uploads\/2019\/10\/BI4A6065-300x200.jpg 300w, https:\/\/eldiariodesanpedro.com.ar\/sitio\/wp-content\/uploads\/2019\/10\/BI4A6065-768x512.jpg 768w, https:\/\/eldiariodesanpedro.com.ar\/sitio\/wp-content\/uploads\/2019\/10\/BI4A6065-1024x683.jpg 1024w\" data-sizes=\"(max-width: 5760px) 100vw, 5760px\" src=\"data:image\/svg+xml;base64,PHN2ZyB3aWR0aD0iMSIgaGVpZ2h0PSIxIiB4bWxucz0iaHR0cDovL3d3dy53My5vcmcvMjAwMC9zdmciPjwvc3ZnPg==\" style=\"--smush-placeholder-width: 5760px; --smush-placeholder-aspect-ratio: 5760\/3840;\" \/><\/figure><\/li><li class=\"blocks-gallery-item\"><figure><img decoding=\"async\" width=\"5760\" height=\"3620\" data-attachment-id=\"61737\" data-permalink=\"https:\/\/eldiariodesanpedro.com.ar\/sitio\/nuevo-consultorio-y-refacciones-integrales-en-el-centro-de-salud-del-bajo-campodonico\/bi4a6103\/\" data-orig-file=\"https:\/\/eldiariodesanpedro.com.ar\/sitio\/wp-content\/uploads\/2019\/10\/BI4A6103.jpg\" data-orig-size=\"5760,3620\" data-comments-opened=\"1\" data-image-meta=\"{&quot;aperture&quot;:&quot;9&quot;,&quot;credit&quot;:&quot;&quot;,&quot;camera&quot;:&quot;Canon EOS 5D Mark III&quot;,&quot;caption&quot;:&quot;&quot;,&quot;created_timestamp&quot;:&quot;1578399348&quot;,&quot;copyright&quot;:&quot;&quot;,&quot;focal_length&quot;:&quot;24&quot;,&quot;iso&quot;:&quot;100&quot;,&quot;shutter_speed&quot;:&quot;0.00625&quot;,&quot;title&quot;:&quot;&quot;,&quot;orientation&quot;:&quot;0&quot;}\" data-image-title=\"BI4A6103\" data-image-description=\"\" data-image-caption=\"\" data-large-file=\"https:\/\/eldiariodesanpedro.com.ar\/sitio\/wp-content\/uploads\/2019\/10\/BI4A6103-1024x644.jpg\" data-src=\"https:\/\/i0.wp.com\/eldiariodesanpedro.com.ar\/sitio\/wp-content\/uploads\/2019\/10\/BI4A6103.jpg?fit=660%2C415\" alt=\"\" data-id=\"61737\" data-link=\"https:\/\/eldiariodesanpedro.com.ar\/sitio\/?attachment_id=61737\" class=\"wp-image-61737 lazyload\" data-srcset=\"https:\/\/eldiariodesanpedro.com.ar\/sitio\/wp-content\/uploads\/2019\/10\/BI4A6103.jpg 5760w, https:\/\/eldiariodesanpedro.com.ar\/sitio\/wp-content\/uploads\/2019\/10\/BI4A6103-300x189.jpg 300w, https:\/\/eldiariodesanpedro.com.ar\/sitio\/wp-content\/uploads\/2019\/10\/BI4A6103-768x483.jpg 768w, https:\/\/eldiariodesanpedro.com.ar\/sitio\/wp-content\/uploads\/2019\/10\/BI4A6103-1024x644.jpg 1024w\" data-sizes=\"(max-width: 5760px) 100vw, 5760px\" src=\"data:image\/svg+xml;base64,PHN2ZyB3aWR0aD0iMSIgaGVpZ2h0PSIxIiB4bWxucz0iaHR0cDovL3d3dy53My5vcmcvMjAwMC9zdmciPjwvc3ZnPg==\" style=\"--smush-placeholder-width: 5760px; --smush-placeholder-aspect-ratio: 5760\/3620;\" \/><\/figure><\/li><li class=\"blocks-gallery-item\"><figure><img decoding=\"async\" width=\"5760\" height=\"3840\" data-attachment-id=\"61738\" data-permalink=\"https:\/\/eldiariodesanpedro.com.ar\/sitio\/nuevo-consultorio-y-refacciones-integrales-en-el-centro-de-salud-del-bajo-campodonico\/bi4a6163\/\" data-orig-file=\"https:\/\/eldiariodesanpedro.com.ar\/sitio\/wp-content\/uploads\/2019\/10\/BI4A6163.jpg\" data-orig-size=\"5760,3840\" data-comments-opened=\"1\" data-image-meta=\"{&quot;aperture&quot;:&quot;20&quot;,&quot;credit&quot;:&quot;&quot;,&quot;camera&quot;:&quot;Canon EOS 5D Mark III&quot;,&quot;caption&quot;:&quot;&quot;,&quot;created_timestamp&quot;:&quot;1578400550&quot;,&quot;copyright&quot;:&quot;&quot;,&quot;focal_length&quot;:&quot;73&quot;,&quot;iso&quot;:&quot;400&quot;,&quot;shutter_speed&quot;:&quot;0.005&quot;,&quot;title&quot;:&quot;&quot;,&quot;orientation&quot;:&quot;0&quot;}\" data-image-title=\"BI4A6163\" data-image-description=\"\" data-image-caption=\"\" data-large-file=\"https:\/\/eldiariodesanpedro.com.ar\/sitio\/wp-content\/uploads\/2019\/10\/BI4A6163-1024x683.jpg\" data-src=\"https:\/\/i1.wp.com\/eldiariodesanpedro.com.ar\/sitio\/wp-content\/uploads\/2019\/10\/BI4A6163.jpg?fit=660%2C440\" alt=\"\" data-id=\"61738\" data-link=\"https:\/\/eldiariodesanpedro.com.ar\/sitio\/?attachment_id=61738\" class=\"wp-image-61738 lazyload\" data-srcset=\"https:\/\/eldiariodesanpedro.com.ar\/sitio\/wp-content\/uploads\/2019\/10\/BI4A6163.jpg 5760w, https:\/\/eldiariodesanpedro.com.ar\/sitio\/wp-content\/uploads\/2019\/10\/BI4A6163-300x200.jpg 300w, https:\/\/eldiariodesanpedro.com.ar\/sitio\/wp-content\/uploads\/2019\/10\/BI4A6163-768x512.jpg 768w, https:\/\/eldiariodesanpedro.com.ar\/sitio\/wp-content\/uploads\/2019\/10\/BI4A6163-1024x683.jpg 1024w\" data-sizes=\"(max-width: 5760px) 100vw, 5760px\" src=\"data:image\/svg+xml;base64,PHN2ZyB3aWR0aD0iMSIgaGVpZ2h0PSIxIiB4bWxucz0iaHR0cDovL3d3dy53My5vcmcvMjAwMC9zdmciPjwvc3ZnPg==\" style=\"--smush-placeholder-width: 5760px; --smush-placeholder-aspect-ratio: 5760\/3840;\" \/><\/figure><\/li><\/ul>\n\n\n\n<ul class=\"wp-block-gallery columns-3 is-cropped wp-block-gallery-2 is-layout-flex wp-block-gallery-is-layout-flex\"><li class=\"blocks-gallery-item\"><figure><img decoding=\"async\" width=\"4830\" height=\"3014\" data-attachment-id=\"61739\" data-permalink=\"https:\/\/eldiariodesanpedro.com.ar\/sitio\/nuevo-consultorio-y-refacciones-integrales-en-el-centro-de-salud-del-bajo-campodonico\/1-1-1\/\" data-orig-file=\"https:\/\/eldiariodesanpedro.com.ar\/sitio\/wp-content\/uploads\/2019\/10\/1-1-1.jpg\" data-orig-size=\"4830,3014\" data-comments-opened=\"1\" data-image-meta=\"{&quot;aperture&quot;:&quot;13&quot;,&quot;credit&quot;:&quot;&quot;,&quot;camera&quot;:&quot;Canon EOS 5D Mark III&quot;,&quot;caption&quot;:&quot;&quot;,&quot;created_timestamp&quot;:&quot;1578397828&quot;,&quot;copyright&quot;:&quot;&quot;,&quot;focal_length&quot;:&quot;24&quot;,&quot;iso&quot;:&quot;400&quot;,&quot;shutter_speed&quot;:&quot;0.005&quot;,&quot;title&quot;:&quot;&quot;,&quot;orientation&quot;:&quot;0&quot;}\" data-image-title=\"1-1-1\" data-image-description=\"\" data-image-caption=\"\" data-large-file=\"https:\/\/eldiariodesanpedro.com.ar\/sitio\/wp-content\/uploads\/2019\/10\/1-1-1-1024x639.jpg\" data-src=\"https:\/\/i1.wp.com\/eldiariodesanpedro.com.ar\/sitio\/wp-content\/uploads\/2019\/10\/1-1-1.jpg?fit=660%2C412\" alt=\"\" data-id=\"61739\" data-link=\"https:\/\/eldiariodesanpedro.com.ar\/sitio\/?attachment_id=61739\" class=\"wp-image-61739 lazyload\" data-srcset=\"https:\/\/eldiariodesanpedro.com.ar\/sitio\/wp-content\/uploads\/2019\/10\/1-1-1.jpg 4830w, https:\/\/eldiariodesanpedro.com.ar\/sitio\/wp-content\/uploads\/2019\/10\/1-1-1-300x187.jpg 300w, https:\/\/eldiariodesanpedro.com.ar\/sitio\/wp-content\/uploads\/2019\/10\/1-1-1-768x479.jpg 768w, https:\/\/eldiariodesanpedro.com.ar\/sitio\/wp-content\/uploads\/2019\/10\/1-1-1-1024x639.jpg 1024w\" data-sizes=\"(max-width: 4830px) 100vw, 4830px\" src=\"data:image\/svg+xml;base64,PHN2ZyB3aWR0aD0iMSIgaGVpZ2h0PSIxIiB4bWxucz0iaHR0cDovL3d3dy53My5vcmcvMjAwMC9zdmciPjwvc3ZnPg==\" style=\"--smush-placeholder-width: 4830px; --smush-placeholder-aspect-ratio: 4830\/3014;\" \/><\/figure><\/li><li class=\"blocks-gallery-item\"><figure><img decoding=\"async\" width=\"2048\" height=\"1365\" data-attachment-id=\"61740\" data-permalink=\"https:\/\/eldiariodesanpedro.com.ar\/sitio\/nuevo-consultorio-y-refacciones-integrales-en-el-centro-de-salud-del-bajo-campodonico\/71793170_2507769962650997_266560299048370176_o\/\" data-orig-file=\"https:\/\/eldiariodesanpedro.com.ar\/sitio\/wp-content\/uploads\/2019\/10\/71793170_2507769962650997_266560299048370176_o.jpg\" data-orig-size=\"2048,1365\" data-comments-opened=\"1\" data-image-meta=\"{&quot;aperture&quot;:&quot;0&quot;,&quot;credit&quot;:&quot;&quot;,&quot;camera&quot;:&quot;&quot;,&quot;caption&quot;:&quot;&quot;,&quot;created_timestamp&quot;:&quot;0&quot;,&quot;copyright&quot;:&quot;&quot;,&quot;focal_length&quot;:&quot;0&quot;,&quot;iso&quot;:&quot;0&quot;,&quot;shutter_speed&quot;:&quot;0&quot;,&quot;title&quot;:&quot;&quot;,&quot;orientation&quot;:&quot;0&quot;}\" data-image-title=\"71793170_2507769962650997_266560299048370176_o\" data-image-description=\"\" data-image-caption=\"\" data-large-file=\"https:\/\/eldiariodesanpedro.com.ar\/sitio\/wp-content\/uploads\/2019\/10\/71793170_2507769962650997_266560299048370176_o-1024x683.jpg\" data-src=\"https:\/\/i2.wp.com\/eldiariodesanpedro.com.ar\/sitio\/wp-content\/uploads\/2019\/10\/71793170_2507769962650997_266560299048370176_o.jpg?fit=660%2C440\" alt=\"\" data-id=\"61740\" data-link=\"https:\/\/eldiariodesanpedro.com.ar\/sitio\/?attachment_id=61740\" class=\"wp-image-61740 lazyload\" data-srcset=\"https:\/\/eldiariodesanpedro.com.ar\/sitio\/wp-content\/uploads\/2019\/10\/71793170_2507769962650997_266560299048370176_o.jpg 2048w, https:\/\/eldiariodesanpedro.com.ar\/sitio\/wp-content\/uploads\/2019\/10\/71793170_2507769962650997_266560299048370176_o-300x200.jpg 300w, https:\/\/eldiariodesanpedro.com.ar\/sitio\/wp-content\/uploads\/2019\/10\/71793170_2507769962650997_266560299048370176_o-768x512.jpg 768w, https:\/\/eldiariodesanpedro.com.ar\/sitio\/wp-content\/uploads\/2019\/10\/71793170_2507769962650997_266560299048370176_o-1024x683.jpg 1024w\" data-sizes=\"(max-width: 2048px) 100vw, 2048px\" src=\"data:image\/svg+xml;base64,PHN2ZyB3aWR0aD0iMSIgaGVpZ2h0PSIxIiB4bWxucz0iaHR0cDovL3d3dy53My5vcmcvMjAwMC9zdmciPjwvc3ZnPg==\" style=\"--smush-placeholder-width: 2048px; --smush-placeholder-aspect-ratio: 2048\/1365;\" \/><\/figure><\/li><li class=\"blocks-gallery-item\"><figure><img decoding=\"async\" width=\"1697\" height=\"1087\" data-attachment-id=\"61741\" data-permalink=\"https:\/\/eldiariodesanpedro.com.ar\/sitio\/nuevo-consultorio-y-refacciones-integrales-en-el-centro-de-salud-del-bajo-campodonico\/71818151_2507767742651219_1719263584543834112_o\/\" data-orig-file=\"https:\/\/eldiariodesanpedro.com.ar\/sitio\/wp-content\/uploads\/2019\/10\/71818151_2507767742651219_1719263584543834112_o.jpg\" data-orig-size=\"1697,1087\" data-comments-opened=\"1\" data-image-meta=\"{&quot;aperture&quot;:&quot;0&quot;,&quot;credit&quot;:&quot;&quot;,&quot;camera&quot;:&quot;&quot;,&quot;caption&quot;:&quot;&quot;,&quot;created_timestamp&quot;:&quot;0&quot;,&quot;copyright&quot;:&quot;&quot;,&quot;focal_length&quot;:&quot;0&quot;,&quot;iso&quot;:&quot;0&quot;,&quot;shutter_speed&quot;:&quot;0&quot;,&quot;title&quot;:&quot;&quot;,&quot;orientation&quot;:&quot;0&quot;}\" data-image-title=\"71818151_2507767742651219_1719263584543834112_o\" data-image-description=\"\" data-image-caption=\"\" data-large-file=\"https:\/\/eldiariodesanpedro.com.ar\/sitio\/wp-content\/uploads\/2019\/10\/71818151_2507767742651219_1719263584543834112_o-1024x656.jpg\" data-src=\"https:\/\/i0.wp.com\/eldiariodesanpedro.com.ar\/sitio\/wp-content\/uploads\/2019\/10\/71818151_2507767742651219_1719263584543834112_o.jpg?fit=660%2C423\" alt=\"\" data-id=\"61741\" data-link=\"https:\/\/eldiariodesanpedro.com.ar\/sitio\/?attachment_id=61741\" class=\"wp-image-61741 lazyload\" data-srcset=\"https:\/\/eldiariodesanpedro.com.ar\/sitio\/wp-content\/uploads\/2019\/10\/71818151_2507767742651219_1719263584543834112_o.jpg 1697w, https:\/\/eldiariodesanpedro.com.ar\/sitio\/wp-content\/uploads\/2019\/10\/71818151_2507767742651219_1719263584543834112_o-300x192.jpg 300w, https:\/\/eldiariodesanpedro.com.ar\/sitio\/wp-content\/uploads\/2019\/10\/71818151_2507767742651219_1719263584543834112_o-768x492.jpg 768w, https:\/\/eldiariodesanpedro.com.ar\/sitio\/wp-content\/uploads\/2019\/10\/71818151_2507767742651219_1719263584543834112_o-1024x656.jpg 1024w\" data-sizes=\"(max-width: 1697px) 100vw, 1697px\" src=\"data:image\/svg+xml;base64,PHN2ZyB3aWR0aD0iMSIgaGVpZ2h0PSIxIiB4bWxucz0iaHR0cDovL3d3dy53My5vcmcvMjAwMC9zdmciPjwvc3ZnPg==\" style=\"--smush-placeholder-width: 1697px; --smush-placeholder-aspect-ratio: 1697\/1087;\" \/><\/figure><\/li><li class=\"blocks-gallery-item\"><figure><img decoding=\"async\" width=\"1908\" height=\"1226\" data-attachment-id=\"61742\" data-permalink=\"https:\/\/eldiariodesanpedro.com.ar\/sitio\/nuevo-consultorio-y-refacciones-integrales-en-el-centro-de-salud-del-bajo-campodonico\/71847167_2507772722650721_2308376984083759104_o\/\" data-orig-file=\"https:\/\/eldiariodesanpedro.com.ar\/sitio\/wp-content\/uploads\/2019\/10\/71847167_2507772722650721_2308376984083759104_o.jpg\" data-orig-size=\"1908,1226\" data-comments-opened=\"1\" data-image-meta=\"{&quot;aperture&quot;:&quot;0&quot;,&quot;credit&quot;:&quot;&quot;,&quot;camera&quot;:&quot;&quot;,&quot;caption&quot;:&quot;&quot;,&quot;created_timestamp&quot;:&quot;0&quot;,&quot;copyright&quot;:&quot;&quot;,&quot;focal_length&quot;:&quot;0&quot;,&quot;iso&quot;:&quot;0&quot;,&quot;shutter_speed&quot;:&quot;0&quot;,&quot;title&quot;:&quot;&quot;,&quot;orientation&quot;:&quot;0&quot;}\" data-image-title=\"71847167_2507772722650721_2308376984083759104_o\" data-image-description=\"\" data-image-caption=\"\" data-large-file=\"https:\/\/eldiariodesanpedro.com.ar\/sitio\/wp-content\/uploads\/2019\/10\/71847167_2507772722650721_2308376984083759104_o-1024x658.jpg\" data-src=\"https:\/\/i0.wp.com\/eldiariodesanpedro.com.ar\/sitio\/wp-content\/uploads\/2019\/10\/71847167_2507772722650721_2308376984083759104_o.jpg?fit=660%2C424\" alt=\"\" data-id=\"61742\" data-link=\"https:\/\/eldiariodesanpedro.com.ar\/sitio\/?attachment_id=61742\" class=\"wp-image-61742 lazyload\" data-srcset=\"https:\/\/eldiariodesanpedro.com.ar\/sitio\/wp-content\/uploads\/2019\/10\/71847167_2507772722650721_2308376984083759104_o.jpg 1908w, https:\/\/eldiariodesanpedro.com.ar\/sitio\/wp-content\/uploads\/2019\/10\/71847167_2507772722650721_2308376984083759104_o-300x193.jpg 300w, https:\/\/eldiariodesanpedro.com.ar\/sitio\/wp-content\/uploads\/2019\/10\/71847167_2507772722650721_2308376984083759104_o-768x493.jpg 768w, https:\/\/eldiariodesanpedro.com.ar\/sitio\/wp-content\/uploads\/2019\/10\/71847167_2507772722650721_2308376984083759104_o-1024x658.jpg 1024w\" data-sizes=\"(max-width: 1908px) 100vw, 1908px\" src=\"data:image\/svg+xml;base64,PHN2ZyB3aWR0aD0iMSIgaGVpZ2h0PSIxIiB4bWxucz0iaHR0cDovL3d3dy53My5vcmcvMjAwMC9zdmciPjwvc3ZnPg==\" style=\"--smush-placeholder-width: 1908px; --smush-placeholder-aspect-ratio: 1908\/1226;\" \/><\/figure><\/li><li class=\"blocks-gallery-item\"><figure><img decoding=\"async\" width=\"2048\" height=\"1365\" data-attachment-id=\"61743\" data-permalink=\"https:\/\/eldiariodesanpedro.com.ar\/sitio\/nuevo-consultorio-y-refacciones-integrales-en-el-centro-de-salud-del-bajo-campodonico\/71901615_2507776089317051_8392747931861516288_o\/\" data-orig-file=\"https:\/\/eldiariodesanpedro.com.ar\/sitio\/wp-content\/uploads\/2019\/10\/71901615_2507776089317051_8392747931861516288_o.jpg\" data-orig-size=\"2048,1365\" data-comments-opened=\"1\" data-image-meta=\"{&quot;aperture&quot;:&quot;0&quot;,&quot;credit&quot;:&quot;&quot;,&quot;camera&quot;:&quot;&quot;,&quot;caption&quot;:&quot;&quot;,&quot;created_timestamp&quot;:&quot;0&quot;,&quot;copyright&quot;:&quot;&quot;,&quot;focal_length&quot;:&quot;0&quot;,&quot;iso&quot;:&quot;0&quot;,&quot;shutter_speed&quot;:&quot;0&quot;,&quot;title&quot;:&quot;&quot;,&quot;orientation&quot;:&quot;0&quot;}\" data-image-title=\"71901615_2507776089317051_8392747931861516288_o\" data-image-description=\"\" data-image-caption=\"\" data-large-file=\"https:\/\/eldiariodesanpedro.com.ar\/sitio\/wp-content\/uploads\/2019\/10\/71901615_2507776089317051_8392747931861516288_o-1024x683.jpg\" data-src=\"https:\/\/i0.wp.com\/eldiariodesanpedro.com.ar\/sitio\/wp-content\/uploads\/2019\/10\/71901615_2507776089317051_8392747931861516288_o.jpg?fit=660%2C440\" alt=\"\" data-id=\"61743\" data-link=\"https:\/\/eldiariodesanpedro.com.ar\/sitio\/?attachment_id=61743\" class=\"wp-image-61743 lazyload\" data-srcset=\"https:\/\/eldiariodesanpedro.com.ar\/sitio\/wp-content\/uploads\/2019\/10\/71901615_2507776089317051_8392747931861516288_o.jpg 2048w, https:\/\/eldiariodesanpedro.com.ar\/sitio\/wp-content\/uploads\/2019\/10\/71901615_2507776089317051_8392747931861516288_o-300x200.jpg 300w, https:\/\/eldiariodesanpedro.com.ar\/sitio\/wp-content\/uploads\/2019\/10\/71901615_2507776089317051_8392747931861516288_o-768x512.jpg 768w, https:\/\/eldiariodesanpedro.com.ar\/sitio\/wp-content\/uploads\/2019\/10\/71901615_2507776089317051_8392747931861516288_o-1024x683.jpg 1024w\" data-sizes=\"(max-width: 2048px) 100vw, 2048px\" src=\"data:image\/svg+xml;base64,PHN2ZyB3aWR0aD0iMSIgaGVpZ2h0PSIxIiB4bWxucz0iaHR0cDovL3d3dy53My5vcmcvMjAwMC9zdmciPjwvc3ZnPg==\" style=\"--smush-placeholder-width: 2048px; --smush-placeholder-aspect-ratio: 2048\/1365;\" \/><\/figure><\/li><li class=\"blocks-gallery-item\"><figure><img decoding=\"async\" width=\"1871\" height=\"1219\" data-attachment-id=\"61744\" data-permalink=\"https:\/\/eldiariodesanpedro.com.ar\/sitio\/nuevo-consultorio-y-refacciones-integrales-en-el-centro-de-salud-del-bajo-campodonico\/71952407_2507771625984164_8502456961562836992_o\/\" data-orig-file=\"https:\/\/eldiariodesanpedro.com.ar\/sitio\/wp-content\/uploads\/2019\/10\/71952407_2507771625984164_8502456961562836992_o.jpg\" data-orig-size=\"1871,1219\" data-comments-opened=\"1\" data-image-meta=\"{&quot;aperture&quot;:&quot;0&quot;,&quot;credit&quot;:&quot;&quot;,&quot;camera&quot;:&quot;&quot;,&quot;caption&quot;:&quot;&quot;,&quot;created_timestamp&quot;:&quot;0&quot;,&quot;copyright&quot;:&quot;&quot;,&quot;focal_length&quot;:&quot;0&quot;,&quot;iso&quot;:&quot;0&quot;,&quot;shutter_speed&quot;:&quot;0&quot;,&quot;title&quot;:&quot;&quot;,&quot;orientation&quot;:&quot;0&quot;}\" data-image-title=\"71952407_2507771625984164_8502456961562836992_o\" data-image-description=\"\" data-image-caption=\"\" data-large-file=\"https:\/\/eldiariodesanpedro.com.ar\/sitio\/wp-content\/uploads\/2019\/10\/71952407_2507771625984164_8502456961562836992_o-1024x667.jpg\" data-src=\"https:\/\/i2.wp.com\/eldiariodesanpedro.com.ar\/sitio\/wp-content\/uploads\/2019\/10\/71952407_2507771625984164_8502456961562836992_o.jpg?fit=660%2C430\" alt=\"\" data-id=\"61744\" data-link=\"https:\/\/eldiariodesanpedro.com.ar\/sitio\/?attachment_id=61744\" class=\"wp-image-61744 lazyload\" data-srcset=\"https:\/\/eldiariodesanpedro.com.ar\/sitio\/wp-content\/uploads\/2019\/10\/71952407_2507771625984164_8502456961562836992_o.jpg 1871w, https:\/\/eldiariodesanpedro.com.ar\/sitio\/wp-content\/uploads\/2019\/10\/71952407_2507771625984164_8502456961562836992_o-300x195.jpg 300w, https:\/\/eldiariodesanpedro.com.ar\/sitio\/wp-content\/uploads\/2019\/10\/71952407_2507771625984164_8502456961562836992_o-768x500.jpg 768w, https:\/\/eldiariodesanpedro.com.ar\/sitio\/wp-content\/uploads\/2019\/10\/71952407_2507771625984164_8502456961562836992_o-1024x667.jpg 1024w\" data-sizes=\"(max-width: 1871px) 100vw, 1871px\" src=\"data:image\/svg+xml;base64,PHN2ZyB3aWR0aD0iMSIgaGVpZ2h0PSIxIiB4bWxucz0iaHR0cDovL3d3dy53My5vcmcvMjAwMC9zdmciPjwvc3ZnPg==\" style=\"--smush-placeholder-width: 1871px; --smush-placeholder-aspect-ratio: 1871\/1219;\" \/><\/figure><\/li><li class=\"blocks-gallery-item\"><figure><img decoding=\"async\" width=\"2048\" height=\"1236\" data-attachment-id=\"61745\" data-permalink=\"https:\/\/eldiariodesanpedro.com.ar\/sitio\/nuevo-consultorio-y-refacciones-integrales-en-el-centro-de-salud-del-bajo-campodonico\/72061956_2507775702650423_1303293639694221312_o\/\" data-orig-file=\"https:\/\/eldiariodesanpedro.com.ar\/sitio\/wp-content\/uploads\/2019\/10\/72061956_2507775702650423_1303293639694221312_o.jpg\" data-orig-size=\"2048,1236\" data-comments-opened=\"1\" data-image-meta=\"{&quot;aperture&quot;:&quot;0&quot;,&quot;credit&quot;:&quot;&quot;,&quot;camera&quot;:&quot;&quot;,&quot;caption&quot;:&quot;&quot;,&quot;created_timestamp&quot;:&quot;0&quot;,&quot;copyright&quot;:&quot;&quot;,&quot;focal_length&quot;:&quot;0&quot;,&quot;iso&quot;:&quot;0&quot;,&quot;shutter_speed&quot;:&quot;0&quot;,&quot;title&quot;:&quot;&quot;,&quot;orientation&quot;:&quot;0&quot;}\" data-image-title=\"72061956_2507775702650423_1303293639694221312_o\" data-image-description=\"\" data-image-caption=\"\" data-large-file=\"https:\/\/eldiariodesanpedro.com.ar\/sitio\/wp-content\/uploads\/2019\/10\/72061956_2507775702650423_1303293639694221312_o-1024x618.jpg\" data-src=\"https:\/\/i2.wp.com\/eldiariodesanpedro.com.ar\/sitio\/wp-content\/uploads\/2019\/10\/72061956_2507775702650423_1303293639694221312_o.jpg?fit=660%2C398\" alt=\"\" data-id=\"61745\" data-link=\"https:\/\/eldiariodesanpedro.com.ar\/sitio\/?attachment_id=61745\" class=\"wp-image-61745 lazyload\" data-srcset=\"https:\/\/eldiariodesanpedro.com.ar\/sitio\/wp-content\/uploads\/2019\/10\/72061956_2507775702650423_1303293639694221312_o.jpg 2048w, https:\/\/eldiariodesanpedro.com.ar\/sitio\/wp-content\/uploads\/2019\/10\/72061956_2507775702650423_1303293639694221312_o-300x181.jpg 300w, https:\/\/eldiariodesanpedro.com.ar\/sitio\/wp-content\/uploads\/2019\/10\/72061956_2507775702650423_1303293639694221312_o-768x464.jpg 768w, https:\/\/eldiariodesanpedro.com.ar\/sitio\/wp-content\/uploads\/2019\/10\/72061956_2507775702650423_1303293639694221312_o-1024x618.jpg 1024w\" data-sizes=\"(max-width: 2048px) 100vw, 2048px\" src=\"data:image\/svg+xml;base64,PHN2ZyB3aWR0aD0iMSIgaGVpZ2h0PSIxIiB4bWxucz0iaHR0cDovL3d3dy53My5vcmcvMjAwMC9zdmciPjwvc3ZnPg==\" style=\"--smush-placeholder-width: 2048px; --smush-placeholder-aspect-ratio: 2048\/1236;\" \/><\/figure><\/li><li class=\"blocks-gallery-item\"><figure><img decoding=\"async\" width=\"2048\" height=\"1365\" data-attachment-id=\"61746\" data-permalink=\"https:\/\/eldiariodesanpedro.com.ar\/sitio\/nuevo-consultorio-y-refacciones-integrales-en-el-centro-de-salud-del-bajo-campodonico\/72142120_2507770569317603_9057555448479088640_o\/\" data-orig-file=\"https:\/\/eldiariodesanpedro.com.ar\/sitio\/wp-content\/uploads\/2019\/10\/72142120_2507770569317603_9057555448479088640_o.jpg\" data-orig-size=\"2048,1365\" data-comments-opened=\"1\" data-image-meta=\"{&quot;aperture&quot;:&quot;0&quot;,&quot;credit&quot;:&quot;&quot;,&quot;camera&quot;:&quot;&quot;,&quot;caption&quot;:&quot;&quot;,&quot;created_timestamp&quot;:&quot;0&quot;,&quot;copyright&quot;:&quot;&quot;,&quot;focal_length&quot;:&quot;0&quot;,&quot;iso&quot;:&quot;0&quot;,&quot;shutter_speed&quot;:&quot;0&quot;,&quot;title&quot;:&quot;&quot;,&quot;orientation&quot;:&quot;0&quot;}\" data-image-title=\"72142120_2507770569317603_9057555448479088640_o\" data-image-description=\"\" data-image-caption=\"\" data-large-file=\"https:\/\/eldiariodesanpedro.com.ar\/sitio\/wp-content\/uploads\/2019\/10\/72142120_2507770569317603_9057555448479088640_o-1024x683.jpg\" data-src=\"https:\/\/i2.wp.com\/eldiariodesanpedro.com.ar\/sitio\/wp-content\/uploads\/2019\/10\/72142120_2507770569317603_9057555448479088640_o.jpg?fit=660%2C440\" alt=\"\" data-id=\"61746\" data-link=\"https:\/\/eldiariodesanpedro.com.ar\/sitio\/?attachment_id=61746\" class=\"wp-image-61746 lazyload\" data-srcset=\"https:\/\/eldiariodesanpedro.com.ar\/sitio\/wp-content\/uploads\/2019\/10\/72142120_2507770569317603_9057555448479088640_o.jpg 2048w, https:\/\/eldiariodesanpedro.com.ar\/sitio\/wp-content\/uploads\/2019\/10\/72142120_2507770569317603_9057555448479088640_o-300x200.jpg 300w, https:\/\/eldiariodesanpedro.com.ar\/sitio\/wp-content\/uploads\/2019\/10\/72142120_2507770569317603_9057555448479088640_o-768x512.jpg 768w, https:\/\/eldiariodesanpedro.com.ar\/sitio\/wp-content\/uploads\/2019\/10\/72142120_2507770569317603_9057555448479088640_o-1024x683.jpg 1024w\" data-sizes=\"(max-width: 2048px) 100vw, 2048px\" src=\"data:image\/svg+xml;base64,PHN2ZyB3aWR0aD0iMSIgaGVpZ2h0PSIxIiB4bWxucz0iaHR0cDovL3d3dy53My5vcmcvMjAwMC9zdmciPjwvc3ZnPg==\" style=\"--smush-placeholder-width: 2048px; --smush-placeholder-aspect-ratio: 2048\/1365;\" \/><\/figure><\/li><li class=\"blocks-gallery-item\"><figure><img decoding=\"async\" width=\"2048\" height=\"1365\" data-attachment-id=\"61747\" data-permalink=\"https:\/\/eldiariodesanpedro.com.ar\/sitio\/nuevo-consultorio-y-refacciones-integrales-en-el-centro-de-salud-del-bajo-campodonico\/72144620_2507775445983782_5742550946118893568_o\/\" data-orig-file=\"https:\/\/eldiariodesanpedro.com.ar\/sitio\/wp-content\/uploads\/2019\/10\/72144620_2507775445983782_5742550946118893568_o.jpg\" data-orig-size=\"2048,1365\" data-comments-opened=\"1\" data-image-meta=\"{&quot;aperture&quot;:&quot;0&quot;,&quot;credit&quot;:&quot;&quot;,&quot;camera&quot;:&quot;&quot;,&quot;caption&quot;:&quot;&quot;,&quot;created_timestamp&quot;:&quot;0&quot;,&quot;copyright&quot;:&quot;&quot;,&quot;focal_length&quot;:&quot;0&quot;,&quot;iso&quot;:&quot;0&quot;,&quot;shutter_speed&quot;:&quot;0&quot;,&quot;title&quot;:&quot;&quot;,&quot;orientation&quot;:&quot;0&quot;}\" data-image-title=\"72144620_2507775445983782_5742550946118893568_o\" data-image-description=\"\" data-image-caption=\"\" data-large-file=\"https:\/\/eldiariodesanpedro.com.ar\/sitio\/wp-content\/uploads\/2019\/10\/72144620_2507775445983782_5742550946118893568_o-1024x683.jpg\" data-src=\"https:\/\/i0.wp.com\/eldiariodesanpedro.com.ar\/sitio\/wp-content\/uploads\/2019\/10\/72144620_2507775445983782_5742550946118893568_o.jpg?fit=660%2C440\" alt=\"\" data-id=\"61747\" data-link=\"https:\/\/eldiariodesanpedro.com.ar\/sitio\/?attachment_id=61747\" class=\"wp-image-61747 lazyload\" data-srcset=\"https:\/\/eldiariodesanpedro.com.ar\/sitio\/wp-content\/uploads\/2019\/10\/72144620_2507775445983782_5742550946118893568_o.jpg 2048w, https:\/\/eldiariodesanpedro.com.ar\/sitio\/wp-content\/uploads\/2019\/10\/72144620_2507775445983782_5742550946118893568_o-300x200.jpg 300w, https:\/\/eldiariodesanpedro.com.ar\/sitio\/wp-content\/uploads\/2019\/10\/72144620_2507775445983782_5742550946118893568_o-768x512.jpg 768w, https:\/\/eldiariodesanpedro.com.ar\/sitio\/wp-content\/uploads\/2019\/10\/72144620_2507775445983782_5742550946118893568_o-1024x683.jpg 1024w\" data-sizes=\"(max-width: 2048px) 100vw, 2048px\" src=\"data:image\/svg+xml;base64,PHN2ZyB3aWR0aD0iMSIgaGVpZ2h0PSIxIiB4bWxucz0iaHR0cDovL3d3dy53My5vcmcvMjAwMC9zdmciPjwvc3ZnPg==\" style=\"--smush-placeholder-width: 2048px; --smush-placeholder-aspect-ratio: 2048\/1365;\" \/><\/figure><\/li><li class=\"blocks-gallery-item\"><figure><img decoding=\"async\" width=\"960\" height=\"680\" data-attachment-id=\"61748\" data-permalink=\"https:\/\/eldiariodesanpedro.com.ar\/sitio\/nuevo-consultorio-y-refacciones-integrales-en-el-centro-de-salud-del-bajo-campodonico\/72348018_2507772265984100_7474269287281065984_n\/\" data-orig-file=\"https:\/\/eldiariodesanpedro.com.ar\/sitio\/wp-content\/uploads\/2019\/10\/72348018_2507772265984100_7474269287281065984_n.jpg\" data-orig-size=\"960,680\" data-comments-opened=\"1\" data-image-meta=\"{&quot;aperture&quot;:&quot;0&quot;,&quot;credit&quot;:&quot;&quot;,&quot;camera&quot;:&quot;&quot;,&quot;caption&quot;:&quot;&quot;,&quot;created_timestamp&quot;:&quot;0&quot;,&quot;copyright&quot;:&quot;&quot;,&quot;focal_length&quot;:&quot;0&quot;,&quot;iso&quot;:&quot;0&quot;,&quot;shutter_speed&quot;:&quot;0&quot;,&quot;title&quot;:&quot;&quot;,&quot;orientation&quot;:&quot;0&quot;}\" data-image-title=\"72348018_2507772265984100_7474269287281065984_n\" data-image-description=\"\" data-image-caption=\"\" data-large-file=\"https:\/\/eldiariodesanpedro.com.ar\/sitio\/wp-content\/uploads\/2019\/10\/72348018_2507772265984100_7474269287281065984_n.jpg\" data-src=\"https:\/\/eldiariodesanpedro.com.ar\/sitio\/wp-content\/uploads\/2019\/10\/72348018_2507772265984100_7474269287281065984_n.jpg\" alt=\"\" data-id=\"61748\" data-link=\"https:\/\/eldiariodesanpedro.com.ar\/sitio\/?attachment_id=61748\" class=\"wp-image-61748 lazyload\" data-srcset=\"https:\/\/eldiariodesanpedro.com.ar\/sitio\/wp-content\/uploads\/2019\/10\/72348018_2507772265984100_7474269287281065984_n.jpg 960w, https:\/\/eldiariodesanpedro.com.ar\/sitio\/wp-content\/uploads\/2019\/10\/72348018_2507772265984100_7474269287281065984_n-300x213.jpg 300w, https:\/\/eldiariodesanpedro.com.ar\/sitio\/wp-content\/uploads\/2019\/10\/72348018_2507772265984100_7474269287281065984_n-768x544.jpg 768w\" data-sizes=\"(max-width: 960px) 100vw, 960px\" src=\"data:image\/svg+xml;base64,PHN2ZyB3aWR0aD0iMSIgaGVpZ2h0PSIxIiB4bWxucz0iaHR0cDovL3d3dy53My5vcmcvMjAwMC9zdmciPjwvc3ZnPg==\" style=\"--smush-placeholder-width: 960px; --smush-placeholder-aspect-ratio: 960\/680;\" \/><\/figure><\/li><li class=\"blocks-gallery-item\"><figure><img decoding=\"async\" width=\"960\" height=\"667\" data-attachment-id=\"61749\" data-permalink=\"https:\/\/eldiariodesanpedro.com.ar\/sitio\/nuevo-consultorio-y-refacciones-integrales-en-el-centro-de-salud-del-bajo-campodonico\/72475802_2507774672650526_8577415282023202816_n\/\" data-orig-file=\"https:\/\/eldiariodesanpedro.com.ar\/sitio\/wp-content\/uploads\/2019\/10\/72475802_2507774672650526_8577415282023202816_n.jpg\" data-orig-size=\"960,667\" data-comments-opened=\"1\" data-image-meta=\"{&quot;aperture&quot;:&quot;0&quot;,&quot;credit&quot;:&quot;&quot;,&quot;camera&quot;:&quot;&quot;,&quot;caption&quot;:&quot;&quot;,&quot;created_timestamp&quot;:&quot;0&quot;,&quot;copyright&quot;:&quot;&quot;,&quot;focal_length&quot;:&quot;0&quot;,&quot;iso&quot;:&quot;0&quot;,&quot;shutter_speed&quot;:&quot;0&quot;,&quot;title&quot;:&quot;&quot;,&quot;orientation&quot;:&quot;0&quot;}\" data-image-title=\"72475802_2507774672650526_8577415282023202816_n\" data-image-description=\"\" data-image-caption=\"\" data-large-file=\"https:\/\/eldiariodesanpedro.com.ar\/sitio\/wp-content\/uploads\/2019\/10\/72475802_2507774672650526_8577415282023202816_n.jpg\" data-src=\"https:\/\/eldiariodesanpedro.com.ar\/sitio\/wp-content\/uploads\/2019\/10\/72475802_2507774672650526_8577415282023202816_n.jpg\" alt=\"\" data-id=\"61749\" data-link=\"https:\/\/eldiariodesanpedro.com.ar\/sitio\/?attachment_id=61749\" class=\"wp-image-61749 lazyload\" data-srcset=\"https:\/\/eldiariodesanpedro.com.ar\/sitio\/wp-content\/uploads\/2019\/10\/72475802_2507774672650526_8577415282023202816_n.jpg 960w, https:\/\/eldiariodesanpedro.com.ar\/sitio\/wp-content\/uploads\/2019\/10\/72475802_2507774672650526_8577415282023202816_n-300x208.jpg 300w, https:\/\/eldiariodesanpedro.com.ar\/sitio\/wp-content\/uploads\/2019\/10\/72475802_2507774672650526_8577415282023202816_n-768x534.jpg 768w, https:\/\/eldiariodesanpedro.com.ar\/sitio\/wp-content\/uploads\/2019\/10\/72475802_2507774672650526_8577415282023202816_n-392x272.jpg 392w, https:\/\/eldiariodesanpedro.com.ar\/sitio\/wp-content\/uploads\/2019\/10\/72475802_2507774672650526_8577415282023202816_n-130x90.jpg 130w\" data-sizes=\"(max-width: 960px) 100vw, 960px\" src=\"data:image\/svg+xml;base64,PHN2ZyB3aWR0aD0iMSIgaGVpZ2h0PSIxIiB4bWxucz0iaHR0cDovL3d3dy53My5vcmcvMjAwMC9zdmciPjwvc3ZnPg==\" style=\"--smush-placeholder-width: 960px; --smush-placeholder-aspect-ratio: 960\/667;\" \/><\/figure><\/li><li class=\"blocks-gallery-item\"><figure><img decoding=\"async\" width=\"960\" height=\"678\" data-attachment-id=\"61750\" data-permalink=\"https:\/\/eldiariodesanpedro.com.ar\/sitio\/nuevo-consultorio-y-refacciones-integrales-en-el-centro-de-salud-del-bajo-campodonico\/72534540_2507777072650286_5030630262489219072_n\/\" data-orig-file=\"https:\/\/eldiariodesanpedro.com.ar\/sitio\/wp-content\/uploads\/2019\/10\/72534540_2507777072650286_5030630262489219072_n.jpg\" data-orig-size=\"960,678\" data-comments-opened=\"1\" data-image-meta=\"{&quot;aperture&quot;:&quot;0&quot;,&quot;credit&quot;:&quot;&quot;,&quot;camera&quot;:&quot;&quot;,&quot;caption&quot;:&quot;&quot;,&quot;created_timestamp&quot;:&quot;0&quot;,&quot;copyright&quot;:&quot;&quot;,&quot;focal_length&quot;:&quot;0&quot;,&quot;iso&quot;:&quot;0&quot;,&quot;shutter_speed&quot;:&quot;0&quot;,&quot;title&quot;:&quot;&quot;,&quot;orientation&quot;:&quot;0&quot;}\" data-image-title=\"72534540_2507777072650286_5030630262489219072_n\" data-image-description=\"\" data-image-caption=\"\" data-large-file=\"https:\/\/eldiariodesanpedro.com.ar\/sitio\/wp-content\/uploads\/2019\/10\/72534540_2507777072650286_5030630262489219072_n.jpg\" data-src=\"https:\/\/eldiariodesanpedro.com.ar\/sitio\/wp-content\/uploads\/2019\/10\/72534540_2507777072650286_5030630262489219072_n.jpg\" alt=\"\" data-id=\"61750\" data-link=\"https:\/\/eldiariodesanpedro.com.ar\/sitio\/?attachment_id=61750\" class=\"wp-image-61750 lazyload\" data-srcset=\"https:\/\/eldiariodesanpedro.com.ar\/sitio\/wp-content\/uploads\/2019\/10\/72534540_2507777072650286_5030630262489219072_n.jpg 960w, https:\/\/eldiariodesanpedro.com.ar\/sitio\/wp-content\/uploads\/2019\/10\/72534540_2507777072650286_5030630262489219072_n-300x212.jpg 300w, https:\/\/eldiariodesanpedro.com.ar\/sitio\/wp-content\/uploads\/2019\/10\/72534540_2507777072650286_5030630262489219072_n-768x542.jpg 768w\" data-sizes=\"(max-width: 960px) 100vw, 960px\" src=\"data:image\/svg+xml;base64,PHN2ZyB3aWR0aD0iMSIgaGVpZ2h0PSIxIiB4bWxucz0iaHR0cDovL3d3dy53My5vcmcvMjAwMC9zdmciPjwvc3ZnPg==\" style=\"--smush-placeholder-width: 960px; --smush-placeholder-aspect-ratio: 960\/678;\" \/><\/figure><\/li><li class=\"blocks-gallery-item\"><figure><img decoding=\"async\" width=\"960\" height=\"670\" data-attachment-id=\"61751\" data-permalink=\"https:\/\/eldiariodesanpedro.com.ar\/sitio\/nuevo-consultorio-y-refacciones-integrales-en-el-centro-de-salud-del-bajo-campodonico\/73131631_2507770165984310_5690192069260214272_n\/\" data-orig-file=\"https:\/\/eldiariodesanpedro.com.ar\/sitio\/wp-content\/uploads\/2019\/10\/73131631_2507770165984310_5690192069260214272_n.jpg\" data-orig-size=\"960,670\" data-comments-opened=\"1\" data-image-meta=\"{&quot;aperture&quot;:&quot;0&quot;,&quot;credit&quot;:&quot;&quot;,&quot;camera&quot;:&quot;&quot;,&quot;caption&quot;:&quot;&quot;,&quot;created_timestamp&quot;:&quot;0&quot;,&quot;copyright&quot;:&quot;&quot;,&quot;focal_length&quot;:&quot;0&quot;,&quot;iso&quot;:&quot;0&quot;,&quot;shutter_speed&quot;:&quot;0&quot;,&quot;title&quot;:&quot;&quot;,&quot;orientation&quot;:&quot;0&quot;}\" data-image-title=\"73131631_2507770165984310_5690192069260214272_n\" data-image-description=\"\" data-image-caption=\"\" data-large-file=\"https:\/\/eldiariodesanpedro.com.ar\/sitio\/wp-content\/uploads\/2019\/10\/73131631_2507770165984310_5690192069260214272_n.jpg\" data-src=\"https:\/\/eldiariodesanpedro.com.ar\/sitio\/wp-content\/uploads\/2019\/10\/73131631_2507770165984310_5690192069260214272_n.jpg\" alt=\"\" data-id=\"61751\" data-link=\"https:\/\/eldiariodesanpedro.com.ar\/sitio\/?attachment_id=61751\" class=\"wp-image-61751 lazyload\" data-srcset=\"https:\/\/eldiariodesanpedro.com.ar\/sitio\/wp-content\/uploads\/2019\/10\/73131631_2507770165984310_5690192069260214272_n.jpg 960w, https:\/\/eldiariodesanpedro.com.ar\/sitio\/wp-content\/uploads\/2019\/10\/73131631_2507770165984310_5690192069260214272_n-300x209.jpg 300w, https:\/\/eldiariodesanpedro.com.ar\/sitio\/wp-content\/uploads\/2019\/10\/73131631_2507770165984310_5690192069260214272_n-768x536.jpg 768w, https:\/\/eldiariodesanpedro.com.ar\/sitio\/wp-content\/uploads\/2019\/10\/73131631_2507770165984310_5690192069260214272_n-130x90.jpg 130w\" data-sizes=\"(max-width: 960px) 100vw, 960px\" src=\"data:image\/svg+xml;base64,PHN2ZyB3aWR0aD0iMSIgaGVpZ2h0PSIxIiB4bWxucz0iaHR0cDovL3d3dy53My5vcmcvMjAwMC9zdmciPjwvc3ZnPg==\" style=\"--smush-placeholder-width: 960px; --smush-placeholder-aspect-ratio: 960\/670;\" \/><\/figure><\/li><li class=\"blocks-gallery-item\"><figure><img decoding=\"async\" width=\"1964\" height=\"1321\" data-attachment-id=\"61752\" data-permalink=\"https:\/\/eldiariodesanpedro.com.ar\/sitio\/nuevo-consultorio-y-refacciones-integrales-en-el-centro-de-salud-del-bajo-campodonico\/73164334_2507771329317527_9069038026365075456_o\/\" data-orig-file=\"https:\/\/eldiariodesanpedro.com.ar\/sitio\/wp-content\/uploads\/2019\/10\/73164334_2507771329317527_9069038026365075456_o.jpg\" data-orig-size=\"1964,1321\" data-comments-opened=\"1\" data-image-meta=\"{&quot;aperture&quot;:&quot;0&quot;,&quot;credit&quot;:&quot;&quot;,&quot;camera&quot;:&quot;&quot;,&quot;caption&quot;:&quot;&quot;,&quot;created_timestamp&quot;:&quot;0&quot;,&quot;copyright&quot;:&quot;&quot;,&quot;focal_length&quot;:&quot;0&quot;,&quot;iso&quot;:&quot;0&quot;,&quot;shutter_speed&quot;:&quot;0&quot;,&quot;title&quot;:&quot;&quot;,&quot;orientation&quot;:&quot;0&quot;}\" data-image-title=\"73164334_2507771329317527_9069038026365075456_o\" data-image-description=\"\" data-image-caption=\"\" data-large-file=\"https:\/\/eldiariodesanpedro.com.ar\/sitio\/wp-content\/uploads\/2019\/10\/73164334_2507771329317527_9069038026365075456_o-1024x689.jpg\" data-src=\"https:\/\/i0.wp.com\/eldiariodesanpedro.com.ar\/sitio\/wp-content\/uploads\/2019\/10\/73164334_2507771329317527_9069038026365075456_o.jpg?fit=660%2C444\" alt=\"\" data-id=\"61752\" data-link=\"https:\/\/eldiariodesanpedro.com.ar\/sitio\/?attachment_id=61752\" class=\"wp-image-61752 lazyload\" data-srcset=\"https:\/\/eldiariodesanpedro.com.ar\/sitio\/wp-content\/uploads\/2019\/10\/73164334_2507771329317527_9069038026365075456_o.jpg 1964w, https:\/\/eldiariodesanpedro.com.ar\/sitio\/wp-content\/uploads\/2019\/10\/73164334_2507771329317527_9069038026365075456_o-300x202.jpg 300w, https:\/\/eldiariodesanpedro.com.ar\/sitio\/wp-content\/uploads\/2019\/10\/73164334_2507771329317527_9069038026365075456_o-768x517.jpg 768w, https:\/\/eldiariodesanpedro.com.ar\/sitio\/wp-content\/uploads\/2019\/10\/73164334_2507771329317527_9069038026365075456_o-1024x689.jpg 1024w\" data-sizes=\"(max-width: 1964px) 100vw, 1964px\" src=\"data:image\/svg+xml;base64,PHN2ZyB3aWR0aD0iMSIgaGVpZ2h0PSIxIiB4bWxucz0iaHR0cDovL3d3dy53My5vcmcvMjAwMC9zdmciPjwvc3ZnPg==\" style=\"--smush-placeholder-width: 1964px; --smush-placeholder-aspect-ratio: 1964\/1321;\" \/><\/figure><\/li><li class=\"blocks-gallery-item\"><figure><img decoding=\"async\" width=\"1971\" height=\"1311\" data-attachment-id=\"61753\" data-permalink=\"https:\/\/eldiariodesanpedro.com.ar\/sitio\/nuevo-consultorio-y-refacciones-integrales-en-el-centro-de-salud-del-bajo-campodonico\/73290154_2507776705983656_4154072530237259776_o\/\" data-orig-file=\"https:\/\/eldiariodesanpedro.com.ar\/sitio\/wp-content\/uploads\/2019\/10\/73290154_2507776705983656_4154072530237259776_o.jpg\" data-orig-size=\"1971,1311\" data-comments-opened=\"1\" data-image-meta=\"{&quot;aperture&quot;:&quot;0&quot;,&quot;credit&quot;:&quot;&quot;,&quot;camera&quot;:&quot;&quot;,&quot;caption&quot;:&quot;&quot;,&quot;created_timestamp&quot;:&quot;0&quot;,&quot;copyright&quot;:&quot;&quot;,&quot;focal_length&quot;:&quot;0&quot;,&quot;iso&quot;:&quot;0&quot;,&quot;shutter_speed&quot;:&quot;0&quot;,&quot;title&quot;:&quot;&quot;,&quot;orientation&quot;:&quot;0&quot;}\" data-image-title=\"73290154_2507776705983656_4154072530237259776_o\" data-image-description=\"\" data-image-caption=\"\" data-large-file=\"https:\/\/eldiariodesanpedro.com.ar\/sitio\/wp-content\/uploads\/2019\/10\/73290154_2507776705983656_4154072530237259776_o-1024x681.jpg\" data-src=\"https:\/\/i2.wp.com\/eldiariodesanpedro.com.ar\/sitio\/wp-content\/uploads\/2019\/10\/73290154_2507776705983656_4154072530237259776_o.jpg?fit=660%2C439\" alt=\"\" data-id=\"61753\" data-link=\"https:\/\/eldiariodesanpedro.com.ar\/sitio\/?attachment_id=61753\" class=\"wp-image-61753 lazyload\" data-srcset=\"https:\/\/eldiariodesanpedro.com.ar\/sitio\/wp-content\/uploads\/2019\/10\/73290154_2507776705983656_4154072530237259776_o.jpg 1971w, https:\/\/eldiariodesanpedro.com.ar\/sitio\/wp-content\/uploads\/2019\/10\/73290154_2507776705983656_4154072530237259776_o-300x200.jpg 300w, https:\/\/eldiariodesanpedro.com.ar\/sitio\/wp-content\/uploads\/2019\/10\/73290154_2507776705983656_4154072530237259776_o-768x511.jpg 768w, https:\/\/eldiariodesanpedro.com.ar\/sitio\/wp-content\/uploads\/2019\/10\/73290154_2507776705983656_4154072530237259776_o-1024x681.jpg 1024w\" data-sizes=\"(max-width: 1971px) 100vw, 1971px\" src=\"data:image\/svg+xml;base64,PHN2ZyB3aWR0aD0iMSIgaGVpZ2h0PSIxIiB4bWxucz0iaHR0cDovL3d3dy53My5vcmcvMjAwMC9zdmciPjwvc3ZnPg==\" style=\"--smush-placeholder-width: 1971px; --smush-placeholder-aspect-ratio: 1971\/1311;\" \/><\/figure><\/li><\/ul>\n","protected":false},"excerpt":{"rendered":"<p>El Intendente Municipal Cecilio Salazar junto a miembros de su gabinete, autoridades del HCD y acompa\u00f1ado por ex combatientes de Malvinas presentaron oficialmente esta ma\u00f1ana las obras de refacci\u00f3n del Centro de Salud del Bajo Campod\u00f3nico y las mejoras realizadas en sus alrededores para favorecer la afluencia de los vecinos. Durante los \u00faltimos meses se [&hellip;]<\/p>\n","protected":false},"author":4,"featured_media":61747,"comment_status":"open","ping_status":"closed","sticky":false,"template":"","format":"standard","meta":{"om_disable_all_campaigns":false,"_jetpack_memberships_contains_paid_content":false,"footnotes":""},"categories":[50,101,2],"tags":[],"class_list":["post-61734","post","type-post","status-publish","format-standard","has-post-thumbnail","hentry","category-destacadas","category-interes-general-locales","category-locales"],"aioseo_notices":[],"gutentor_comment":0,"jetpack_featured_media_url":"https:\/\/eldiariodesanpedro.com.ar\/sitio\/wp-content\/uploads\/2019\/10\/72144620_2507775445983782_5742550946118893568_o.jpg","jetpack_shortlink":"https:\/\/wp.me\/p6RhLt-g3I","jetpack_sharing_enabled":true,"_links":{"self":[{"href":"https:\/\/eldiariodesanpedro.com.ar\/sitio\/wp-json\/wp\/v2\/posts\/61734","targetHints":{"allow":["GET"]}}],"collection":[{"href":"https:\/\/eldiariodesanpedro.com.ar\/sitio\/wp-json\/wp\/v2\/posts"}],"about":[{"href":"https:\/\/eldiariodesanpedro.com.ar\/sitio\/wp-json\/wp\/v2\/types\/post"}],"author":[{"embeddable":true,"href":"https:\/\/eldiariodesanpedro.com.ar\/sitio\/wp-json\/wp\/v2\/users\/4"}],"replies":[{"embeddable":true,"href":"https:\/\/eldiariodesanpedro.com.ar\/sitio\/wp-json\/wp\/v2\/comments?post=61734"}],"version-history":[{"count":1,"href":"https:\/\/eldiariodesanpedro.com.ar\/sitio\/wp-json\/wp\/v2\/posts\/61734\/revisions"}],"predecessor-version":[{"id":61754,"href":"https:\/\/eldiariodesanpedro.com.ar\/sitio\/wp-json\/wp\/v2\/posts\/61734\/revisions\/61754"}],"wp:featuredmedia":[{"embeddable":true,"href":"https:\/\/eldiariodesanpedro.com.ar\/sitio\/wp-json\/wp\/v2\/media\/61747"}],"wp:attachment":[{"href":"https:\/\/eldiariodesanpedro.com.ar\/sitio\/wp-json\/wp\/v2\/media?parent=61734"}],"wp:term":[{"taxonomy":"category","embeddable":true,"href":"https:\/\/eldiariodesanpedro.com.ar\/sitio\/wp-json\/wp\/v2\/categories?post=61734"},{"taxonomy":"post_tag","embeddable":true,"href":"https:\/\/eldiariodesanpedro.com.ar\/sitio\/wp-json\/wp\/v2\/tags?post=61734"}],"curies":[{"name":"wp","href":"https:\/\/api.w.org\/{rel}","templated":true}]}}