{"id":61708,"date":"2019-10-10T12:15:56","date_gmt":"2019-10-10T15:15:56","guid":{"rendered":"https:\/\/eldiariodesanpedro.com.ar\/sitio\/?p=61708"},"modified":"2019-10-10T12:16:00","modified_gmt":"2019-10-10T15:16:00","slug":"secuestran-mercaderia-a-sampedrino-acusado-de-robar-en-supermercado-de-villa-ramallo","status":"publish","type":"post","link":"https:\/\/eldiariodesanpedro.com.ar\/sitio\/secuestran-mercaderia-a-sampedrino-acusado-de-robar-en-supermercado-de-villa-ramallo\/","title":{"rendered":"Secuestran mercader\u00eda a sampedrino acusado de robar en supermercado de Villa Ramallo"},"content":{"rendered":"<!-- VideographyWP Plugin Message: Automatic video embedding prevented by plugin options. -->\n\n<p> Hubo dos operativos en nuestra ciudad y Ramallo. En ambos se pudo secuestrar mercader\u00eda y la vestimenta que fue utilizada en el momento de perpetrar el hecho. El principal sospechoso no se encontraba. El caso fue caratulado como hurto. <\/p>\n\n\n\n<p>Personal policial de la Comisar\u00eda Segunda de Ramallo, a cargo del Comisario Cristian Ponce, y de la Comisar\u00eda San Pedro, efectuaron dos allanamientos en nuestra ciudad y el partido de Ramallo.<\/p>\n\n\n\n<p>Los operativos estuvieron relacionados con el robo de mercader\u00eda valuada en 20 mil pesos perpetrado por dos personas el pasado viernes en el supermercado Mucoop de Villa Ramallo y donde el principal sospechoso de unos 48 a\u00f1os pertenece a una reconocida familia de nuestra ciudad.<\/p>\n\n\n\n<p>El allanamiento efectuado en San Pedro se llev\u00f3 a cabo en el geri\u00e1trico Abuela Betty, propiedad del acusado, ubicado sobre Boulevard Moreno 40, en pleno centro de la ciudad, mientras que el otro allanamiento se efectu\u00f3 en un pintoresco barrio cerrado llamado Q47 Lomas, ubicado en inmediaciones de la Ruta 51 y las v\u00edas del ferrocarril Mitre, sobre el ingreso a la localidad de Ramallo.<\/p>\n\n\n\n<p>Los resultados de los allanamientos fueron positivos ya que en el geri\u00e1trico se secuestr\u00f3 la vestimenta que llevaba el ladr\u00f3n al momento de protagonizar el hecho, mientras que en la casa de Ramallo se incaut\u00f3 una gran cantidad de mercader\u00eda que fue parte de lo sustra\u00eddo el viernes en el supermercado Mucoop. &nbsp;<\/p>\n\n\n\n<p>El sospechoso no se encontraba en ninguno de los lugares en donde se efectuaron los operativos, pero gracias a las filmaciones de las c\u00e1maras de seguridad el personal del comercio robado pudo identificarlo.<\/p>\n\n\n\n<p>En el hecho se pudo advertir que eran dos las personas que trasladan los changuitos y depositan la mercader\u00eda en una camioneta VW Amarok, de todos modos no se tom\u00f3&nbsp; ninguna medida para con el otro sujeto quien ser\u00eda familiar del principal imputado.<\/p>\n\n\n\n<p>Seg\u00fan se pudo establecer no es la primera vez que esta persona aparece involucrada en hechos de este tipo, de todos modos permanecer\u00e1 en libertad porque el il\u00edcito fue caratulado por la Ufi 4 de San Nicol\u00e1s como \u201cHurto\u201d. \u00a0<\/p>\n\n\n\n<figure class=\"wp-block-video\"><video height=\"480\" style=\"aspect-ratio: 864 \/ 480;\" width=\"864\" controls src=\"https:\/\/eldiariodesanpedro.com.ar\/sitio\/wp-content\/uploads\/2019\/10\/WhatsApp-Video-2019-10-09-at-20.54.10-1.mp4\"><\/video><\/figure>\n\n\n\n<figure class=\"wp-block-image\"><img decoding=\"async\" width=\"1024\" height=\"768\" data-attachment-id=\"61709\" data-permalink=\"https:\/\/eldiariodesanpedro.com.ar\/sitio\/secuestran-mercaderia-a-sampedrino-acusado-de-robar-en-supermercado-de-villa-ramallo\/attachment\/000080318\/\" data-orig-file=\"https:\/\/eldiariodesanpedro.com.ar\/sitio\/wp-content\/uploads\/2019\/10\/000080318.jpg\" data-orig-size=\"1024,768\" data-comments-opened=\"1\" data-image-meta=\"{&quot;aperture&quot;:&quot;0&quot;,&quot;credit&quot;:&quot;&quot;,&quot;camera&quot;:&quot;&quot;,&quot;caption&quot;:&quot;&quot;,&quot;created_timestamp&quot;:&quot;0&quot;,&quot;copyright&quot;:&quot;&quot;,&quot;focal_length&quot;:&quot;0&quot;,&quot;iso&quot;:&quot;0&quot;,&quot;shutter_speed&quot;:&quot;0&quot;,&quot;title&quot;:&quot;&quot;,&quot;orientation&quot;:&quot;0&quot;}\" data-image-title=\"000080318\" data-image-description=\"\" data-image-caption=\"\" data-large-file=\"https:\/\/eldiariodesanpedro.com.ar\/sitio\/wp-content\/uploads\/2019\/10\/000080318-1024x768.jpg\" data-src=\"https:\/\/eldiariodesanpedro.com.ar\/sitio\/wp-content\/uploads\/2019\/10\/000080318-1024x768.jpg\" alt=\"\" class=\"wp-image-61709 lazyload\" data-srcset=\"https:\/\/eldiariodesanpedro.com.ar\/sitio\/wp-content\/uploads\/2019\/10\/000080318.jpg 1024w, https:\/\/eldiariodesanpedro.com.ar\/sitio\/wp-content\/uploads\/2019\/10\/000080318-300x225.jpg 300w, https:\/\/eldiariodesanpedro.com.ar\/sitio\/wp-content\/uploads\/2019\/10\/000080318-768x576.jpg 768w\" data-sizes=\"(max-width: 1024px) 100vw, 1024px\" src=\"data:image\/svg+xml;base64,PHN2ZyB3aWR0aD0iMSIgaGVpZ2h0PSIxIiB4bWxucz0iaHR0cDovL3d3dy53My5vcmcvMjAwMC9zdmciPjwvc3ZnPg==\" style=\"--smush-placeholder-width: 1024px; --smush-placeholder-aspect-ratio: 1024\/768;\" \/><\/figure>\n","protected":false},"excerpt":{"rendered":"<p>Hubo dos operativos en nuestra ciudad y Ramallo. En ambos se pudo secuestrar mercader\u00eda y la vestimenta que fue utilizada en el momento de perpetrar el hecho. El principal sospechoso no se encontraba. El caso fue caratulado como hurto. Personal policial de la Comisar\u00eda Segunda de Ramallo, a cargo del Comisario Cristian Ponce, y de [&hellip;]<\/p>\n","protected":false},"author":4,"featured_media":61710,"comment_status":"open","ping_status":"closed","sticky":false,"template":"","format":"standard","meta":{"om_disable_all_campaigns":false,"_jetpack_memberships_contains_paid_content":false,"footnotes":""},"categories":[50,2,103],"tags":[],"class_list":["post-61708","post","type-post","status-publish","format-standard","has-post-thumbnail","hentry","category-destacadas","category-locales","category-policiales-locales"],"aioseo_notices":[],"gutentor_comment":0,"jetpack_featured_media_url":"https:\/\/eldiariodesanpedro.com.ar\/sitio\/wp-content\/uploads\/2019\/10\/000080326.jpg","jetpack_shortlink":"https:\/\/wp.me\/p6RhLt-g3i","jetpack_sharing_enabled":true,"_links":{"self":[{"href":"https:\/\/eldiariodesanpedro.com.ar\/sitio\/wp-json\/wp\/v2\/posts\/61708","targetHints":{"allow":["GET"]}}],"collection":[{"href":"https:\/\/eldiariodesanpedro.com.ar\/sitio\/wp-json\/wp\/v2\/posts"}],"about":[{"href":"https:\/\/eldiariodesanpedro.com.ar\/sitio\/wp-json\/wp\/v2\/types\/post"}],"author":[{"embeddable":true,"href":"https:\/\/eldiariodesanpedro.com.ar\/sitio\/wp-json\/wp\/v2\/users\/4"}],"replies":[{"embeddable":true,"href":"https:\/\/eldiariodesanpedro.com.ar\/sitio\/wp-json\/wp\/v2\/comments?post=61708"}],"version-history":[{"count":1,"href":"https:\/\/eldiariodesanpedro.com.ar\/sitio\/wp-json\/wp\/v2\/posts\/61708\/revisions"}],"predecessor-version":[{"id":61713,"href":"https:\/\/eldiariodesanpedro.com.ar\/sitio\/wp-json\/wp\/v2\/posts\/61708\/revisions\/61713"}],"wp:featuredmedia":[{"embeddable":true,"href":"https:\/\/eldiariodesanpedro.com.ar\/sitio\/wp-json\/wp\/v2\/media\/61710"}],"wp:attachment":[{"href":"https:\/\/eldiariodesanpedro.com.ar\/sitio\/wp-json\/wp\/v2\/media?parent=61708"}],"wp:term":[{"taxonomy":"category","embeddable":true,"href":"https:\/\/eldiariodesanpedro.com.ar\/sitio\/wp-json\/wp\/v2\/categories?post=61708"},{"taxonomy":"post_tag","embeddable":true,"href":"https:\/\/eldiariodesanpedro.com.ar\/sitio\/wp-json\/wp\/v2\/tags?post=61708"}],"curies":[{"name":"wp","href":"https:\/\/api.w.org\/{rel}","templated":true}]}}