{"id":61702,"date":"2019-10-10T10:35:41","date_gmt":"2019-10-10T13:35:41","guid":{"rendered":"https:\/\/eldiariodesanpedro.com.ar\/sitio\/?p=61702"},"modified":"2019-10-10T10:35:45","modified_gmt":"2019-10-10T13:35:45","slug":"ramallo-convocan-a-marcha-en-defensa-de-los-puestos-de-trabajo","status":"publish","type":"post","link":"https:\/\/eldiariodesanpedro.com.ar\/sitio\/ramallo-convocan-a-marcha-en-defensa-de-los-puestos-de-trabajo\/","title":{"rendered":"RAMALLO | Convocan a marcha en defensa de los puestos de trabajo"},"content":{"rendered":"<!-- VideographyWP Plugin Message: Automatic video embedding prevented by plugin options. -->\n\n<p>La Mesa Sindical de Ramallo anunci\u00f3 la convocatoria a una marcha el pr\u00f3ximo jueves 10 a las 18.30 horas en defensa de los puestos de trabajo.<\/p>\n\n\n\n<p>Se realiz\u00f3 mediante conferencia de prensa, donde participaron los sindicatos de ATE, Fiplasto, Suteba, Udocba, Luz y Fuerza, UOM, Madereros, Portuarios, gremio de la alimentaci\u00f3n entre otros.<\/p>\n\n\n\n<p>\u201cQueremos anunciar la marcha en defensa del trabajo, habida cuenta de un correlato que viene desde hace alg\u00fan tiempo, queremos dar cuenta de la situaci\u00f3n laboral en esta regi\u00f3n que es muy complicada, muy angustiante, con p\u00e9rdida de puestos de trabajo que se han acelerado en los \u00faltimos seis meses\u201d expres\u00f3 el secretario general de ATE,&nbsp;<strong>Adri\u00e1n Lescano<\/strong>.<\/p>\n\n\n\n<p>La marcha partir\u00e1 el jueves 10 a las 18:30 horas desde Avenida Mitre y Belgrano en direcci\u00f3n a la Municipalidad de Ramallo donde esperan ser recibidos por las autoridades del Concejo Deliberante.<\/p>\n\n\n\n<p>Fuente: Ramallo Ciudad<\/p>\n","protected":false},"excerpt":{"rendered":"<p>La Mesa Sindical de Ramallo anunci\u00f3 la convocatoria a una marcha el pr\u00f3ximo jueves 10 a las 18.30 horas en defensa de los puestos de trabajo. Se realiz\u00f3 mediante conferencia de prensa, donde participaron los sindicatos de ATE, Fiplasto, Suteba, Udocba, Luz y Fuerza, UOM, Madereros, Portuarios, gremio de la alimentaci\u00f3n entre otros. \u201cQueremos anunciar [&hellip;]<\/p>\n","protected":false},"author":4,"featured_media":61703,"comment_status":"open","ping_status":"closed","sticky":false,"template":"","format":"standard","meta":{"om_disable_all_campaigns":false,"_jetpack_memberships_contains_paid_content":false,"footnotes":""},"categories":[621],"tags":[],"class_list":["post-61702","post","type-post","status-publish","format-standard","has-post-thumbnail","hentry","category-regionales"],"aioseo_notices":[],"gutentor_comment":0,"jetpack_featured_media_url":"https:\/\/eldiariodesanpedro.com.ar\/sitio\/wp-content\/uploads\/2019\/10\/bbx_654403208_1_lescano_marcha.jpg","jetpack_shortlink":"https:\/\/wp.me\/p6RhLt-g3c","jetpack_sharing_enabled":true,"_links":{"self":[{"href":"https:\/\/eldiariodesanpedro.com.ar\/sitio\/wp-json\/wp\/v2\/posts\/61702","targetHints":{"allow":["GET"]}}],"collection":[{"href":"https:\/\/eldiariodesanpedro.com.ar\/sitio\/wp-json\/wp\/v2\/posts"}],"about":[{"href":"https:\/\/eldiariodesanpedro.com.ar\/sitio\/wp-json\/wp\/v2\/types\/post"}],"author":[{"embeddable":true,"href":"https:\/\/eldiariodesanpedro.com.ar\/sitio\/wp-json\/wp\/v2\/users\/4"}],"replies":[{"embeddable":true,"href":"https:\/\/eldiariodesanpedro.com.ar\/sitio\/wp-json\/wp\/v2\/comments?post=61702"}],"version-history":[{"count":1,"href":"https:\/\/eldiariodesanpedro.com.ar\/sitio\/wp-json\/wp\/v2\/posts\/61702\/revisions"}],"predecessor-version":[{"id":61704,"href":"https:\/\/eldiariodesanpedro.com.ar\/sitio\/wp-json\/wp\/v2\/posts\/61702\/revisions\/61704"}],"wp:featuredmedia":[{"embeddable":true,"href":"https:\/\/eldiariodesanpedro.com.ar\/sitio\/wp-json\/wp\/v2\/media\/61703"}],"wp:attachment":[{"href":"https:\/\/eldiariodesanpedro.com.ar\/sitio\/wp-json\/wp\/v2\/media?parent=61702"}],"wp:term":[{"taxonomy":"category","embeddable":true,"href":"https:\/\/eldiariodesanpedro.com.ar\/sitio\/wp-json\/wp\/v2\/categories?post=61702"},{"taxonomy":"post_tag","embeddable":true,"href":"https:\/\/eldiariodesanpedro.com.ar\/sitio\/wp-json\/wp\/v2\/tags?post=61702"}],"curies":[{"name":"wp","href":"https:\/\/api.w.org\/{rel}","templated":true}]}}