{"id":61699,"date":"2019-10-10T10:34:03","date_gmt":"2019-10-10T13:34:03","guid":{"rendered":"https:\/\/eldiariodesanpedro.com.ar\/sitio\/?p=61699"},"modified":"2019-10-10T10:34:07","modified_gmt":"2019-10-10T13:34:07","slug":"ramallo-corria-por-la-calle-armado-y-fue-detenido","status":"publish","type":"post","link":"https:\/\/eldiariodesanpedro.com.ar\/sitio\/ramallo-corria-por-la-calle-armado-y-fue-detenido\/","title":{"rendered":"RAMALLO | Corr\u00eda por la calle armado y fue detenido"},"content":{"rendered":"<!-- VideographyWP Plugin Message: Automatic video embedding prevented by plugin options. -->\n\n<p>La polic\u00eda detuvo en la madrugada a un hombre que esgrim\u00eda un arma blanca en el marco del operativo nocturnidad.<\/p>\n\n\n\n<p>La Estaci\u00f3n Comunal Ramallo Primera inform\u00f3 que aprehendi\u00f3 a un sujeto de 23 a\u00f1os este s\u00e1bado a las 0:59 mientras realizaba un operativo denominado Nocturnidad, Alcoholemia y Saturacion\u00bb, bajo Orden de Servicio N\u00b0903\/2019 en la intersecci\u00f3n de calles Tucum\u00e1n y C\u00f3rdoba.<\/p>\n\n\n\n<p>En ese lugar, el hombre fue interceptado con un cuchillo de cocina met\u00e1lico, de unos 26 cm. de largo tras correr por la zona y esgrimirla.<\/p>\n\n\n\n<p>Luego de trasladarlo para un examen m\u00e9dico y para identificarlo en sede policial, fue dejado en libertad con la aprobaci\u00f3n del Defensor Oficial en turno.<\/p>\n\n\n\n<p>Fuente: Ramallo Ciudad<\/p>\n","protected":false},"excerpt":{"rendered":"<p>La polic\u00eda detuvo en la madrugada a un hombre que esgrim\u00eda un arma blanca en el marco del operativo nocturnidad. La Estaci\u00f3n Comunal Ramallo Primera inform\u00f3 que aprehendi\u00f3 a un sujeto de 23 a\u00f1os este s\u00e1bado a las 0:59 mientras realizaba un operativo denominado Nocturnidad, Alcoholemia y Saturacion\u00bb, bajo Orden de Servicio N\u00b0903\/2019 en la [&hellip;]<\/p>\n","protected":false},"author":4,"featured_media":61700,"comment_status":"open","ping_status":"closed","sticky":false,"template":"","format":"standard","meta":{"om_disable_all_campaigns":false,"_jetpack_memberships_contains_paid_content":false,"footnotes":""},"categories":[621],"tags":[],"class_list":["post-61699","post","type-post","status-publish","format-standard","has-post-thumbnail","hentry","category-regionales"],"aioseo_notices":[],"gutentor_comment":0,"jetpack_featured_media_url":"https:\/\/eldiariodesanpedro.com.ar\/sitio\/wp-content\/uploads\/2019\/10\/Comisaria-1.jpg","jetpack_shortlink":"https:\/\/wp.me\/p6RhLt-g39","jetpack_sharing_enabled":true,"_links":{"self":[{"href":"https:\/\/eldiariodesanpedro.com.ar\/sitio\/wp-json\/wp\/v2\/posts\/61699","targetHints":{"allow":["GET"]}}],"collection":[{"href":"https:\/\/eldiariodesanpedro.com.ar\/sitio\/wp-json\/wp\/v2\/posts"}],"about":[{"href":"https:\/\/eldiariodesanpedro.com.ar\/sitio\/wp-json\/wp\/v2\/types\/post"}],"author":[{"embeddable":true,"href":"https:\/\/eldiariodesanpedro.com.ar\/sitio\/wp-json\/wp\/v2\/users\/4"}],"replies":[{"embeddable":true,"href":"https:\/\/eldiariodesanpedro.com.ar\/sitio\/wp-json\/wp\/v2\/comments?post=61699"}],"version-history":[{"count":1,"href":"https:\/\/eldiariodesanpedro.com.ar\/sitio\/wp-json\/wp\/v2\/posts\/61699\/revisions"}],"predecessor-version":[{"id":61701,"href":"https:\/\/eldiariodesanpedro.com.ar\/sitio\/wp-json\/wp\/v2\/posts\/61699\/revisions\/61701"}],"wp:featuredmedia":[{"embeddable":true,"href":"https:\/\/eldiariodesanpedro.com.ar\/sitio\/wp-json\/wp\/v2\/media\/61700"}],"wp:attachment":[{"href":"https:\/\/eldiariodesanpedro.com.ar\/sitio\/wp-json\/wp\/v2\/media?parent=61699"}],"wp:term":[{"taxonomy":"category","embeddable":true,"href":"https:\/\/eldiariodesanpedro.com.ar\/sitio\/wp-json\/wp\/v2\/categories?post=61699"},{"taxonomy":"post_tag","embeddable":true,"href":"https:\/\/eldiariodesanpedro.com.ar\/sitio\/wp-json\/wp\/v2\/tags?post=61699"}],"curies":[{"name":"wp","href":"https:\/\/api.w.org\/{rel}","templated":true}]}}