{"id":61696,"date":"2019-10-10T10:32:20","date_gmt":"2019-10-10T13:32:20","guid":{"rendered":"https:\/\/eldiariodesanpedro.com.ar\/sitio\/?p=61696"},"modified":"2019-10-10T10:32:24","modified_gmt":"2019-10-10T13:32:24","slug":"zarate-proyectan-inaugurar-una-importante-cadena-de-hoteles-en-zarate-para-fin-de-ano","status":"publish","type":"post","link":"https:\/\/eldiariodesanpedro.com.ar\/sitio\/zarate-proyectan-inaugurar-una-importante-cadena-de-hoteles-en-zarate-para-fin-de-ano\/","title":{"rendered":"Z\u00c1RATE | Proyectan inaugurar una importante cadena de hoteles en Z\u00e1rate para fin de a\u00f1o"},"content":{"rendered":"<!-- VideographyWP Plugin Message: Automatic video embedding prevented by plugin options. -->\n\n<p><strong>El Grupo Hotelero Albamonte contin\u00faa expandi\u00e9ndose en el pa\u00eds y consolidando su liderazgo en el rubro con las marcas Howard Johnson y Days Inn, pertenecientes a la cadena m\u00e1s grande del mundo en hoteles como es Wyndham Hotel Group.<\/strong><\/p>\n\n\n\n<p>En esta oportunidad, su CEO, Alberto Albamonte comunic\u00f3 que, para fin de a\u00f1o se tiene previsto inaugurar dos nuevos hoteles para fin de a\u00f1o en la provincia de Buenos Aires, uno en la localidad de Z\u00e1rate y el otro en dentro del Parque Termal Dolores-, hace unos solo unos d\u00edas acaba de firmar un contrato con un empresario local para desarrollar la marca Days In en la provincia de Catamarca, hotel que estar\u00eda ubicado en la zona de La Vi\u00f1a.<\/p>\n\n\n\n<p> Con este hotel y con el anunciado en mayo de un Howard Johnson para la ciudad de San Fernando, las dos marcas estar\u00edan dentro de un tiempo en esa provincia del noroeste argentino, Tambi\u00e9n aprovech\u00f3 para recordar que este a\u00f1o se inaugurar\u00e1n 4 nuevos.<\/p>\n\n\n\n<p>Howard Johnson y la proyecci\u00f3n de hoteles en construcci\u00f3n y por abrir durante los pr\u00f3ximos tres a\u00f1os. Inauguraciones que reanudar\u00e1n en nuevos puestos de trabajos (directos e indirectos), inversiones confiando en el pa\u00eds y en el turismo tanto corporativo como de placer y el desarrollo de nuevas plazas hoteleras. <\/p>\n","protected":false},"excerpt":{"rendered":"<p>El Grupo Hotelero Albamonte contin\u00faa expandi\u00e9ndose en el pa\u00eds y consolidando su liderazgo en el rubro con las marcas Howard Johnson y Days Inn, pertenecientes a la cadena m\u00e1s grande del mundo en hoteles como es Wyndham Hotel Group. En esta oportunidad, su CEO, Alberto Albamonte comunic\u00f3 que, para fin de a\u00f1o se tiene previsto [&hellip;]<\/p>\n","protected":false},"author":4,"featured_media":61697,"comment_status":"open","ping_status":"closed","sticky":false,"template":"","format":"standard","meta":{"om_disable_all_campaigns":false,"_jetpack_memberships_contains_paid_content":false,"footnotes":""},"categories":[621],"tags":[],"class_list":["post-61696","post","type-post","status-publish","format-standard","has-post-thumbnail","hentry","category-regionales"],"aioseo_notices":[],"gutentor_comment":0,"jetpack_featured_media_url":"https:\/\/eldiariodesanpedro.com.ar\/sitio\/wp-content\/uploads\/2019\/10\/hotel-days-inn.jpg","jetpack_shortlink":"https:\/\/wp.me\/p6RhLt-g36","jetpack_sharing_enabled":true,"_links":{"self":[{"href":"https:\/\/eldiariodesanpedro.com.ar\/sitio\/wp-json\/wp\/v2\/posts\/61696","targetHints":{"allow":["GET"]}}],"collection":[{"href":"https:\/\/eldiariodesanpedro.com.ar\/sitio\/wp-json\/wp\/v2\/posts"}],"about":[{"href":"https:\/\/eldiariodesanpedro.com.ar\/sitio\/wp-json\/wp\/v2\/types\/post"}],"author":[{"embeddable":true,"href":"https:\/\/eldiariodesanpedro.com.ar\/sitio\/wp-json\/wp\/v2\/users\/4"}],"replies":[{"embeddable":true,"href":"https:\/\/eldiariodesanpedro.com.ar\/sitio\/wp-json\/wp\/v2\/comments?post=61696"}],"version-history":[{"count":1,"href":"https:\/\/eldiariodesanpedro.com.ar\/sitio\/wp-json\/wp\/v2\/posts\/61696\/revisions"}],"predecessor-version":[{"id":61698,"href":"https:\/\/eldiariodesanpedro.com.ar\/sitio\/wp-json\/wp\/v2\/posts\/61696\/revisions\/61698"}],"wp:featuredmedia":[{"embeddable":true,"href":"https:\/\/eldiariodesanpedro.com.ar\/sitio\/wp-json\/wp\/v2\/media\/61697"}],"wp:attachment":[{"href":"https:\/\/eldiariodesanpedro.com.ar\/sitio\/wp-json\/wp\/v2\/media?parent=61696"}],"wp:term":[{"taxonomy":"category","embeddable":true,"href":"https:\/\/eldiariodesanpedro.com.ar\/sitio\/wp-json\/wp\/v2\/categories?post=61696"},{"taxonomy":"post_tag","embeddable":true,"href":"https:\/\/eldiariodesanpedro.com.ar\/sitio\/wp-json\/wp\/v2\/tags?post=61696"}],"curies":[{"name":"wp","href":"https:\/\/api.w.org\/{rel}","templated":true}]}}