{"id":61693,"date":"2019-10-10T10:30:39","date_gmt":"2019-10-10T13:30:39","guid":{"rendered":"https:\/\/eldiariodesanpedro.com.ar\/sitio\/?p=61693"},"modified":"2019-10-10T10:30:43","modified_gmt":"2019-10-10T13:30:43","slug":"zarate-una-deuda-millonaria-con-techint-podria-despedir-a-350-obreros-de-atucha","status":"publish","type":"post","link":"https:\/\/eldiariodesanpedro.com.ar\/sitio\/zarate-una-deuda-millonaria-con-techint-podria-despedir-a-350-obreros-de-atucha\/","title":{"rendered":"Z\u00c1RATE | Una deuda millonaria con Techint podr\u00eda despedir a 350 obreros de Atucha"},"content":{"rendered":"<!-- VideographyWP Plugin Message: Automatic video embedding prevented by plugin options. -->\n\n<p><strong>Los trabajadores temen por sus fuentes laborales debido a la paralizaci\u00f3n de la obra del reactor Carem 25.<\/strong><\/p>\n\n\n\n<p>La crisis laboral en la Provincia no cesa y ahora los&nbsp;<strong>350 trabajadores que prestan servicios en la construcci\u00f3n del reactor Carem 25 en Lima, partido de Z\u00e1rate, podr\u00edan quedar en la calle por una deuda millonaria que tiene el Estado con la empresa a cargo de la obra, la multinacional Techint.<\/strong><\/p>\n\n\n\n<p>En este sentido,<strong>&nbsp;la firma reclama un monto de 6 millones de d\u00f3lares a la Comisi\u00f3n Nacional de Energ\u00eda At\u00f3mica (CNEA), bajo la direcci\u00f3n de Enrique Cinat y la gesti\u00f3n en la subsecretar\u00eda de Energ\u00eda Nuclear, Juli\u00e1n Gadano.<\/strong><\/p>\n\n\n\n<p><strong>\u201cNos encontramos con la deuda de la CNEA con los proveedores, en este caso Techint, est\u00e1n reclamando renegociar la deuda pero ellos no quieren avanzar con la obra si no se les paga y corren riesgo de despido los trabajadores\u201d,<\/strong>&nbsp;se\u00f1al\u00f3 a&nbsp;<strong><em>Diputados Bonaerenses<\/em><\/strong>&nbsp;el concejal de UC de Z\u00e1rate, Lucas Castiglioni.<\/p>\n\n\n\n<p>En este contexto,&nbsp;<strong>cabe remarcar que el proyecto comenz\u00f3 a desarrollarse el 8 de febrero de 2014 sobre una superficie de 18.500 metros cuadrados y hasta el momento ya se hab\u00eda avanzado en el 60% del CAREM pero hoy el parate es definitivo.<\/strong><\/p>\n\n\n\n<p>El edil,&nbsp;<strong>que adem\u00e1s forma parte de los equipos t\u00e9cnicos del Frente de Todos en el \u00e1rea de Energ\u00eda, destac\u00f3 que \u201cesta no es la \u00fanica obra paralizada que pone en duda la fuente de trabajo de los bonaerenses, el mismo escenario se da en Ezeiza\u201d.<\/strong><\/p>\n\n\n\n<p><strong>\u201cEl mi\u00e9rcoles el reactor RA-10 par\u00f3 su construcci\u00f3n por falta de pago a la empresa Caputo SA, donde 91 trabajadores quedaron suspendidos hasta que se reactive la obra\u201d,<\/strong>&nbsp;asegur\u00f3 Castiglioni.<\/p>\n\n\n\n<p><strong>Para el armado del reactor en el Centro At\u00f3mico de Ezeiza, que dar\u00e1 abastecimiento en materia de radiois\u00f3topos para uso m\u00e9dico para el mercado nacional y latinoamericano, se invirtieron $796.728.583.<\/strong><\/p>\n\n\n\n<p><strong>\u201cDesde Provincia no se comunic\u00f3 nadie, solo el subsecretario Gadano, que es quien tiene que solucionar este conflicto porque adem\u00e1s es el Vicedirector de la CNEA. Desde el Concejo trabajamos varios proyectos por estos temas, muchos se replicaron en el Congreso\u201d,<\/strong>&nbsp;detall\u00f3 el edil.<\/p>\n\n\n\n<p>Por ello,&nbsp;<strong>los legisladores bonaerenses se hicieron eco de la situaci\u00f3n y tiempo atr\u00e1s expresaron su preocupaci\u00f3n por la situaci\u00f3n que pone en jaque a los operarios y denunciaron el freno del Plan Nuclear.<\/strong><\/p>\n\n\n\n<p><strong>\u201cLa discontinuidad del Plan Nuclear afecta no solo a los trabajadores de la zona, sino tambi\u00e9n a todas las empresas de la cadena de valor y la formaci\u00f3n de recursos cient\u00edficos, t\u00e9cnicos e industriales\u201d,<\/strong>&nbsp;remarcaron desde el bloque de diputados de Unidad Ciudadana<\/p>\n\n\n\n<p><strong>Fuente:&nbsp;<\/strong>Noticias Z\u00e1rate Alerta<\/p>\n","protected":false},"excerpt":{"rendered":"<p>Los trabajadores temen por sus fuentes laborales debido a la paralizaci\u00f3n de la obra del reactor Carem 25. La crisis laboral en la Provincia no cesa y ahora los&nbsp;350 trabajadores que prestan servicios en la construcci\u00f3n del reactor Carem 25 en Lima, partido de Z\u00e1rate, podr\u00edan quedar en la calle por una deuda millonaria que [&hellip;]<\/p>\n","protected":false},"author":4,"featured_media":61694,"comment_status":"open","ping_status":"closed","sticky":false,"template":"","format":"standard","meta":{"om_disable_all_campaigns":false,"_jetpack_memberships_contains_paid_content":false,"footnotes":""},"categories":[621],"tags":[],"class_list":["post-61693","post","type-post","status-publish","format-standard","has-post-thumbnail","hentry","category-regionales"],"aioseo_notices":[],"gutentor_comment":0,"jetpack_featured_media_url":"https:\/\/eldiariodesanpedro.com.ar\/sitio\/wp-content\/uploads\/2019\/10\/carem_25.jpg","jetpack_shortlink":"https:\/\/wp.me\/p6RhLt-g33","jetpack_sharing_enabled":true,"_links":{"self":[{"href":"https:\/\/eldiariodesanpedro.com.ar\/sitio\/wp-json\/wp\/v2\/posts\/61693","targetHints":{"allow":["GET"]}}],"collection":[{"href":"https:\/\/eldiariodesanpedro.com.ar\/sitio\/wp-json\/wp\/v2\/posts"}],"about":[{"href":"https:\/\/eldiariodesanpedro.com.ar\/sitio\/wp-json\/wp\/v2\/types\/post"}],"author":[{"embeddable":true,"href":"https:\/\/eldiariodesanpedro.com.ar\/sitio\/wp-json\/wp\/v2\/users\/4"}],"replies":[{"embeddable":true,"href":"https:\/\/eldiariodesanpedro.com.ar\/sitio\/wp-json\/wp\/v2\/comments?post=61693"}],"version-history":[{"count":1,"href":"https:\/\/eldiariodesanpedro.com.ar\/sitio\/wp-json\/wp\/v2\/posts\/61693\/revisions"}],"predecessor-version":[{"id":61695,"href":"https:\/\/eldiariodesanpedro.com.ar\/sitio\/wp-json\/wp\/v2\/posts\/61693\/revisions\/61695"}],"wp:featuredmedia":[{"embeddable":true,"href":"https:\/\/eldiariodesanpedro.com.ar\/sitio\/wp-json\/wp\/v2\/media\/61694"}],"wp:attachment":[{"href":"https:\/\/eldiariodesanpedro.com.ar\/sitio\/wp-json\/wp\/v2\/media?parent=61693"}],"wp:term":[{"taxonomy":"category","embeddable":true,"href":"https:\/\/eldiariodesanpedro.com.ar\/sitio\/wp-json\/wp\/v2\/categories?post=61693"},{"taxonomy":"post_tag","embeddable":true,"href":"https:\/\/eldiariodesanpedro.com.ar\/sitio\/wp-json\/wp\/v2\/tags?post=61693"}],"curies":[{"name":"wp","href":"https:\/\/api.w.org\/{rel}","templated":true}]}}