{"id":61690,"date":"2019-10-10T10:29:03","date_gmt":"2019-10-10T13:29:03","guid":{"rendered":"https:\/\/eldiariodesanpedro.com.ar\/sitio\/?p=61690"},"modified":"2019-10-10T10:29:08","modified_gmt":"2019-10-10T13:29:08","slug":"arrecifes-impresionante-temporal-de-granizo-en-la-zona","status":"publish","type":"post","link":"https:\/\/eldiariodesanpedro.com.ar\/sitio\/arrecifes-impresionante-temporal-de-granizo-en-la-zona\/","title":{"rendered":"ARRECIFES | Impresionante temporal de granizo en la zona"},"content":{"rendered":"<!-- VideographyWP Plugin Message: Automatic video embedding prevented by plugin options. -->\n\n<p> En la noche de este mi\u00e9rcoles se desat\u00f3 una importante tormenta en la regi\u00f3n, con varias ciudades de la zona afectadas por una inusual ca\u00edda de granizo. Pergamino, Carmen de Areco y La Luisa fueron las localidades m\u00e1s afectadas. Arrecifes por el momento zaf\u00f3: s\u00f3lo cayeron unas pocas piedras.<\/p>\n\n\n\n<p>Fuente: Arrecifes Noticias <\/p>\n","protected":false},"excerpt":{"rendered":"<p>En la noche de este mi\u00e9rcoles se desat\u00f3 una importante tormenta en la regi\u00f3n, con varias ciudades de la zona afectadas por una inusual ca\u00edda de granizo. Pergamino, Carmen de Areco y La Luisa fueron las localidades m\u00e1s afectadas. Arrecifes por el momento zaf\u00f3: s\u00f3lo cayeron unas pocas piedras. Fuente: Arrecifes Noticias<\/p>\n","protected":false},"author":4,"featured_media":61691,"comment_status":"open","ping_status":"closed","sticky":false,"template":"","format":"standard","meta":{"om_disable_all_campaigns":false,"_jetpack_memberships_contains_paid_content":false,"footnotes":""},"categories":[621],"tags":[],"class_list":["post-61690","post","type-post","status-publish","format-standard","has-post-thumbnail","hentry","category-regionales"],"aioseo_notices":[],"gutentor_comment":0,"jetpack_featured_media_url":"https:\/\/eldiariodesanpedro.com.ar\/sitio\/wp-content\/uploads\/2019\/10\/Granizo-699x510.jpg","jetpack_shortlink":"https:\/\/wp.me\/p6RhLt-g30","jetpack_sharing_enabled":true,"_links":{"self":[{"href":"https:\/\/eldiariodesanpedro.com.ar\/sitio\/wp-json\/wp\/v2\/posts\/61690","targetHints":{"allow":["GET"]}}],"collection":[{"href":"https:\/\/eldiariodesanpedro.com.ar\/sitio\/wp-json\/wp\/v2\/posts"}],"about":[{"href":"https:\/\/eldiariodesanpedro.com.ar\/sitio\/wp-json\/wp\/v2\/types\/post"}],"author":[{"embeddable":true,"href":"https:\/\/eldiariodesanpedro.com.ar\/sitio\/wp-json\/wp\/v2\/users\/4"}],"replies":[{"embeddable":true,"href":"https:\/\/eldiariodesanpedro.com.ar\/sitio\/wp-json\/wp\/v2\/comments?post=61690"}],"version-history":[{"count":1,"href":"https:\/\/eldiariodesanpedro.com.ar\/sitio\/wp-json\/wp\/v2\/posts\/61690\/revisions"}],"predecessor-version":[{"id":61692,"href":"https:\/\/eldiariodesanpedro.com.ar\/sitio\/wp-json\/wp\/v2\/posts\/61690\/revisions\/61692"}],"wp:featuredmedia":[{"embeddable":true,"href":"https:\/\/eldiariodesanpedro.com.ar\/sitio\/wp-json\/wp\/v2\/media\/61691"}],"wp:attachment":[{"href":"https:\/\/eldiariodesanpedro.com.ar\/sitio\/wp-json\/wp\/v2\/media?parent=61690"}],"wp:term":[{"taxonomy":"category","embeddable":true,"href":"https:\/\/eldiariodesanpedro.com.ar\/sitio\/wp-json\/wp\/v2\/categories?post=61690"},{"taxonomy":"post_tag","embeddable":true,"href":"https:\/\/eldiariodesanpedro.com.ar\/sitio\/wp-json\/wp\/v2\/tags?post=61690"}],"curies":[{"name":"wp","href":"https:\/\/api.w.org\/{rel}","templated":true}]}}