{"id":61687,"date":"2019-10-10T10:25:45","date_gmt":"2019-10-10T13:25:45","guid":{"rendered":"https:\/\/eldiariodesanpedro.com.ar\/sitio\/?p=61687"},"modified":"2019-10-10T10:25:49","modified_gmt":"2019-10-10T13:25:49","slug":"san-nicolas-destrozos-e-intento-de-robo-en-una-escuela-publica","status":"publish","type":"post","link":"https:\/\/eldiariodesanpedro.com.ar\/sitio\/san-nicolas-destrozos-e-intento-de-robo-en-una-escuela-publica\/","title":{"rendered":"SAN NICOL\u00c1S | Destrozos e intento de robo en una escuela p\u00fablica"},"content":{"rendered":"<!-- VideographyWP Plugin Message: Automatic video embedding prevented by plugin options. -->\n\n<p>\n\nEl imputado por este hecho de Tentativa de Robo es un menor de 17 a\u00f1os. El joven fue aprehendido esta madrugada de jueves por la polic\u00eda de la comisar\u00eda Tercera en el interior de la Escuela Secundaria T\u00e9cnica N\u00b0 4 ubicada en Urquiza y Reynoso.<\/p>\n\n\n\n<p>Previamente hab\u00eda roto la reja del establecimiento para poder entrar e intent\u00f3 sustraer varios elementos.<\/p>\n\n\n\n<p>Finalmente qued\u00f3 a disposici\u00f3n de la Fiscal\u00eda del Joven <\/p>\n\n\n\n<p>Fuente: DIario El Informante<\/p>\n","protected":false},"excerpt":{"rendered":"<p>El imputado por este hecho de Tentativa de Robo es un menor de 17 a\u00f1os. El joven fue aprehendido esta madrugada de jueves por la polic\u00eda de la comisar\u00eda Tercera en el interior de la Escuela Secundaria T\u00e9cnica N\u00b0 4 ubicada en Urquiza y Reynoso. Previamente hab\u00eda roto la reja del establecimiento para poder entrar [&hellip;]<\/p>\n","protected":false},"author":4,"featured_media":61688,"comment_status":"open","ping_status":"closed","sticky":false,"template":"","format":"standard","meta":{"om_disable_all_campaigns":false,"_jetpack_memberships_contains_paid_content":false,"footnotes":""},"categories":[621],"tags":[],"class_list":["post-61687","post","type-post","status-publish","format-standard","has-post-thumbnail","hentry","category-regionales"],"aioseo_notices":[],"gutentor_comment":0,"jetpack_featured_media_url":"https:\/\/eldiariodesanpedro.com.ar\/sitio\/wp-content\/uploads\/2019\/10\/no_bhmxhp0v5r7x6s1escuela.jpg","jetpack_shortlink":"https:\/\/wp.me\/p6RhLt-g2X","jetpack_sharing_enabled":true,"_links":{"self":[{"href":"https:\/\/eldiariodesanpedro.com.ar\/sitio\/wp-json\/wp\/v2\/posts\/61687","targetHints":{"allow":["GET"]}}],"collection":[{"href":"https:\/\/eldiariodesanpedro.com.ar\/sitio\/wp-json\/wp\/v2\/posts"}],"about":[{"href":"https:\/\/eldiariodesanpedro.com.ar\/sitio\/wp-json\/wp\/v2\/types\/post"}],"author":[{"embeddable":true,"href":"https:\/\/eldiariodesanpedro.com.ar\/sitio\/wp-json\/wp\/v2\/users\/4"}],"replies":[{"embeddable":true,"href":"https:\/\/eldiariodesanpedro.com.ar\/sitio\/wp-json\/wp\/v2\/comments?post=61687"}],"version-history":[{"count":1,"href":"https:\/\/eldiariodesanpedro.com.ar\/sitio\/wp-json\/wp\/v2\/posts\/61687\/revisions"}],"predecessor-version":[{"id":61689,"href":"https:\/\/eldiariodesanpedro.com.ar\/sitio\/wp-json\/wp\/v2\/posts\/61687\/revisions\/61689"}],"wp:featuredmedia":[{"embeddable":true,"href":"https:\/\/eldiariodesanpedro.com.ar\/sitio\/wp-json\/wp\/v2\/media\/61688"}],"wp:attachment":[{"href":"https:\/\/eldiariodesanpedro.com.ar\/sitio\/wp-json\/wp\/v2\/media?parent=61687"}],"wp:term":[{"taxonomy":"category","embeddable":true,"href":"https:\/\/eldiariodesanpedro.com.ar\/sitio\/wp-json\/wp\/v2\/categories?post=61687"},{"taxonomy":"post_tag","embeddable":true,"href":"https:\/\/eldiariodesanpedro.com.ar\/sitio\/wp-json\/wp\/v2\/tags?post=61687"}],"curies":[{"name":"wp","href":"https:\/\/api.w.org\/{rel}","templated":true}]}}