{"id":61677,"date":"2019-10-10T10:14:39","date_gmt":"2019-10-10T13:14:39","guid":{"rendered":"https:\/\/eldiariodesanpedro.com.ar\/sitio\/?p=61677"},"modified":"2019-10-10T10:14:44","modified_gmt":"2019-10-10T13:14:44","slug":"accionaran-contra-quienes-le-sacaron-fotos-al-cuerpo-de-un-joven-fallecido","status":"publish","type":"post","link":"https:\/\/eldiariodesanpedro.com.ar\/sitio\/accionaran-contra-quienes-le-sacaron-fotos-al-cuerpo-de-un-joven-fallecido\/","title":{"rendered":"Accionar\u00e1n contra quienes le sacaron fotos al cuerpo de un joven fallecido"},"content":{"rendered":"<!-- VideographyWP Plugin Message: Automatic video embedding prevented by plugin options. -->\n\n<p>La familia de Juan Cruz Solieri, fallecido en un accidente el 28 de agosto pasado, accionar\u00e1 contra los que fotografiaron al joven ya fallecido. Polic\u00eda e inspectores municipales en la mira.\u00a0<\/p>\n\n\n\n<p>El 28 de agosto, cerca de las 14 horas, Juan Cruz Solieri fallec\u00eda en un accidente de tr\u00e1nsito en la intersecci\u00f3n de 11 de Septiembre y Alvarado. A los pocos minutos varias fotos del cuerpo tendido sobre el pavimento y ya sin vida comenzaron a viralizarse como producto de que algunas de las personas que estaban en el lugar se atrevi\u00f3 a sacar y difundir sin nign\u00fan tipo de reparos.<\/p>\n\n\n\n<p>Ahora, la familia del joven que resultara v\u00edctima, indic\u00f3 al Dr. Mauricio Gugger que se ocupe del caso para&nbsp;que la fiscal\u00eda investigue a quienes fueron los responsables del repudiable acto.<\/p>\n\n\n\n<p>Algunas caracter\u00edsticas que presentan las fotos que r\u00e1pidamente recorrieron todo tipo de redes sociales muestran que al momento de tomar la foto del cuerpo ya hab\u00eda polic\u00edas e inspectores en el lugar, por eso las sospechas le apuntan a los funcionarios como principales responsables del acto.&nbsp;<\/p>\n\n\n\n<p>El Dr. Gugger asegur\u00f3 que ir\u00e1n por la figura del incumplimiento del deber de funcionario p\u00fablico y la sanci\u00f3n para \u00e9l o los responsables deber\u00edan ser ejemplares.\u00a0\u00a0<\/p>\n\n\n\n<p>Fuente: San Pedro Informa<\/p>\n","protected":false},"excerpt":{"rendered":"<p>La familia de Juan Cruz Solieri, fallecido en un accidente el 28 de agosto pasado, accionar\u00e1 contra los que fotografiaron al joven ya fallecido. Polic\u00eda e inspectores municipales en la mira.\u00a0 El 28 de agosto, cerca de las 14 horas, Juan Cruz Solieri fallec\u00eda en un accidente de tr\u00e1nsito en la intersecci\u00f3n de 11 de [&hellip;]<\/p>\n","protected":false},"author":4,"featured_media":61678,"comment_status":"open","ping_status":"closed","sticky":false,"template":"","format":"standard","meta":{"om_disable_all_campaigns":false,"_jetpack_memberships_contains_paid_content":false,"footnotes":""},"categories":[2,103],"tags":[],"class_list":["post-61677","post","type-post","status-publish","format-standard","has-post-thumbnail","hentry","category-locales","category-policiales-locales"],"aioseo_notices":[],"gutentor_comment":0,"jetpack_featured_media_url":"https:\/\/eldiariodesanpedro.com.ar\/sitio\/wp-content\/uploads\/2019\/10\/000080302.jpg","jetpack_shortlink":"https:\/\/wp.me\/p6RhLt-g2N","jetpack_sharing_enabled":true,"_links":{"self":[{"href":"https:\/\/eldiariodesanpedro.com.ar\/sitio\/wp-json\/wp\/v2\/posts\/61677","targetHints":{"allow":["GET"]}}],"collection":[{"href":"https:\/\/eldiariodesanpedro.com.ar\/sitio\/wp-json\/wp\/v2\/posts"}],"about":[{"href":"https:\/\/eldiariodesanpedro.com.ar\/sitio\/wp-json\/wp\/v2\/types\/post"}],"author":[{"embeddable":true,"href":"https:\/\/eldiariodesanpedro.com.ar\/sitio\/wp-json\/wp\/v2\/users\/4"}],"replies":[{"embeddable":true,"href":"https:\/\/eldiariodesanpedro.com.ar\/sitio\/wp-json\/wp\/v2\/comments?post=61677"}],"version-history":[{"count":1,"href":"https:\/\/eldiariodesanpedro.com.ar\/sitio\/wp-json\/wp\/v2\/posts\/61677\/revisions"}],"predecessor-version":[{"id":61679,"href":"https:\/\/eldiariodesanpedro.com.ar\/sitio\/wp-json\/wp\/v2\/posts\/61677\/revisions\/61679"}],"wp:featuredmedia":[{"embeddable":true,"href":"https:\/\/eldiariodesanpedro.com.ar\/sitio\/wp-json\/wp\/v2\/media\/61678"}],"wp:attachment":[{"href":"https:\/\/eldiariodesanpedro.com.ar\/sitio\/wp-json\/wp\/v2\/media?parent=61677"}],"wp:term":[{"taxonomy":"category","embeddable":true,"href":"https:\/\/eldiariodesanpedro.com.ar\/sitio\/wp-json\/wp\/v2\/categories?post=61677"},{"taxonomy":"post_tag","embeddable":true,"href":"https:\/\/eldiariodesanpedro.com.ar\/sitio\/wp-json\/wp\/v2\/tags?post=61677"}],"curies":[{"name":"wp","href":"https:\/\/api.w.org\/{rel}","templated":true}]}}