{"id":61674,"date":"2019-10-10T10:08:16","date_gmt":"2019-10-10T13:08:16","guid":{"rendered":"https:\/\/eldiariodesanpedro.com.ar\/sitio\/?p=61674"},"modified":"2019-10-10T10:08:20","modified_gmt":"2019-10-10T13:08:20","slug":"alcance-del-feriado-turistico-de-del-14-de-octubre","status":"publish","type":"post","link":"https:\/\/eldiariodesanpedro.com.ar\/sitio\/alcance-del-feriado-turistico-de-del-14-de-octubre\/","title":{"rendered":"Alcance del Feriado Tur\u00edstico de del 14 de Octubre"},"content":{"rendered":"<!-- VideographyWP Plugin Message: Automatic video embedding prevented by plugin options. -->\n\n<p><strong>S\u00e1bado 12 de Octubre:&nbsp;&nbsp;<\/strong><strong>D\u00eda del Respeto a la Diversidad Cultural y aniversario de la llegada de Crist\u00f3bal Col\u00f3n al continente americano en 1492.<br><\/strong><br>Para el s\u00e1bado 12 rige la pauta establecida para los feriados nacionales, por lo que los que los establecimientos comerciales que decidan permanecer abiertos en la mencionada fecha podr\u00e1n hacerlo, &nbsp;teniendo en cuenta la aplicaci\u00f3n del art\u00edculo 166 de la Ley de Contrato de Trabajo. En caso de que el trabajador preste servicios en este d\u00eda, cobrar\u00e1 la remuneraci\u00f3n normal de los d\u00edas laborables m\u00e1s una cantidad igual.<br><br><strong>Lunes 19 de Agosto: \u201cD\u00eda No Laborable con Fines Tur\u00edsticos\u201d.<br><\/strong>La Ley 27.399, otorg\u00f3 la facultad al Poder Ejecutivo de fijar por cada a\u00f1o hasta \u201ctres d\u00edas feriados o no laborables destinados a promover la actividad tur\u00edstica, que deber\u00e1n coincidir con d\u00edas lunes o viernes\u201d. En ejercicio de tal derivaci\u00f3n se dict\u00f3 el decreto&nbsp; que para el a\u00f1o 2019 estableci\u00f3 al 14 de Octubre como \u201cd\u00eda no laborable con fines tur\u00edsticos\u201d. En ese d\u00eda, la opci\u00f3n de no trabajar la tiene el empleador, por lo que quienes trabajen en dicha jornada recibir\u00e1n su salario habitual, sin recargos.\n\n<\/p>\n","protected":false},"excerpt":{"rendered":"<p>S\u00e1bado 12 de Octubre:&nbsp;&nbsp;D\u00eda del Respeto a la Diversidad Cultural y aniversario de la llegada de Crist\u00f3bal Col\u00f3n al continente americano en 1492.Para el s\u00e1bado 12 rige la pauta establecida para los feriados nacionales, por lo que los que los establecimientos comerciales que decidan permanecer abiertos en la mencionada fecha podr\u00e1n hacerlo, &nbsp;teniendo en cuenta [&hellip;]<\/p>\n","protected":false},"author":4,"featured_media":61675,"comment_status":"open","ping_status":"closed","sticky":false,"template":"","format":"standard","meta":{"om_disable_all_campaigns":false,"_jetpack_memberships_contains_paid_content":false,"footnotes":""},"categories":[101,2],"tags":[],"class_list":["post-61674","post","type-post","status-publish","format-standard","has-post-thumbnail","hentry","category-interes-general-locales","category-locales"],"aioseo_notices":[],"gutentor_comment":0,"jetpack_featured_media_url":"https:\/\/eldiariodesanpedro.com.ar\/sitio\/wp-content\/uploads\/2019\/10\/Calle-Mitre1.jpg","jetpack_shortlink":"https:\/\/wp.me\/p6RhLt-g2K","jetpack_sharing_enabled":true,"_links":{"self":[{"href":"https:\/\/eldiariodesanpedro.com.ar\/sitio\/wp-json\/wp\/v2\/posts\/61674","targetHints":{"allow":["GET"]}}],"collection":[{"href":"https:\/\/eldiariodesanpedro.com.ar\/sitio\/wp-json\/wp\/v2\/posts"}],"about":[{"href":"https:\/\/eldiariodesanpedro.com.ar\/sitio\/wp-json\/wp\/v2\/types\/post"}],"author":[{"embeddable":true,"href":"https:\/\/eldiariodesanpedro.com.ar\/sitio\/wp-json\/wp\/v2\/users\/4"}],"replies":[{"embeddable":true,"href":"https:\/\/eldiariodesanpedro.com.ar\/sitio\/wp-json\/wp\/v2\/comments?post=61674"}],"version-history":[{"count":1,"href":"https:\/\/eldiariodesanpedro.com.ar\/sitio\/wp-json\/wp\/v2\/posts\/61674\/revisions"}],"predecessor-version":[{"id":61676,"href":"https:\/\/eldiariodesanpedro.com.ar\/sitio\/wp-json\/wp\/v2\/posts\/61674\/revisions\/61676"}],"wp:featuredmedia":[{"embeddable":true,"href":"https:\/\/eldiariodesanpedro.com.ar\/sitio\/wp-json\/wp\/v2\/media\/61675"}],"wp:attachment":[{"href":"https:\/\/eldiariodesanpedro.com.ar\/sitio\/wp-json\/wp\/v2\/media?parent=61674"}],"wp:term":[{"taxonomy":"category","embeddable":true,"href":"https:\/\/eldiariodesanpedro.com.ar\/sitio\/wp-json\/wp\/v2\/categories?post=61674"},{"taxonomy":"post_tag","embeddable":true,"href":"https:\/\/eldiariodesanpedro.com.ar\/sitio\/wp-json\/wp\/v2\/tags?post=61674"}],"curies":[{"name":"wp","href":"https:\/\/api.w.org\/{rel}","templated":true}]}}