{"id":61673,"date":"2019-10-10T10:21:12","date_gmt":"2019-10-10T13:21:12","guid":{"rendered":"https:\/\/eldiariodesanpedro.com.ar\/sitio\/?p=61673"},"modified":"2019-10-10T10:21:16","modified_gmt":"2019-10-10T13:21:16","slug":"detencion-por-robo-calificado-en-allanamiento-positivo","status":"publish","type":"post","link":"https:\/\/eldiariodesanpedro.com.ar\/sitio\/detencion-por-robo-calificado-en-allanamiento-positivo\/","title":{"rendered":"Detenci\u00f3n por robo calificado en allanamiento positivo"},"content":{"rendered":"<!-- VideographyWP Plugin Message: Automatic video embedding prevented by plugin options. -->\n\n<p>La orden se diligencio en una vivienda de calle Magliotti al 500, se buscaba un sujeto que hace unos meses mediante intimidaci\u00f3n de arma de fuego le sustrajo un celular a una adolescente.<\/p>\n\n\n\n<p>Por la tarde del mi\u00e9rcoles personal de Gabinete Criminol\u00f3gico, diligencio orden de allanamiento en un domicilio de calle Magliotti al 500, donde se logra efectivizar la detenci\u00f3n por orden Judicial de un delincuente masculino de 24 a\u00f1os de edad con  frondosos antecedentes.<\/p>\n\n\n\n<p>En el procedimiento adem\u00e1s se secuestro una  campera tipo inflable, color negra, que era buscada. <\/p>\n\n\n\n<p>La Causa Judicial la tramitaba la Fiscalia Juvenil de San Nicol\u00e1s desde el mes de junio, cuando en Uruguay e Irlanda este malviviente junto a otros dos sujetos que ese d\u00eda fueron detenidos, sorprendieron a mano armada a una joven de 17 y le   sustrajeron su  tel\u00e9fono celular.<br><\/p>\n\n\n\n<figure class=\"wp-block-image\"><img decoding=\"async\" width=\"1024\" height=\"576\" data-attachment-id=\"61680\" data-permalink=\"https:\/\/eldiariodesanpedro.com.ar\/sitio\/detencion-por-robo-calificado-en-allanamiento-positivo\/whatsapp-image-2019-10-10-at-10-19-27-am\/\" data-orig-file=\"https:\/\/eldiariodesanpedro.com.ar\/sitio\/wp-content\/uploads\/2019\/10\/WhatsApp-Image-2019-10-10-at-10.19.27-AM.jpeg\" data-orig-size=\"1280,720\" data-comments-opened=\"1\" data-image-meta=\"{&quot;aperture&quot;:&quot;0&quot;,&quot;credit&quot;:&quot;&quot;,&quot;camera&quot;:&quot;&quot;,&quot;caption&quot;:&quot;&quot;,&quot;created_timestamp&quot;:&quot;0&quot;,&quot;copyright&quot;:&quot;&quot;,&quot;focal_length&quot;:&quot;0&quot;,&quot;iso&quot;:&quot;0&quot;,&quot;shutter_speed&quot;:&quot;0&quot;,&quot;title&quot;:&quot;&quot;,&quot;orientation&quot;:&quot;0&quot;}\" data-image-title=\"WhatsApp Image 2019-10-10 at 10.19.27 AM\" data-image-description=\"\" data-image-caption=\"\" data-large-file=\"https:\/\/eldiariodesanpedro.com.ar\/sitio\/wp-content\/uploads\/2019\/10\/WhatsApp-Image-2019-10-10-at-10.19.27-AM-1024x576.jpeg\" data-src=\"https:\/\/eldiariodesanpedro.com.ar\/sitio\/wp-content\/uploads\/2019\/10\/WhatsApp-Image-2019-10-10-at-10.19.27-AM-1024x576.jpeg\" alt=\"\" class=\"wp-image-61680 lazyload\" data-srcset=\"https:\/\/eldiariodesanpedro.com.ar\/sitio\/wp-content\/uploads\/2019\/10\/WhatsApp-Image-2019-10-10-at-10.19.27-AM-1024x576.jpeg 1024w, https:\/\/eldiariodesanpedro.com.ar\/sitio\/wp-content\/uploads\/2019\/10\/WhatsApp-Image-2019-10-10-at-10.19.27-AM-300x169.jpeg 300w, https:\/\/eldiariodesanpedro.com.ar\/sitio\/wp-content\/uploads\/2019\/10\/WhatsApp-Image-2019-10-10-at-10.19.27-AM-768x432.jpeg 768w, https:\/\/eldiariodesanpedro.com.ar\/sitio\/wp-content\/uploads\/2019\/10\/WhatsApp-Image-2019-10-10-at-10.19.27-AM.jpeg 1280w\" data-sizes=\"(max-width: 1024px) 100vw, 1024px\" src=\"data:image\/svg+xml;base64,PHN2ZyB3aWR0aD0iMSIgaGVpZ2h0PSIxIiB4bWxucz0iaHR0cDovL3d3dy53My5vcmcvMjAwMC9zdmciPjwvc3ZnPg==\" style=\"--smush-placeholder-width: 1024px; --smush-placeholder-aspect-ratio: 1024\/576;\" \/><\/figure>\n","protected":false},"excerpt":{"rendered":"<p>La orden se diligencio en una vivienda de calle Magliotti al 500, se buscaba un sujeto que hace unos meses mediante intimidaci\u00f3n de arma de fuego le sustrajo un celular a una adolescente. Por la tarde del mi\u00e9rcoles personal de Gabinete Criminol\u00f3gico, diligencio orden de allanamiento en un domicilio de calle Magliotti al 500, donde [&hellip;]<\/p>\n","protected":false},"author":4,"featured_media":61681,"comment_status":"open","ping_status":"closed","sticky":false,"template":"","format":"standard","meta":{"om_disable_all_campaigns":false,"_jetpack_memberships_contains_paid_content":false,"footnotes":""},"categories":[2,103],"tags":[],"class_list":["post-61673","post","type-post","status-publish","format-standard","has-post-thumbnail","hentry","category-locales","category-policiales-locales"],"aioseo_notices":[],"gutentor_comment":0,"jetpack_featured_media_url":"https:\/\/eldiariodesanpedro.com.ar\/sitio\/wp-content\/uploads\/2019\/10\/WhatsApp-Image-2019-10-10-at-10.19.28-AM.jpeg","jetpack_shortlink":"https:\/\/wp.me\/p6RhLt-g2J","jetpack_sharing_enabled":true,"_links":{"self":[{"href":"https:\/\/eldiariodesanpedro.com.ar\/sitio\/wp-json\/wp\/v2\/posts\/61673","targetHints":{"allow":["GET"]}}],"collection":[{"href":"https:\/\/eldiariodesanpedro.com.ar\/sitio\/wp-json\/wp\/v2\/posts"}],"about":[{"href":"https:\/\/eldiariodesanpedro.com.ar\/sitio\/wp-json\/wp\/v2\/types\/post"}],"author":[{"embeddable":true,"href":"https:\/\/eldiariodesanpedro.com.ar\/sitio\/wp-json\/wp\/v2\/users\/4"}],"replies":[{"embeddable":true,"href":"https:\/\/eldiariodesanpedro.com.ar\/sitio\/wp-json\/wp\/v2\/comments?post=61673"}],"version-history":[{"count":1,"href":"https:\/\/eldiariodesanpedro.com.ar\/sitio\/wp-json\/wp\/v2\/posts\/61673\/revisions"}],"predecessor-version":[{"id":61682,"href":"https:\/\/eldiariodesanpedro.com.ar\/sitio\/wp-json\/wp\/v2\/posts\/61673\/revisions\/61682"}],"wp:featuredmedia":[{"embeddable":true,"href":"https:\/\/eldiariodesanpedro.com.ar\/sitio\/wp-json\/wp\/v2\/media\/61681"}],"wp:attachment":[{"href":"https:\/\/eldiariodesanpedro.com.ar\/sitio\/wp-json\/wp\/v2\/media?parent=61673"}],"wp:term":[{"taxonomy":"category","embeddable":true,"href":"https:\/\/eldiariodesanpedro.com.ar\/sitio\/wp-json\/wp\/v2\/categories?post=61673"},{"taxonomy":"post_tag","embeddable":true,"href":"https:\/\/eldiariodesanpedro.com.ar\/sitio\/wp-json\/wp\/v2\/tags?post=61673"}],"curies":[{"name":"wp","href":"https:\/\/api.w.org\/{rel}","templated":true}]}}