{"id":61644,"date":"2019-10-10T09:02:17","date_gmt":"2019-10-10T12:02:17","guid":{"rendered":"https:\/\/eldiariodesanpedro.com.ar\/sitio\/?p=61644"},"modified":"2019-10-10T09:02:21","modified_gmt":"2019-10-10T12:02:21","slug":"ester-noat-vamos-a-trabajar-en-la-seguridad-y-proteccion-ciudadana","status":"publish","type":"post","link":"https:\/\/eldiariodesanpedro.com.ar\/sitio\/ester-noat-vamos-a-trabajar-en-la-seguridad-y-proteccion-ciudadana\/","title":{"rendered":"Ester Noat: \u00abvamos a trabajar en la seguridad y protecci\u00f3n ciudadana\u00bb"},"content":{"rendered":"<!-- VideographyWP Plugin Message: Automatic video embedding prevented by plugin options. -->\n\n<p>La candidata a Intendenta por el Frente de Todos visit\u00f3 este mi\u00e9rcoles la ciudad de Tigre acompa\u00f1ada por la Concejala Florencia S\u00e1nchez, el candidato a Concejal Juan Cruz Gonz\u00e1lez y el ex concejal Ariel Ramanzini. <br><\/p>\n\n\n\n<p>Entre otros motivos,   para interiorizarse en el funcionamiento del sistema de seguridad implementado en esa localidad, que significa una experiencia positiva posible de ser replicada por otras comunas.  <\/p>\n\n\n\n<p>\u00abNos recibi\u00f3 el Intendente Julio Zamora. Conversamos sobre varios temas relacionados con la gesti\u00f3n de un Municipio, especialmente en lo que respecta a la seguridad y protecci\u00f3n ciudadana como pol\u00edtica de estado\u00bb, explic\u00f3. <\/p>\n\n\n\n<p>El recorrido con Zamora incluy\u00f3 el Centro de Operaciones Tigre (COT), una de las herramientas tecnol\u00f3gicas con las que cuenta y que integra el sistema de protecci\u00f3n ciudadana. <\/p>\n\n\n\n<p>El COT posee 1600 c\u00e1maras de video vigilancia que, sumadas al patrullaje de los m\u00f3viles municipales, ofrece una amplia visi\u00f3n de lo que sucede en el territorio, de manera tal que se pueda actuar con celeridad no s\u00f3lo en la prevenci\u00f3n y combate del delito, sino tambi\u00e9n para ordenar el tr\u00e1nsito vehicular; adem\u00e1s de atender todo tipo de siniestros y situaciones de emergencia.<\/p>\n\n\n\n<figure class=\"wp-block-image\"><img decoding=\"async\" width=\"1280\" height=\"853\" data-attachment-id=\"61645\" data-permalink=\"https:\/\/eldiariodesanpedro.com.ar\/sitio\/ester-noat-vamos-a-trabajar-en-la-seguridad-y-proteccion-ciudadana\/whatsapp-image-2019-10-10-at-8-14-52-am-3\/\" data-orig-file=\"https:\/\/eldiariodesanpedro.com.ar\/sitio\/wp-content\/uploads\/2019\/10\/WhatsApp-Image-2019-10-10-at-8.14.52-AM-3.jpeg\" data-orig-size=\"1280,853\" data-comments-opened=\"1\" data-image-meta=\"{&quot;aperture&quot;:&quot;0&quot;,&quot;credit&quot;:&quot;&quot;,&quot;camera&quot;:&quot;&quot;,&quot;caption&quot;:&quot;&quot;,&quot;created_timestamp&quot;:&quot;0&quot;,&quot;copyright&quot;:&quot;&quot;,&quot;focal_length&quot;:&quot;0&quot;,&quot;iso&quot;:&quot;0&quot;,&quot;shutter_speed&quot;:&quot;0&quot;,&quot;title&quot;:&quot;&quot;,&quot;orientation&quot;:&quot;0&quot;}\" data-image-title=\"WhatsApp-Image-2019-10-10-at-8.14.52-AM-3\" data-image-description=\"\" data-image-caption=\"\" data-large-file=\"https:\/\/eldiariodesanpedro.com.ar\/sitio\/wp-content\/uploads\/2019\/10\/WhatsApp-Image-2019-10-10-at-8.14.52-AM-3-1024x682.jpeg\" data-src=\"https:\/\/i2.wp.com\/eldiariodesanpedro.com.ar\/sitio\/wp-content\/uploads\/2019\/10\/WhatsApp-Image-2019-10-10-at-8.14.52-AM-3.jpeg?fit=660%2C440\" alt=\"\" class=\"wp-image-61645 lazyload\" data-srcset=\"https:\/\/eldiariodesanpedro.com.ar\/sitio\/wp-content\/uploads\/2019\/10\/WhatsApp-Image-2019-10-10-at-8.14.52-AM-3.jpeg 1280w, https:\/\/eldiariodesanpedro.com.ar\/sitio\/wp-content\/uploads\/2019\/10\/WhatsApp-Image-2019-10-10-at-8.14.52-AM-3-300x200.jpeg 300w, https:\/\/eldiariodesanpedro.com.ar\/sitio\/wp-content\/uploads\/2019\/10\/WhatsApp-Image-2019-10-10-at-8.14.52-AM-3-768x512.jpeg 768w, https:\/\/eldiariodesanpedro.com.ar\/sitio\/wp-content\/uploads\/2019\/10\/WhatsApp-Image-2019-10-10-at-8.14.52-AM-3-1024x682.jpeg 1024w\" data-sizes=\"(max-width: 1280px) 100vw, 1280px\" src=\"data:image\/svg+xml;base64,PHN2ZyB3aWR0aD0iMSIgaGVpZ2h0PSIxIiB4bWxucz0iaHR0cDovL3d3dy53My5vcmcvMjAwMC9zdmciPjwvc3ZnPg==\" style=\"--smush-placeholder-width: 1280px; --smush-placeholder-aspect-ratio: 1280\/853;\" \/><\/figure>\n","protected":false},"excerpt":{"rendered":"<p>La candidata a Intendenta por el Frente de Todos visit\u00f3 este mi\u00e9rcoles la ciudad de Tigre acompa\u00f1ada por la Concejala Florencia S\u00e1nchez, el candidato a Concejal Juan Cruz Gonz\u00e1lez y el ex concejal Ariel Ramanzini. Entre otros motivos, para interiorizarse en el funcionamiento del sistema de seguridad implementado en esa localidad, que significa una experiencia [&hellip;]<\/p>\n","protected":false},"author":4,"featured_media":61646,"comment_status":"open","ping_status":"closed","sticky":false,"template":"","format":"standard","meta":{"om_disable_all_campaigns":false,"_jetpack_memberships_contains_paid_content":false,"footnotes":""},"categories":[2,102],"tags":[],"class_list":["post-61644","post","type-post","status-publish","format-standard","has-post-thumbnail","hentry","category-locales","category-politica-locales"],"aioseo_notices":[],"gutentor_comment":0,"jetpack_featured_media_url":"https:\/\/eldiariodesanpedro.com.ar\/sitio\/wp-content\/uploads\/2019\/10\/WhatsApp-Image-2019-10-10-at-8.14.52-AM-1.jpeg","jetpack_shortlink":"https:\/\/wp.me\/p6RhLt-g2g","jetpack_sharing_enabled":true,"_links":{"self":[{"href":"https:\/\/eldiariodesanpedro.com.ar\/sitio\/wp-json\/wp\/v2\/posts\/61644","targetHints":{"allow":["GET"]}}],"collection":[{"href":"https:\/\/eldiariodesanpedro.com.ar\/sitio\/wp-json\/wp\/v2\/posts"}],"about":[{"href":"https:\/\/eldiariodesanpedro.com.ar\/sitio\/wp-json\/wp\/v2\/types\/post"}],"author":[{"embeddable":true,"href":"https:\/\/eldiariodesanpedro.com.ar\/sitio\/wp-json\/wp\/v2\/users\/4"}],"replies":[{"embeddable":true,"href":"https:\/\/eldiariodesanpedro.com.ar\/sitio\/wp-json\/wp\/v2\/comments?post=61644"}],"version-history":[{"count":1,"href":"https:\/\/eldiariodesanpedro.com.ar\/sitio\/wp-json\/wp\/v2\/posts\/61644\/revisions"}],"predecessor-version":[{"id":61647,"href":"https:\/\/eldiariodesanpedro.com.ar\/sitio\/wp-json\/wp\/v2\/posts\/61644\/revisions\/61647"}],"wp:featuredmedia":[{"embeddable":true,"href":"https:\/\/eldiariodesanpedro.com.ar\/sitio\/wp-json\/wp\/v2\/media\/61646"}],"wp:attachment":[{"href":"https:\/\/eldiariodesanpedro.com.ar\/sitio\/wp-json\/wp\/v2\/media?parent=61644"}],"wp:term":[{"taxonomy":"category","embeddable":true,"href":"https:\/\/eldiariodesanpedro.com.ar\/sitio\/wp-json\/wp\/v2\/categories?post=61644"},{"taxonomy":"post_tag","embeddable":true,"href":"https:\/\/eldiariodesanpedro.com.ar\/sitio\/wp-json\/wp\/v2\/tags?post=61644"}],"curies":[{"name":"wp","href":"https:\/\/api.w.org\/{rel}","templated":true}]}}