{"id":61641,"date":"2019-10-10T08:49:39","date_gmt":"2019-10-10T11:49:39","guid":{"rendered":"https:\/\/eldiariodesanpedro.com.ar\/sitio\/?p=61641"},"modified":"2019-10-10T08:49:43","modified_gmt":"2019-10-10T11:49:43","slug":"la-federacion-de-almaceneros-aseguro-no-somos-formadores-de-precios","status":"publish","type":"post","link":"https:\/\/eldiariodesanpedro.com.ar\/sitio\/la-federacion-de-almaceneros-aseguro-no-somos-formadores-de-precios\/","title":{"rendered":"La Federaci\u00f3n de almaceneros aseguro \u00abNo somos formadores de precios\u00bb"},"content":{"rendered":"<!-- VideographyWP Plugin Message: Automatic video embedding prevented by plugin options. -->\n\n<p><em><strong>FEDERACION DE ENTIDADES DE ALMACENEROS<br><\/strong><\/em><strong><em>MINORISTAS, AUTOSERVICIOS ALIMENTICIOS Y AFINES<br><\/em><em>DE LA PROVINCIA DE BUENOS AIRES<\/em><\/strong><\/p>\n\n\n\n<p>La Federaci\u00f3n de Entidades de Almaceneros Minoristas, Autoservicios Alimenticios y Afines de la Provincia de Buenos Aires conjuntamente con la\u00a0Confederaci\u00f3n General Almacenera de la Rep\u00fablica Argentina, se pone nuevamente\u00a0 en contacto con los medios de prensa radiales y televisivos para reiterarles que nos encontramos frente a una escalada de precios, con incrementos del 10 al 20% por parte de nuestras empresas proveedoras, incluyendo el canal mayorista.<\/p>\n\n\n\n<p>Destacamos que esto comenz\u00f3 a principios del mes en curso, sorprendiendo que el puntapi\u00e9 inicial llegara de la mano de grandes multinacionales, dominantes del mercado alimentario de nuestro pa\u00eds.<\/p>\n\n\n\n<p>En consecuencia, y en virtud del esp\u00edritu de nuestros Dirigentes, quienes bregamos y bregaremos por seguir dejando por sentado el alto grado de compromiso con nuestros vecinos y el pa\u00eds, es que reiteramos: NO SOMOS FORMADORES DE PRECIOS, SIMPLEMENTE LOS TRASLADAMOS&nbsp; a medida que entran en vigencia las listas.<\/p>\n\n\n\n<p>A los medios y teniendo en cuenta la relaci\u00f3n que mantenemos, F.A.B.A. queda a disposici\u00f3n para poner al alcance de quien lo desee las listas que avalan nuestros dichos.<\/p>\n\n\n\n<p>Cordialmente<\/p>\n\n\n\n<p><strong>Juan Carlos Menchiki\u00e1n&nbsp; &nbsp; &nbsp; &nbsp; &nbsp; &nbsp; &nbsp;Fernando Savore&nbsp;&nbsp;&nbsp;&nbsp;&nbsp;&nbsp;&nbsp;&nbsp;&nbsp;&nbsp;&nbsp;&nbsp;&nbsp;&nbsp;&nbsp; Nelson Figueredo<\/strong><\/p>\n\n\n\n<p>&nbsp; Secretario F.A.B.A.&nbsp;&nbsp;&nbsp;&nbsp;&nbsp;&nbsp;&nbsp;&nbsp;&nbsp;&nbsp;&nbsp;&nbsp;&nbsp;&nbsp;&nbsp;&nbsp;&nbsp;&nbsp;&nbsp;&nbsp; Presidente F.A.B.A.&nbsp;&nbsp;&nbsp;&nbsp;&nbsp;&nbsp; Secretario Perm. C.G.A.R.A.<\/p>\n","protected":false},"excerpt":{"rendered":"<p>FEDERACION DE ENTIDADES DE ALMACENEROSMINORISTAS, AUTOSERVICIOS ALIMENTICIOS Y AFINESDE LA PROVINCIA DE BUENOS AIRES La Federaci\u00f3n de Entidades de Almaceneros Minoristas, Autoservicios Alimenticios y Afines de la Provincia de Buenos Aires conjuntamente con la\u00a0Confederaci\u00f3n General Almacenera de la Rep\u00fablica Argentina, se pone nuevamente\u00a0 en contacto con los medios de prensa radiales y televisivos para reiterarles [&hellip;]<\/p>\n","protected":false},"author":4,"featured_media":61642,"comment_status":"open","ping_status":"closed","sticky":false,"template":"","format":"standard","meta":{"om_disable_all_campaigns":false,"_jetpack_memberships_contains_paid_content":false,"footnotes":""},"categories":[101,2],"tags":[],"class_list":["post-61641","post","type-post","status-publish","format-standard","has-post-thumbnail","hentry","category-interes-general-locales","category-locales"],"aioseo_notices":[],"gutentor_comment":0,"jetpack_featured_media_url":"https:\/\/eldiariodesanpedro.com.ar\/sitio\/wp-content\/uploads\/2019\/10\/D4xg1UqXoAIFuBc.jpg","jetpack_shortlink":"https:\/\/wp.me\/p6RhLt-g2d","jetpack_sharing_enabled":true,"_links":{"self":[{"href":"https:\/\/eldiariodesanpedro.com.ar\/sitio\/wp-json\/wp\/v2\/posts\/61641","targetHints":{"allow":["GET"]}}],"collection":[{"href":"https:\/\/eldiariodesanpedro.com.ar\/sitio\/wp-json\/wp\/v2\/posts"}],"about":[{"href":"https:\/\/eldiariodesanpedro.com.ar\/sitio\/wp-json\/wp\/v2\/types\/post"}],"author":[{"embeddable":true,"href":"https:\/\/eldiariodesanpedro.com.ar\/sitio\/wp-json\/wp\/v2\/users\/4"}],"replies":[{"embeddable":true,"href":"https:\/\/eldiariodesanpedro.com.ar\/sitio\/wp-json\/wp\/v2\/comments?post=61641"}],"version-history":[{"count":1,"href":"https:\/\/eldiariodesanpedro.com.ar\/sitio\/wp-json\/wp\/v2\/posts\/61641\/revisions"}],"predecessor-version":[{"id":61643,"href":"https:\/\/eldiariodesanpedro.com.ar\/sitio\/wp-json\/wp\/v2\/posts\/61641\/revisions\/61643"}],"wp:featuredmedia":[{"embeddable":true,"href":"https:\/\/eldiariodesanpedro.com.ar\/sitio\/wp-json\/wp\/v2\/media\/61642"}],"wp:attachment":[{"href":"https:\/\/eldiariodesanpedro.com.ar\/sitio\/wp-json\/wp\/v2\/media?parent=61641"}],"wp:term":[{"taxonomy":"category","embeddable":true,"href":"https:\/\/eldiariodesanpedro.com.ar\/sitio\/wp-json\/wp\/v2\/categories?post=61641"},{"taxonomy":"post_tag","embeddable":true,"href":"https:\/\/eldiariodesanpedro.com.ar\/sitio\/wp-json\/wp\/v2\/tags?post=61641"}],"curies":[{"name":"wp","href":"https:\/\/api.w.org\/{rel}","templated":true}]}}