{"id":61638,"date":"2019-10-10T08:38:00","date_gmt":"2019-10-10T11:38:00","guid":{"rendered":"https:\/\/eldiariodesanpedro.com.ar\/sitio\/?p=61638"},"modified":"2019-10-10T08:38:04","modified_gmt":"2019-10-10T11:38:04","slug":"charla-sobre-microfranquicias-en-el-centro-de-comercio","status":"publish","type":"post","link":"https:\/\/eldiariodesanpedro.com.ar\/sitio\/charla-sobre-microfranquicias-en-el-centro-de-comercio\/","title":{"rendered":"Charla sobre microfranquicias en el Centro de Comercio"},"content":{"rendered":"<!-- VideographyWP Plugin Message: Automatic video embedding prevented by plugin options. -->\n\n<p>El pr\u00f3ximo jueves 31 de octubre a las 15 se ofrecer\u00e1 una nueva charla enmarcada en el ciclo de propuestas ofrecidas desde nuestra entidad para generar oportunidades de capacitaci\u00f3n y emprendedurismo para nuestros socios y la comunidad sampedrina.\u00a0 <\/p>\n\n\n\n<p>Los especialistas D\u00e9bora Schapira, V\u00edctor Hugo Caicedo y Gustavo Luis Rodr\u00edguez brindar\u00e1n una charla sobre Microfranquicias, una alternativa innovadora para emprendeder.<\/p>\n\n\n\n<p>Las microfranquicias est\u00e1n consideradas como una iniciativa empresarial para aquellos que emprenden por necesidad, y en algunos pa\u00edses son consideradas como una respuesta y una soluci\u00f3n al desempleo y subempleo.<\/p>\n\n\n\n<p>En contextos en los que las empresas reducen las ofertas para incorporarse a ellas y las posibilidades de encontrar empleos disminuyen, esta opci\u00f3n puede transformarse en una salida favorable.<\/p>\n\n\n\n<p>Los expertos explican, por ejemplo, que quienes tienen un peque\u00f1o negocio \u2013como una cerrajer\u00eda, una zapater\u00eda, una papelera o una casa de est\u00e9tica\u2013 lo pueden convertir f\u00e1cilmente en una microfranquicia.<\/p>\n\n\n\n<p>Algunas de las recomendaciones para triunfar con este modelo son: investigar qu\u00e9 opciones nos convienen y cu\u00e1les tienen cobertura en la zona; obtener informaci\u00f3n sobre el negocio y la licencia correspondiente; buscar una ubicaci\u00f3n apropiada en la ciudad; y analizar las preferencias y gustos de los residentes de la localidad en la que se va a instalar el negocio.\u00a0<\/p>\n\n\n\n<p>Alrededor de estas consideraciones, se compartir\u00e1n experiencias exitosas y detalles sobre c\u00f3mo avanzar en este sentido.\u00a0<\/p>\n\n\n\n<p><strong>La actividad ser\u00e1 gratuita pero se debe registrar la inscripci\u00f3n a trav\u00e9s del correo electr\u00f3nico&nbsp;<a href=\"mailto:centrodecomerciosp@arnetbiz.com.ar\" target=\"_blank\" rel=\"noreferrer noopener\">centrodecomerciosp@arnetbiz.com.ar<\/a>&nbsp;o comunic\u00e1ndose a los tel\u00e9fonos 423-386 o 425-266.<\/strong><\/p>\n","protected":false},"excerpt":{"rendered":"<p>El pr\u00f3ximo jueves 31 de octubre a las 15 se ofrecer\u00e1 una nueva charla enmarcada en el ciclo de propuestas ofrecidas desde nuestra entidad para generar oportunidades de capacitaci\u00f3n y emprendedurismo para nuestros socios y la comunidad sampedrina.\u00a0 Los especialistas D\u00e9bora Schapira, V\u00edctor Hugo Caicedo y Gustavo Luis Rodr\u00edguez brindar\u00e1n una charla sobre Microfranquicias, una [&hellip;]<\/p>\n","protected":false},"author":4,"featured_media":61639,"comment_status":"open","ping_status":"closed","sticky":false,"template":"","format":"standard","meta":{"om_disable_all_campaigns":false,"_jetpack_memberships_contains_paid_content":false,"footnotes":""},"categories":[101,2],"tags":[],"class_list":["post-61638","post","type-post","status-publish","format-standard","has-post-thumbnail","hentry","category-interes-general-locales","category-locales"],"aioseo_notices":[],"gutentor_comment":0,"jetpack_featured_media_url":"https:\/\/eldiariodesanpedro.com.ar\/sitio\/wp-content\/uploads\/2019\/10\/microfranquicias.jpg","jetpack_shortlink":"https:\/\/wp.me\/p6RhLt-g2a","jetpack_sharing_enabled":true,"_links":{"self":[{"href":"https:\/\/eldiariodesanpedro.com.ar\/sitio\/wp-json\/wp\/v2\/posts\/61638","targetHints":{"allow":["GET"]}}],"collection":[{"href":"https:\/\/eldiariodesanpedro.com.ar\/sitio\/wp-json\/wp\/v2\/posts"}],"about":[{"href":"https:\/\/eldiariodesanpedro.com.ar\/sitio\/wp-json\/wp\/v2\/types\/post"}],"author":[{"embeddable":true,"href":"https:\/\/eldiariodesanpedro.com.ar\/sitio\/wp-json\/wp\/v2\/users\/4"}],"replies":[{"embeddable":true,"href":"https:\/\/eldiariodesanpedro.com.ar\/sitio\/wp-json\/wp\/v2\/comments?post=61638"}],"version-history":[{"count":1,"href":"https:\/\/eldiariodesanpedro.com.ar\/sitio\/wp-json\/wp\/v2\/posts\/61638\/revisions"}],"predecessor-version":[{"id":61640,"href":"https:\/\/eldiariodesanpedro.com.ar\/sitio\/wp-json\/wp\/v2\/posts\/61638\/revisions\/61640"}],"wp:featuredmedia":[{"embeddable":true,"href":"https:\/\/eldiariodesanpedro.com.ar\/sitio\/wp-json\/wp\/v2\/media\/61639"}],"wp:attachment":[{"href":"https:\/\/eldiariodesanpedro.com.ar\/sitio\/wp-json\/wp\/v2\/media?parent=61638"}],"wp:term":[{"taxonomy":"category","embeddable":true,"href":"https:\/\/eldiariodesanpedro.com.ar\/sitio\/wp-json\/wp\/v2\/categories?post=61638"},{"taxonomy":"post_tag","embeddable":true,"href":"https:\/\/eldiariodesanpedro.com.ar\/sitio\/wp-json\/wp\/v2\/tags?post=61638"}],"curies":[{"name":"wp","href":"https:\/\/api.w.org\/{rel}","templated":true}]}}