{"id":61631,"date":"2019-10-09T18:48:34","date_gmt":"2019-10-09T21:48:34","guid":{"rendered":"https:\/\/eldiariodesanpedro.com.ar\/sitio\/?p=61631"},"modified":"2019-10-09T18:48:38","modified_gmt":"2019-10-09T21:48:38","slug":"comenzo-la-novena-edicion-de-la-bienal-de-arte-joven","status":"publish","type":"post","link":"https:\/\/eldiariodesanpedro.com.ar\/sitio\/comenzo-la-novena-edicion-de-la-bienal-de-arte-joven\/","title":{"rendered":"Comenz\u00f3 la Novena edici\u00f3n de la Bienal de Arte Joven"},"content":{"rendered":"<!-- VideographyWP Plugin Message: Automatic video embedding prevented by plugin options. -->\n\n<p> La Escuela de Educaci\u00f3n Especial 501 se encuentra realizando la Novena Edici\u00f3n de la Bienal del Arte Joven donde tambi\u00e9n participan otros establecimientos educativos y organizaciones sociales. Seran dos dias a puro arte en el Paseo Publico Municipal.<\/p>\n\n\n\n<p>Este a\u00f1o el lema es \u00abReciclarte: un mundo mejor es posible\u00bb.<br>La Bienal realiza\u00a0convocatorias en artes visuales, esc\u00e9nicas, audiovisuales, m\u00fasica y literatura, con el fin de promover la formaci\u00f3n pr\u00e1ctica y te\u00f3rica, propiciar circuitos de encuentro e intercambio, apoyar el desarrollo de nuevas producciones y su circulaci\u00f3n. Es una\u00a0iniciativa de la Subsecretar\u00eda de Pol\u00edticas Culturales y Nuevas Audiencias del Ministerio de Cultura\u00a0 <\/p>\n\n\n\n<p>Hoy son las voces de ni\u00f1as, ni\u00f1os, j\u00f3venes y docentes que nos dicen \u201cUn mundo mejor es posible\u201d.<\/p>\n\n\n\n<p>Participan de la bienal las escuelas que llevan adelante proyectos con compromiso socioambiental y las que se sumaron a realizar una muestra especial para hoy y ma\u00f1ana, en teatro, danza, m\u00fasica, pintura, escultura, carrozas!<\/p>\n\n\n\n<p>Por la tarde del mi\u00e9rcoles a las 14hs se plantaron 10 \u00e1rboles nativos con la Escuela San Francisco de As\u00eds, cerquita del R\u00edo, para enriquecer la biodiversidad y el paisaje, para aprender plantando.\u00a0Tambi\u00e9n se solicita si pod\u00e9s acercar tus ecoladrillos 100% pl\u00e1sticos.\u00a0<\/p>\n\n\n\n<p>En esta oportunidad participaron casi el 90% de las escuelas, el armado de las carrozas fue con todos materiales reciclables, herramientas viejas, etc. <\/p>\n\n\n\n<iframe data-src=\"https:\/\/www.facebook.com\/plugins\/post.php?href=https%3A%2F%2Fwww.facebook.com%2Feldiario.desanpedro%2Fposts%2F1098497663692705&#038;width=500\" width=\"500\" height=\"669\" style=\"border:none;overflow:hidden\" scrolling=\"no\" frameborder=\"0\" allowTransparency=\"true\" allow=\"encrypted-media\" src=\"data:image\/svg+xml;base64,PHN2ZyB3aWR0aD0iMSIgaGVpZ2h0PSIxIiB4bWxucz0iaHR0cDovL3d3dy53My5vcmcvMjAwMC9zdmciPjwvc3ZnPg==\" class=\"lazyload\" data-load-mode=\"1\"><\/iframe>\n","protected":false},"excerpt":{"rendered":"<p>La Escuela de Educaci\u00f3n Especial 501 se encuentra realizando la Novena Edici\u00f3n de la Bienal del Arte Joven donde tambi\u00e9n participan otros establecimientos educativos y organizaciones sociales. Seran dos dias a puro arte en el Paseo Publico Municipal. Este a\u00f1o el lema es \u00abReciclarte: un mundo mejor es posible\u00bb.La Bienal realiza\u00a0convocatorias en artes visuales, esc\u00e9nicas, [&hellip;]<\/p>\n","protected":false},"author":4,"featured_media":61634,"comment_status":"open","ping_status":"closed","sticky":false,"template":"","format":"standard","meta":{"om_disable_all_campaigns":false,"_jetpack_memberships_contains_paid_content":false,"footnotes":""},"categories":[50,101,2],"tags":[],"class_list":["post-61631","post","type-post","status-publish","format-standard","has-post-thumbnail","hentry","category-destacadas","category-interes-general-locales","category-locales"],"aioseo_notices":[],"gutentor_comment":0,"jetpack_featured_media_url":"https:\/\/eldiariodesanpedro.com.ar\/sitio\/wp-content\/uploads\/2019\/10\/71789706_1098494467026358_4040575678683283456_o.jpg","jetpack_shortlink":"https:\/\/wp.me\/p6RhLt-g23","jetpack_sharing_enabled":true,"_links":{"self":[{"href":"https:\/\/eldiariodesanpedro.com.ar\/sitio\/wp-json\/wp\/v2\/posts\/61631","targetHints":{"allow":["GET"]}}],"collection":[{"href":"https:\/\/eldiariodesanpedro.com.ar\/sitio\/wp-json\/wp\/v2\/posts"}],"about":[{"href":"https:\/\/eldiariodesanpedro.com.ar\/sitio\/wp-json\/wp\/v2\/types\/post"}],"author":[{"embeddable":true,"href":"https:\/\/eldiariodesanpedro.com.ar\/sitio\/wp-json\/wp\/v2\/users\/4"}],"replies":[{"embeddable":true,"href":"https:\/\/eldiariodesanpedro.com.ar\/sitio\/wp-json\/wp\/v2\/comments?post=61631"}],"version-history":[{"count":2,"href":"https:\/\/eldiariodesanpedro.com.ar\/sitio\/wp-json\/wp\/v2\/posts\/61631\/revisions"}],"predecessor-version":[{"id":61635,"href":"https:\/\/eldiariodesanpedro.com.ar\/sitio\/wp-json\/wp\/v2\/posts\/61631\/revisions\/61635"}],"wp:featuredmedia":[{"embeddable":true,"href":"https:\/\/eldiariodesanpedro.com.ar\/sitio\/wp-json\/wp\/v2\/media\/61634"}],"wp:attachment":[{"href":"https:\/\/eldiariodesanpedro.com.ar\/sitio\/wp-json\/wp\/v2\/media?parent=61631"}],"wp:term":[{"taxonomy":"category","embeddable":true,"href":"https:\/\/eldiariodesanpedro.com.ar\/sitio\/wp-json\/wp\/v2\/categories?post=61631"},{"taxonomy":"post_tag","embeddable":true,"href":"https:\/\/eldiariodesanpedro.com.ar\/sitio\/wp-json\/wp\/v2\/tags?post=61631"}],"curies":[{"name":"wp","href":"https:\/\/api.w.org\/{rel}","templated":true}]}}