{"id":61623,"date":"2019-10-09T11:44:45","date_gmt":"2019-10-09T14:44:45","guid":{"rendered":"https:\/\/eldiariodesanpedro.com.ar\/sitio\/?p=61623"},"modified":"2019-10-09T11:44:49","modified_gmt":"2019-10-09T14:44:49","slug":"un-auto-choco-a-un-caballo-y-se-dio-a-la-fuga","status":"publish","type":"post","link":"https:\/\/eldiariodesanpedro.com.ar\/sitio\/un-auto-choco-a-un-caballo-y-se-dio-a-la-fuga\/","title":{"rendered":"Un auto choco a un caballo y se dio a la fuga"},"content":{"rendered":"<!-- VideographyWP Plugin Message: Automatic video embedding prevented by plugin options. -->\n\n<p>El hecho sucedi\u00f3 esta ma\u00f1ana en calle Brennan al 1300, el animal cruzaba  y fue embestido por un autom\u00f3vil.<\/p>\n\n\n\n<p>Personal policial acudi\u00f3 a un accidente de transito producido por un veh\u00edculo marca Ford Falc\u00f3n Blanco y un equino en inmediaciones del CIC sobre calle Brennan.<\/p>\n\n\n\n<p>El conductor luego de chocar al animal se dio a la fuga, solo bajo del auto unos segundos para ver el parabrisas que hab\u00eda roto.<\/p>\n\n\n\n<p>Tristemente el caballo quedo tirado en la calzada, con graves heridas en sus patas esperando la intervenci\u00f3n de un veterinario.<\/p>\n\n\n\n<p>Se encuentra en investigaci\u00f3n.<\/p>\n\n\n\n<figure class=\"wp-block-image\"><img decoding=\"async\" width=\"1055\" height=\"525\" data-attachment-id=\"61624\" data-permalink=\"https:\/\/eldiariodesanpedro.com.ar\/sitio\/un-auto-choco-a-un-caballo-y-se-dio-a-la-fuga\/caballo-atropellado-calle-brennan\/\" data-orig-file=\"https:\/\/eldiariodesanpedro.com.ar\/sitio\/wp-content\/uploads\/2019\/10\/Caballo-atropellado-calle-Brennan.png\" data-orig-size=\"1055,525\" data-comments-opened=\"1\" data-image-meta=\"{&quot;aperture&quot;:&quot;0&quot;,&quot;credit&quot;:&quot;&quot;,&quot;camera&quot;:&quot;&quot;,&quot;caption&quot;:&quot;&quot;,&quot;created_timestamp&quot;:&quot;0&quot;,&quot;copyright&quot;:&quot;&quot;,&quot;focal_length&quot;:&quot;0&quot;,&quot;iso&quot;:&quot;0&quot;,&quot;shutter_speed&quot;:&quot;0&quot;,&quot;title&quot;:&quot;&quot;,&quot;orientation&quot;:&quot;0&quot;}\" data-image-title=\"Caballo-atropellado-calle-Brennan\" data-image-description=\"\" data-image-caption=\"\" data-large-file=\"https:\/\/eldiariodesanpedro.com.ar\/sitio\/wp-content\/uploads\/2019\/10\/Caballo-atropellado-calle-Brennan-1024x510.png\" data-src=\"https:\/\/i2.wp.com\/eldiariodesanpedro.com.ar\/sitio\/wp-content\/uploads\/2019\/10\/Caballo-atropellado-calle-Brennan.png?fit=660%2C329\" alt=\"\" class=\"wp-image-61624 lazyload\" data-srcset=\"https:\/\/eldiariodesanpedro.com.ar\/sitio\/wp-content\/uploads\/2019\/10\/Caballo-atropellado-calle-Brennan.png 1055w, https:\/\/eldiariodesanpedro.com.ar\/sitio\/wp-content\/uploads\/2019\/10\/Caballo-atropellado-calle-Brennan-300x149.png 300w, https:\/\/eldiariodesanpedro.com.ar\/sitio\/wp-content\/uploads\/2019\/10\/Caballo-atropellado-calle-Brennan-768x382.png 768w, https:\/\/eldiariodesanpedro.com.ar\/sitio\/wp-content\/uploads\/2019\/10\/Caballo-atropellado-calle-Brennan-1024x510.png 1024w\" data-sizes=\"(max-width: 1055px) 100vw, 1055px\" src=\"data:image\/svg+xml;base64,PHN2ZyB3aWR0aD0iMSIgaGVpZ2h0PSIxIiB4bWxucz0iaHR0cDovL3d3dy53My5vcmcvMjAwMC9zdmciPjwvc3ZnPg==\" style=\"--smush-placeholder-width: 1055px; --smush-placeholder-aspect-ratio: 1055\/525;\" \/><\/figure>\n\n\n\n<p>FOTO NOTICIAS SAN PEDRO<\/p>\n","protected":false},"excerpt":{"rendered":"<p>El hecho sucedi\u00f3 esta ma\u00f1ana en calle Brennan al 1300, el animal cruzaba y fue embestido por un autom\u00f3vil. Personal policial acudi\u00f3 a un accidente de transito producido por un veh\u00edculo marca Ford Falc\u00f3n Blanco y un equino en inmediaciones del CIC sobre calle Brennan. El conductor luego de chocar al animal se dio a [&hellip;]<\/p>\n","protected":false},"author":4,"featured_media":60956,"comment_status":"open","ping_status":"closed","sticky":false,"template":"","format":"standard","meta":{"om_disable_all_campaigns":false,"_jetpack_memberships_contains_paid_content":false,"footnotes":""},"categories":[2,103],"tags":[],"class_list":["post-61623","post","type-post","status-publish","format-standard","has-post-thumbnail","hentry","category-locales","category-policiales-locales"],"aioseo_notices":[],"gutentor_comment":0,"jetpack_featured_media_url":"https:\/\/eldiariodesanpedro.com.ar\/sitio\/wp-content\/uploads\/2019\/09\/nuevos-patrulleros-policia-02_5.jpg","jetpack_shortlink":"https:\/\/wp.me\/p6RhLt-g1V","jetpack_sharing_enabled":true,"_links":{"self":[{"href":"https:\/\/eldiariodesanpedro.com.ar\/sitio\/wp-json\/wp\/v2\/posts\/61623","targetHints":{"allow":["GET"]}}],"collection":[{"href":"https:\/\/eldiariodesanpedro.com.ar\/sitio\/wp-json\/wp\/v2\/posts"}],"about":[{"href":"https:\/\/eldiariodesanpedro.com.ar\/sitio\/wp-json\/wp\/v2\/types\/post"}],"author":[{"embeddable":true,"href":"https:\/\/eldiariodesanpedro.com.ar\/sitio\/wp-json\/wp\/v2\/users\/4"}],"replies":[{"embeddable":true,"href":"https:\/\/eldiariodesanpedro.com.ar\/sitio\/wp-json\/wp\/v2\/comments?post=61623"}],"version-history":[{"count":1,"href":"https:\/\/eldiariodesanpedro.com.ar\/sitio\/wp-json\/wp\/v2\/posts\/61623\/revisions"}],"predecessor-version":[{"id":61625,"href":"https:\/\/eldiariodesanpedro.com.ar\/sitio\/wp-json\/wp\/v2\/posts\/61623\/revisions\/61625"}],"wp:featuredmedia":[{"embeddable":true,"href":"https:\/\/eldiariodesanpedro.com.ar\/sitio\/wp-json\/wp\/v2\/media\/60956"}],"wp:attachment":[{"href":"https:\/\/eldiariodesanpedro.com.ar\/sitio\/wp-json\/wp\/v2\/media?parent=61623"}],"wp:term":[{"taxonomy":"category","embeddable":true,"href":"https:\/\/eldiariodesanpedro.com.ar\/sitio\/wp-json\/wp\/v2\/categories?post=61623"},{"taxonomy":"post_tag","embeddable":true,"href":"https:\/\/eldiariodesanpedro.com.ar\/sitio\/wp-json\/wp\/v2\/tags?post=61623"}],"curies":[{"name":"wp","href":"https:\/\/api.w.org\/{rel}","templated":true}]}}