{"id":61621,"date":"2019-10-09T11:03:22","date_gmt":"2019-10-09T14:03:22","guid":{"rendered":"https:\/\/eldiariodesanpedro.com.ar\/sitio\/?p=61621"},"modified":"2019-10-09T11:03:26","modified_gmt":"2019-10-09T14:03:26","slug":"le-arrebataron-su-mochila","status":"publish","type":"post","link":"https:\/\/eldiariodesanpedro.com.ar\/sitio\/le-arrebataron-su-mochila\/","title":{"rendered":"Le arrebataron su mochila"},"content":{"rendered":"<!-- VideographyWP Plugin Message: Automatic video embedding prevented by plugin options. -->\n\n<p>Una joven de 19 a\u00f1os de edad se encontraba por la noche del lunes en la v\u00eda publica cuando dos delincuentes se le acercan y tras intimidaci\u00f3n verbal le sustraen la mochila con pertenencias.<\/p>\n\n\n\n<p>La victima radico su denuncia en la dependencia local  y toma intervenci\u00f3n la fiscalia en turno.<\/p>\n","protected":false},"excerpt":{"rendered":"<p>Una joven de 19 a\u00f1os de edad se encontraba por la noche del lunes en la v\u00eda publica cuando dos delincuentes se le acercan y tras intimidaci\u00f3n verbal le sustraen la mochila con pertenencias. La victima radico su denuncia en la dependencia local y toma intervenci\u00f3n la fiscalia en turno.<\/p>\n","protected":false},"author":4,"featured_media":54568,"comment_status":"open","ping_status":"closed","sticky":false,"template":"","format":"standard","meta":{"om_disable_all_campaigns":false,"_jetpack_memberships_contains_paid_content":false,"footnotes":""},"categories":[2,103],"tags":[],"class_list":["post-61621","post","type-post","status-publish","format-standard","has-post-thumbnail","hentry","category-locales","category-policiales-locales"],"aioseo_notices":[],"gutentor_comment":0,"jetpack_featured_media_url":"https:\/\/eldiariodesanpedro.com.ar\/sitio\/wp-content\/uploads\/2019\/06\/arrebato-4.jpg","jetpack_shortlink":"https:\/\/wp.me\/p6RhLt-g1T","jetpack_sharing_enabled":true,"_links":{"self":[{"href":"https:\/\/eldiariodesanpedro.com.ar\/sitio\/wp-json\/wp\/v2\/posts\/61621","targetHints":{"allow":["GET"]}}],"collection":[{"href":"https:\/\/eldiariodesanpedro.com.ar\/sitio\/wp-json\/wp\/v2\/posts"}],"about":[{"href":"https:\/\/eldiariodesanpedro.com.ar\/sitio\/wp-json\/wp\/v2\/types\/post"}],"author":[{"embeddable":true,"href":"https:\/\/eldiariodesanpedro.com.ar\/sitio\/wp-json\/wp\/v2\/users\/4"}],"replies":[{"embeddable":true,"href":"https:\/\/eldiariodesanpedro.com.ar\/sitio\/wp-json\/wp\/v2\/comments?post=61621"}],"version-history":[{"count":1,"href":"https:\/\/eldiariodesanpedro.com.ar\/sitio\/wp-json\/wp\/v2\/posts\/61621\/revisions"}],"predecessor-version":[{"id":61622,"href":"https:\/\/eldiariodesanpedro.com.ar\/sitio\/wp-json\/wp\/v2\/posts\/61621\/revisions\/61622"}],"wp:featuredmedia":[{"embeddable":true,"href":"https:\/\/eldiariodesanpedro.com.ar\/sitio\/wp-json\/wp\/v2\/media\/54568"}],"wp:attachment":[{"href":"https:\/\/eldiariodesanpedro.com.ar\/sitio\/wp-json\/wp\/v2\/media?parent=61621"}],"wp:term":[{"taxonomy":"category","embeddable":true,"href":"https:\/\/eldiariodesanpedro.com.ar\/sitio\/wp-json\/wp\/v2\/categories?post=61621"},{"taxonomy":"post_tag","embeddable":true,"href":"https:\/\/eldiariodesanpedro.com.ar\/sitio\/wp-json\/wp\/v2\/tags?post=61621"}],"curies":[{"name":"wp","href":"https:\/\/api.w.org\/{rel}","templated":true}]}}