{"id":61619,"date":"2019-10-09T10:49:21","date_gmt":"2019-10-09T13:49:21","guid":{"rendered":"https:\/\/eldiariodesanpedro.com.ar\/sitio\/?p=61619"},"modified":"2019-10-09T10:49:27","modified_gmt":"2019-10-09T13:49:27","slug":"aprehendidos-por-tenencia-de-marihuana-y-pedido-de-captura-activa","status":"publish","type":"post","link":"https:\/\/eldiariodesanpedro.com.ar\/sitio\/aprehendidos-por-tenencia-de-marihuana-y-pedido-de-captura-activa\/","title":{"rendered":"Aprehendidos por tenencia de marihuana y pedido de captura activa"},"content":{"rendered":"<!-- VideographyWP Plugin Message: Automatic video embedding prevented by plugin options. -->\n\n<p>Dos masculinos mayores de edad fueron aprehendidos en la v\u00eda publica en operativos habituales por el personal policial. Uno de ellos registraba pedido de captura activo del a\u00f1o 2018 y el otro pose\u00eda bagullos de marihuana.<\/p>\n\n\n\n<p>Por la tarde de este martes, personal policial en el  marco de distintos operativos continuos en calle Chacabuco y 11 de Septiembre, se detuvo a un sujeto de 30 a\u00f1os de edad, quien luego de cursar sus datos por el sistema inform\u00e1tico policial registra pedido de paradero activo en causa judicial  del a\u00f1o 2018 \u00abROBO SAN PEDRO\u00bb a\u00a0\u00a0requerimiento Juzgado Correccional N\u00b0 1 San Nicolas<\/p>\n\n\n\n<p>Tambi\u00e9n en intersecci\u00f3n de la calle Manuel Iglesias y Gral Pueyrredon se aprehende a un ciudadano de 39,  secuestrandosele dos envoltorios de marihuana por un pesaje de 7gr\u00a0.<\/p>\n\n\n\n<p>interviene la  UFI 5<br><\/p>\n","protected":false},"excerpt":{"rendered":"<p>Dos masculinos mayores de edad fueron aprehendidos en la v\u00eda publica en operativos habituales por el personal policial. Uno de ellos registraba pedido de captura activo del a\u00f1o 2018 y el otro pose\u00eda bagullos de marihuana. Por la tarde de este martes, personal policial en el marco de distintos operativos continuos en calle Chacabuco y [&hellip;]<\/p>\n","protected":false},"author":4,"featured_media":60820,"comment_status":"open","ping_status":"closed","sticky":false,"template":"","format":"standard","meta":{"om_disable_all_campaigns":false,"_jetpack_memberships_contains_paid_content":false,"footnotes":""},"categories":[2,103],"tags":[],"class_list":["post-61619","post","type-post","status-publish","format-standard","has-post-thumbnail","hentry","category-locales","category-policiales-locales"],"aioseo_notices":[],"gutentor_comment":0,"jetpack_featured_media_url":"https:\/\/eldiariodesanpedro.com.ar\/sitio\/wp-content\/uploads\/2019\/09\/menor-aprehendido.jpg","jetpack_shortlink":"https:\/\/wp.me\/p6RhLt-g1R","jetpack_sharing_enabled":true,"_links":{"self":[{"href":"https:\/\/eldiariodesanpedro.com.ar\/sitio\/wp-json\/wp\/v2\/posts\/61619","targetHints":{"allow":["GET"]}}],"collection":[{"href":"https:\/\/eldiariodesanpedro.com.ar\/sitio\/wp-json\/wp\/v2\/posts"}],"about":[{"href":"https:\/\/eldiariodesanpedro.com.ar\/sitio\/wp-json\/wp\/v2\/types\/post"}],"author":[{"embeddable":true,"href":"https:\/\/eldiariodesanpedro.com.ar\/sitio\/wp-json\/wp\/v2\/users\/4"}],"replies":[{"embeddable":true,"href":"https:\/\/eldiariodesanpedro.com.ar\/sitio\/wp-json\/wp\/v2\/comments?post=61619"}],"version-history":[{"count":1,"href":"https:\/\/eldiariodesanpedro.com.ar\/sitio\/wp-json\/wp\/v2\/posts\/61619\/revisions"}],"predecessor-version":[{"id":61620,"href":"https:\/\/eldiariodesanpedro.com.ar\/sitio\/wp-json\/wp\/v2\/posts\/61619\/revisions\/61620"}],"wp:featuredmedia":[{"embeddable":true,"href":"https:\/\/eldiariodesanpedro.com.ar\/sitio\/wp-json\/wp\/v2\/media\/60820"}],"wp:attachment":[{"href":"https:\/\/eldiariodesanpedro.com.ar\/sitio\/wp-json\/wp\/v2\/media?parent=61619"}],"wp:term":[{"taxonomy":"category","embeddable":true,"href":"https:\/\/eldiariodesanpedro.com.ar\/sitio\/wp-json\/wp\/v2\/categories?post=61619"},{"taxonomy":"post_tag","embeddable":true,"href":"https:\/\/eldiariodesanpedro.com.ar\/sitio\/wp-json\/wp\/v2\/tags?post=61619"}],"curies":[{"name":"wp","href":"https:\/\/api.w.org\/{rel}","templated":true}]}}