{"id":61603,"date":"2019-10-09T09:54:08","date_gmt":"2019-10-09T12:54:08","guid":{"rendered":"https:\/\/eldiariodesanpedro.com.ar\/sitio\/?p=61603"},"modified":"2019-10-09T09:54:12","modified_gmt":"2019-10-09T12:54:12","slug":"finalizo-la-participacion-sampedrina-en-la-feria-internacional-de-turismo","status":"publish","type":"post","link":"https:\/\/eldiariodesanpedro.com.ar\/sitio\/finalizo-la-participacion-sampedrina-en-la-feria-internacional-de-turismo\/","title":{"rendered":"Finaliz\u00f3 la participaci\u00f3n sampedrina en la Feria Internacional de Turismo"},"content":{"rendered":"<!-- VideographyWP Plugin Message: Automatic video embedding prevented by plugin options. -->\n\n<p> Con una gran concurrencia de p\u00fablico y muchas consultas, San Pedro particip\u00f3 de la Feria Internacional de Turismo 2019 (FIT).<br>All\u00ed se re\u00fane a todos los protagonistas de la industria global del turismo y es la feria m\u00e1s importante de Am\u00e9rica Latina, y una de las 5 m\u00e1s importantes del mundo.<\/p>\n\n\n\n<p>1700 expositores, 50 pa\u00edses y se esperan m\u00e1s de 100.000 personas visitaron durante los 4 d\u00edas esta Feria.<\/p>\n\n\n\n<p>Nuestra ciudad brind\u00f3 degustaciones y particip\u00f3 del stand de la Subsecretar\u00eda de Turismo de la Provincia, para promocionar puntos tur\u00edsticos y el sector gastron\u00f3mico.<\/p>\n\n\n\n<p>La Reina Provincial del Durazno y la Producci\u00f3n, Paula Pascual, acompa\u00f1\u00f3 el stand de San Pedro promocionando la Fiesta del Durazno. <\/p>\n\n\n\n<figure class=\"wp-block-image\"><img decoding=\"async\" width=\"960\" height=\"540\" data-attachment-id=\"61604\" data-permalink=\"https:\/\/eldiariodesanpedro.com.ar\/sitio\/finalizo-la-participacion-sampedrina-en-la-feria-internacional-de-turismo\/71751365_2505002786261048_1713453765102665728_n\/\" data-orig-file=\"https:\/\/eldiariodesanpedro.com.ar\/sitio\/wp-content\/uploads\/2019\/10\/71751365_2505002786261048_1713453765102665728_n.jpg\" data-orig-size=\"960,540\" data-comments-opened=\"1\" data-image-meta=\"{&quot;aperture&quot;:&quot;0&quot;,&quot;credit&quot;:&quot;&quot;,&quot;camera&quot;:&quot;&quot;,&quot;caption&quot;:&quot;&quot;,&quot;created_timestamp&quot;:&quot;0&quot;,&quot;copyright&quot;:&quot;&quot;,&quot;focal_length&quot;:&quot;0&quot;,&quot;iso&quot;:&quot;0&quot;,&quot;shutter_speed&quot;:&quot;0&quot;,&quot;title&quot;:&quot;&quot;,&quot;orientation&quot;:&quot;0&quot;}\" data-image-title=\"71751365_2505002786261048_1713453765102665728_n\" data-image-description=\"\" data-image-caption=\"\" data-large-file=\"https:\/\/eldiariodesanpedro.com.ar\/sitio\/wp-content\/uploads\/2019\/10\/71751365_2505002786261048_1713453765102665728_n.jpg\" data-src=\"https:\/\/eldiariodesanpedro.com.ar\/sitio\/wp-content\/uploads\/2019\/10\/71751365_2505002786261048_1713453765102665728_n.jpg\" alt=\"\" class=\"wp-image-61604 lazyload\" data-srcset=\"https:\/\/eldiariodesanpedro.com.ar\/sitio\/wp-content\/uploads\/2019\/10\/71751365_2505002786261048_1713453765102665728_n.jpg 960w, https:\/\/eldiariodesanpedro.com.ar\/sitio\/wp-content\/uploads\/2019\/10\/71751365_2505002786261048_1713453765102665728_n-300x169.jpg 300w, https:\/\/eldiariodesanpedro.com.ar\/sitio\/wp-content\/uploads\/2019\/10\/71751365_2505002786261048_1713453765102665728_n-768x432.jpg 768w\" data-sizes=\"(max-width: 960px) 100vw, 960px\" src=\"data:image\/svg+xml;base64,PHN2ZyB3aWR0aD0iMSIgaGVpZ2h0PSIxIiB4bWxucz0iaHR0cDovL3d3dy53My5vcmcvMjAwMC9zdmciPjwvc3ZnPg==\" style=\"--smush-placeholder-width: 960px; --smush-placeholder-aspect-ratio: 960\/540;\" \/><\/figure>\n\n\n\n<figure class=\"wp-block-image\"><img decoding=\"async\" width=\"960\" height=\"540\" data-attachment-id=\"61607\" data-permalink=\"https:\/\/eldiariodesanpedro.com.ar\/sitio\/finalizo-la-participacion-sampedrina-en-la-feria-internacional-de-turismo\/72218939_2505002769594383_7886564148874575872_n\/\" data-orig-file=\"https:\/\/eldiariodesanpedro.com.ar\/sitio\/wp-content\/uploads\/2019\/10\/72218939_2505002769594383_7886564148874575872_n.jpg\" data-orig-size=\"960,540\" data-comments-opened=\"1\" data-image-meta=\"{&quot;aperture&quot;:&quot;0&quot;,&quot;credit&quot;:&quot;&quot;,&quot;camera&quot;:&quot;&quot;,&quot;caption&quot;:&quot;&quot;,&quot;created_timestamp&quot;:&quot;0&quot;,&quot;copyright&quot;:&quot;&quot;,&quot;focal_length&quot;:&quot;0&quot;,&quot;iso&quot;:&quot;0&quot;,&quot;shutter_speed&quot;:&quot;0&quot;,&quot;title&quot;:&quot;&quot;,&quot;orientation&quot;:&quot;0&quot;}\" data-image-title=\"72218939_2505002769594383_7886564148874575872_n\" data-image-description=\"\" data-image-caption=\"\" data-large-file=\"https:\/\/eldiariodesanpedro.com.ar\/sitio\/wp-content\/uploads\/2019\/10\/72218939_2505002769594383_7886564148874575872_n.jpg\" data-src=\"https:\/\/eldiariodesanpedro.com.ar\/sitio\/wp-content\/uploads\/2019\/10\/72218939_2505002769594383_7886564148874575872_n.jpg\" alt=\"\" class=\"wp-image-61607 lazyload\" data-srcset=\"https:\/\/eldiariodesanpedro.com.ar\/sitio\/wp-content\/uploads\/2019\/10\/72218939_2505002769594383_7886564148874575872_n.jpg 960w, https:\/\/eldiariodesanpedro.com.ar\/sitio\/wp-content\/uploads\/2019\/10\/72218939_2505002769594383_7886564148874575872_n-300x169.jpg 300w, https:\/\/eldiariodesanpedro.com.ar\/sitio\/wp-content\/uploads\/2019\/10\/72218939_2505002769594383_7886564148874575872_n-768x432.jpg 768w\" data-sizes=\"(max-width: 960px) 100vw, 960px\" src=\"data:image\/svg+xml;base64,PHN2ZyB3aWR0aD0iMSIgaGVpZ2h0PSIxIiB4bWxucz0iaHR0cDovL3d3dy53My5vcmcvMjAwMC9zdmciPjwvc3ZnPg==\" style=\"--smush-placeholder-width: 960px; --smush-placeholder-aspect-ratio: 960\/540;\" \/><\/figure>\n\n\n\n<figure class=\"wp-block-image\"><img decoding=\"async\" width=\"720\" height=\"960\" data-attachment-id=\"61606\" data-permalink=\"https:\/\/eldiariodesanpedro.com.ar\/sitio\/finalizo-la-participacion-sampedrina-en-la-feria-internacional-de-turismo\/71863412_2505002912927702_1224926068683571200_n\/\" data-orig-file=\"https:\/\/eldiariodesanpedro.com.ar\/sitio\/wp-content\/uploads\/2019\/10\/71863412_2505002912927702_1224926068683571200_n.jpg\" data-orig-size=\"720,960\" data-comments-opened=\"1\" data-image-meta=\"{&quot;aperture&quot;:&quot;0&quot;,&quot;credit&quot;:&quot;&quot;,&quot;camera&quot;:&quot;&quot;,&quot;caption&quot;:&quot;&quot;,&quot;created_timestamp&quot;:&quot;0&quot;,&quot;copyright&quot;:&quot;&quot;,&quot;focal_length&quot;:&quot;0&quot;,&quot;iso&quot;:&quot;0&quot;,&quot;shutter_speed&quot;:&quot;0&quot;,&quot;title&quot;:&quot;&quot;,&quot;orientation&quot;:&quot;0&quot;}\" data-image-title=\"71863412_2505002912927702_1224926068683571200_n\" data-image-description=\"\" data-image-caption=\"\" data-large-file=\"https:\/\/eldiariodesanpedro.com.ar\/sitio\/wp-content\/uploads\/2019\/10\/71863412_2505002912927702_1224926068683571200_n.jpg\" data-src=\"https:\/\/eldiariodesanpedro.com.ar\/sitio\/wp-content\/uploads\/2019\/10\/71863412_2505002912927702_1224926068683571200_n.jpg\" alt=\"\" class=\"wp-image-61606 lazyload\" data-srcset=\"https:\/\/eldiariodesanpedro.com.ar\/sitio\/wp-content\/uploads\/2019\/10\/71863412_2505002912927702_1224926068683571200_n.jpg 720w, https:\/\/eldiariodesanpedro.com.ar\/sitio\/wp-content\/uploads\/2019\/10\/71863412_2505002912927702_1224926068683571200_n-225x300.jpg 225w\" data-sizes=\"(max-width: 720px) 100vw, 720px\" src=\"data:image\/svg+xml;base64,PHN2ZyB3aWR0aD0iMSIgaGVpZ2h0PSIxIiB4bWxucz0iaHR0cDovL3d3dy53My5vcmcvMjAwMC9zdmciPjwvc3ZnPg==\" style=\"--smush-placeholder-width: 720px; --smush-placeholder-aspect-ratio: 720\/960;\" \/><\/figure>\n\n\n\n<figure class=\"wp-block-image\"><img decoding=\"async\" width=\"639\" height=\"960\" data-attachment-id=\"61608\" data-permalink=\"https:\/\/eldiariodesanpedro.com.ar\/sitio\/finalizo-la-participacion-sampedrina-en-la-feria-internacional-de-turismo\/72317700_2505002892927704_7341764491022958592_n\/\" data-orig-file=\"https:\/\/eldiariodesanpedro.com.ar\/sitio\/wp-content\/uploads\/2019\/10\/72317700_2505002892927704_7341764491022958592_n.jpg\" data-orig-size=\"639,960\" data-comments-opened=\"1\" data-image-meta=\"{&quot;aperture&quot;:&quot;0&quot;,&quot;credit&quot;:&quot;&quot;,&quot;camera&quot;:&quot;&quot;,&quot;caption&quot;:&quot;&quot;,&quot;created_timestamp&quot;:&quot;0&quot;,&quot;copyright&quot;:&quot;&quot;,&quot;focal_length&quot;:&quot;0&quot;,&quot;iso&quot;:&quot;0&quot;,&quot;shutter_speed&quot;:&quot;0&quot;,&quot;title&quot;:&quot;&quot;,&quot;orientation&quot;:&quot;0&quot;}\" data-image-title=\"72317700_2505002892927704_7341764491022958592_n\" data-image-description=\"\" data-image-caption=\"\" data-large-file=\"https:\/\/eldiariodesanpedro.com.ar\/sitio\/wp-content\/uploads\/2019\/10\/72317700_2505002892927704_7341764491022958592_n.jpg\" data-src=\"https:\/\/eldiariodesanpedro.com.ar\/sitio\/wp-content\/uploads\/2019\/10\/72317700_2505002892927704_7341764491022958592_n.jpg\" alt=\"\" class=\"wp-image-61608 lazyload\" data-srcset=\"https:\/\/eldiariodesanpedro.com.ar\/sitio\/wp-content\/uploads\/2019\/10\/72317700_2505002892927704_7341764491022958592_n.jpg 639w, https:\/\/eldiariodesanpedro.com.ar\/sitio\/wp-content\/uploads\/2019\/10\/72317700_2505002892927704_7341764491022958592_n-200x300.jpg 200w\" data-sizes=\"(max-width: 639px) 100vw, 639px\" src=\"data:image\/svg+xml;base64,PHN2ZyB3aWR0aD0iMSIgaGVpZ2h0PSIxIiB4bWxucz0iaHR0cDovL3d3dy53My5vcmcvMjAwMC9zdmciPjwvc3ZnPg==\" style=\"--smush-placeholder-width: 639px; --smush-placeholder-aspect-ratio: 639\/960;\" \/><\/figure>\n","protected":false},"excerpt":{"rendered":"<p>Con una gran concurrencia de p\u00fablico y muchas consultas, San Pedro particip\u00f3 de la Feria Internacional de Turismo 2019 (FIT).All\u00ed se re\u00fane a todos los protagonistas de la industria global del turismo y es la feria m\u00e1s importante de Am\u00e9rica Latina, y una de las 5 m\u00e1s importantes del mundo. 1700 expositores, 50 pa\u00edses y [&hellip;]<\/p>\n","protected":false},"author":4,"featured_media":61605,"comment_status":"open","ping_status":"closed","sticky":false,"template":"","format":"standard","meta":{"om_disable_all_campaigns":false,"_jetpack_memberships_contains_paid_content":false,"footnotes":""},"categories":[101,2],"tags":[],"class_list":["post-61603","post","type-post","status-publish","format-standard","has-post-thumbnail","hentry","category-interes-general-locales","category-locales"],"aioseo_notices":[],"gutentor_comment":0,"jetpack_featured_media_url":"https:\/\/eldiariodesanpedro.com.ar\/sitio\/wp-content\/uploads\/2019\/10\/71846614_2505002906261036_5323701066783522816_n.jpg","jetpack_shortlink":"https:\/\/wp.me\/p6RhLt-g1B","jetpack_sharing_enabled":true,"_links":{"self":[{"href":"https:\/\/eldiariodesanpedro.com.ar\/sitio\/wp-json\/wp\/v2\/posts\/61603","targetHints":{"allow":["GET"]}}],"collection":[{"href":"https:\/\/eldiariodesanpedro.com.ar\/sitio\/wp-json\/wp\/v2\/posts"}],"about":[{"href":"https:\/\/eldiariodesanpedro.com.ar\/sitio\/wp-json\/wp\/v2\/types\/post"}],"author":[{"embeddable":true,"href":"https:\/\/eldiariodesanpedro.com.ar\/sitio\/wp-json\/wp\/v2\/users\/4"}],"replies":[{"embeddable":true,"href":"https:\/\/eldiariodesanpedro.com.ar\/sitio\/wp-json\/wp\/v2\/comments?post=61603"}],"version-history":[{"count":1,"href":"https:\/\/eldiariodesanpedro.com.ar\/sitio\/wp-json\/wp\/v2\/posts\/61603\/revisions"}],"predecessor-version":[{"id":61609,"href":"https:\/\/eldiariodesanpedro.com.ar\/sitio\/wp-json\/wp\/v2\/posts\/61603\/revisions\/61609"}],"wp:featuredmedia":[{"embeddable":true,"href":"https:\/\/eldiariodesanpedro.com.ar\/sitio\/wp-json\/wp\/v2\/media\/61605"}],"wp:attachment":[{"href":"https:\/\/eldiariodesanpedro.com.ar\/sitio\/wp-json\/wp\/v2\/media?parent=61603"}],"wp:term":[{"taxonomy":"category","embeddable":true,"href":"https:\/\/eldiariodesanpedro.com.ar\/sitio\/wp-json\/wp\/v2\/categories?post=61603"},{"taxonomy":"post_tag","embeddable":true,"href":"https:\/\/eldiariodesanpedro.com.ar\/sitio\/wp-json\/wp\/v2\/tags?post=61603"}],"curies":[{"name":"wp","href":"https:\/\/api.w.org\/{rel}","templated":true}]}}