{"id":61597,"date":"2019-10-09T09:47:39","date_gmt":"2019-10-09T12:47:39","guid":{"rendered":"https:\/\/eldiariodesanpedro.com.ar\/sitio\/?p=61597"},"modified":"2019-10-09T09:47:44","modified_gmt":"2019-10-09T12:47:44","slug":"san-nicolas-vacaciones-obligadas-para-trabajadores-de-fiplasto","status":"publish","type":"post","link":"https:\/\/eldiariodesanpedro.com.ar\/sitio\/san-nicolas-vacaciones-obligadas-para-trabajadores-de-fiplasto\/","title":{"rendered":"SAN NICOLAS | vacaciones obligadas para trabajadores de Fiplasto"},"content":{"rendered":"<!-- VideographyWP Plugin Message: Automatic video embedding prevented by plugin options. -->\n\n<p> En la jornada de hoy se conoci\u00f3 que la empresa Fiplasto les dar\u00e1 las vacaciones a todos sus empleados entre los d\u00edas 23 de diciembre y 19 de enero a ra\u00edz de la fuerte baja en las ventas. Esta decisi\u00f3n fue tomada a d\u00edas de culminar con el programa de suspensiones de una semana que se comenz\u00f3 a llevar adelante pasada la mitad de este a\u00f1o a la espera que la situaci\u00f3n econ\u00f3mica de la empresa experimentara una mejora, pero esto no ha sido as\u00ed y por ese motivo tomaron esta decisi\u00f3n, seg\u00fan se inform\u00f3 desde los gremios a los medios de prensa.<\/p>\n\n\n\n<p>El programa de suspensiones que se hab\u00eda acordado ente la empresa y el gremio, a instancias del Ministerio de Trabajo de Capital Federal, culmin\u00f3 el pasado 2 de octubre y horas despu\u00e9s los representantes de los trabajadores recibieron esta noticia. \u201cNos informaron que desde el 23 de diciembre y hasta el 29 de enero, inclusive, se va a parar la f\u00e1brica y nos van a dar las vacaciones a los trabajadores. En un comunicado nos informaron que las ventas no han mejorado y que por ese motivo se ven obligados a tomar esta decisi\u00f3n\u201d, inform\u00f3 Juan Silenzo, secretario general del Sindicato de Fiplasto.<br>Durante esos d\u00edas el personal gozar\u00e1 de sus vacaciones y desde la firma se espera que en el pr\u00f3ximo a\u00f1o, y si hay cambio de gobierno, pueda mejorar su situaci\u00f3n.<\/p>\n\n\n\n<p>Desde el Sindicato se mostraron muy preocupados por esta situaci\u00f3n y a la espera que la situaci\u00f3n econ\u00f3mica del pa\u00eds mejore a corto o mediano plazo para que esta problem\u00e1tica no se profundice, y puedan llegar a producirse despidos. <\/p>\n","protected":false},"excerpt":{"rendered":"<p>En la jornada de hoy se conoci\u00f3 que la empresa Fiplasto les dar\u00e1 las vacaciones a todos sus empleados entre los d\u00edas 23 de diciembre y 19 de enero a ra\u00edz de la fuerte baja en las ventas. Esta decisi\u00f3n fue tomada a d\u00edas de culminar con el programa de suspensiones de una semana que [&hellip;]<\/p>\n","protected":false},"author":4,"featured_media":61598,"comment_status":"open","ping_status":"closed","sticky":false,"template":"","format":"standard","meta":{"om_disable_all_campaigns":false,"_jetpack_memberships_contains_paid_content":false,"footnotes":""},"categories":[621],"tags":[],"class_list":["post-61597","post","type-post","status-publish","format-standard","has-post-thumbnail","hentry","category-regionales"],"aioseo_notices":[],"gutentor_comment":0,"jetpack_featured_media_url":"https:\/\/eldiariodesanpedro.com.ar\/sitio\/wp-content\/uploads\/2019\/10\/0-2.jpg","jetpack_shortlink":"https:\/\/wp.me\/p6RhLt-g1v","jetpack_sharing_enabled":true,"_links":{"self":[{"href":"https:\/\/eldiariodesanpedro.com.ar\/sitio\/wp-json\/wp\/v2\/posts\/61597","targetHints":{"allow":["GET"]}}],"collection":[{"href":"https:\/\/eldiariodesanpedro.com.ar\/sitio\/wp-json\/wp\/v2\/posts"}],"about":[{"href":"https:\/\/eldiariodesanpedro.com.ar\/sitio\/wp-json\/wp\/v2\/types\/post"}],"author":[{"embeddable":true,"href":"https:\/\/eldiariodesanpedro.com.ar\/sitio\/wp-json\/wp\/v2\/users\/4"}],"replies":[{"embeddable":true,"href":"https:\/\/eldiariodesanpedro.com.ar\/sitio\/wp-json\/wp\/v2\/comments?post=61597"}],"version-history":[{"count":1,"href":"https:\/\/eldiariodesanpedro.com.ar\/sitio\/wp-json\/wp\/v2\/posts\/61597\/revisions"}],"predecessor-version":[{"id":61599,"href":"https:\/\/eldiariodesanpedro.com.ar\/sitio\/wp-json\/wp\/v2\/posts\/61597\/revisions\/61599"}],"wp:featuredmedia":[{"embeddable":true,"href":"https:\/\/eldiariodesanpedro.com.ar\/sitio\/wp-json\/wp\/v2\/media\/61598"}],"wp:attachment":[{"href":"https:\/\/eldiariodesanpedro.com.ar\/sitio\/wp-json\/wp\/v2\/media?parent=61597"}],"wp:term":[{"taxonomy":"category","embeddable":true,"href":"https:\/\/eldiariodesanpedro.com.ar\/sitio\/wp-json\/wp\/v2\/categories?post=61597"},{"taxonomy":"post_tag","embeddable":true,"href":"https:\/\/eldiariodesanpedro.com.ar\/sitio\/wp-json\/wp\/v2\/tags?post=61597"}],"curies":[{"name":"wp","href":"https:\/\/api.w.org\/{rel}","templated":true}]}}