{"id":61594,"date":"2019-10-09T09:45:15","date_gmt":"2019-10-09T12:45:15","guid":{"rendered":"https:\/\/eldiariodesanpedro.com.ar\/sitio\/?p=61594"},"modified":"2019-10-09T09:45:20","modified_gmt":"2019-10-09T12:45:20","slug":"san-nicolas-aprehenden-a-pareja-de-delincuentes-oriundos-de-capital-federal","status":"publish","type":"post","link":"https:\/\/eldiariodesanpedro.com.ar\/sitio\/san-nicolas-aprehenden-a-pareja-de-delincuentes-oriundos-de-capital-federal\/","title":{"rendered":"SAN NICOL\u00c1S | Aprehenden a pareja de delincuentes oriundos de Capital Federal"},"content":{"rendered":"<!-- VideographyWP Plugin Message: Automatic video embedding prevented by plugin options. -->\n\n<p>\n\nEn horas de la tarde del martes, personal de la Polic\u00eda Local a cargo del Crio. Jorge Ayala, lograron la aprehensi\u00f3n de dos personas que acaban de cometer diferentes delitos. Se constat\u00f3 que ambos son oriundos de Capital Federal.<\/p>\n\n\n\n<p>Se trata de un hombre de 36 a\u00f1os de apellido Brandan y una mujer de 25 de apellido Maggisno que fueron interceptados alrededor de las 18:50 de ayer.<\/p>\n\n\n\n<p>En su poder, secuestraron un celular Samsung J2 que acaban de hurtarle a una mujer de 69 a\u00f1os. Adem\u00e1s, hab\u00edan ingresado a la vivienda ubicada en calle Pellegrini al 700 aproximadamente, propiedad de un hombre de 77 a\u00f1os.<\/p>\n\n\n\n<p>Se llevaron una PlayStation 1 con 2 joysticks, un transformador de la misma consola y sus respectivos cables, juegos, una mochila negra con detalles grises y alhajas varias. Tambi\u00e9n secuestraron en su poder, tres celulares y m\u00e1s de 6 mil pesos.<\/p>\n\n\n\n<p>La pareja de delincuentes fue trasladada a sede de la Comisar\u00eda Primera donde se constat\u00f3 que la mujer pose\u00eda pedido de captura desde el a\u00f1o 2010 por Fuga de Hogar. Intervino la Fiscal\u00eda N\u00b0 6. <\/p>\n\n\n\n<p>Fuente: Diario El Informante<\/p>\n","protected":false},"excerpt":{"rendered":"<p>En horas de la tarde del martes, personal de la Polic\u00eda Local a cargo del Crio. Jorge Ayala, lograron la aprehensi\u00f3n de dos personas que acaban de cometer diferentes delitos. Se constat\u00f3 que ambos son oriundos de Capital Federal. Se trata de un hombre de 36 a\u00f1os de apellido Brandan y una mujer de 25 [&hellip;]<\/p>\n","protected":false},"author":4,"featured_media":61595,"comment_status":"open","ping_status":"closed","sticky":false,"template":"","format":"standard","meta":{"om_disable_all_campaigns":false,"_jetpack_memberships_contains_paid_content":false,"footnotes":""},"categories":[621],"tags":[],"class_list":["post-61594","post","type-post","status-publish","format-standard","has-post-thumbnail","hentry","category-regionales"],"aioseo_notices":[],"gutentor_comment":0,"jetpack_featured_media_url":"https:\/\/eldiariodesanpedro.com.ar\/sitio\/wp-content\/uploads\/2019\/10\/conmarca22607.jpg","jetpack_shortlink":"https:\/\/wp.me\/p6RhLt-g1s","jetpack_sharing_enabled":true,"_links":{"self":[{"href":"https:\/\/eldiariodesanpedro.com.ar\/sitio\/wp-json\/wp\/v2\/posts\/61594","targetHints":{"allow":["GET"]}}],"collection":[{"href":"https:\/\/eldiariodesanpedro.com.ar\/sitio\/wp-json\/wp\/v2\/posts"}],"about":[{"href":"https:\/\/eldiariodesanpedro.com.ar\/sitio\/wp-json\/wp\/v2\/types\/post"}],"author":[{"embeddable":true,"href":"https:\/\/eldiariodesanpedro.com.ar\/sitio\/wp-json\/wp\/v2\/users\/4"}],"replies":[{"embeddable":true,"href":"https:\/\/eldiariodesanpedro.com.ar\/sitio\/wp-json\/wp\/v2\/comments?post=61594"}],"version-history":[{"count":1,"href":"https:\/\/eldiariodesanpedro.com.ar\/sitio\/wp-json\/wp\/v2\/posts\/61594\/revisions"}],"predecessor-version":[{"id":61596,"href":"https:\/\/eldiariodesanpedro.com.ar\/sitio\/wp-json\/wp\/v2\/posts\/61594\/revisions\/61596"}],"wp:featuredmedia":[{"embeddable":true,"href":"https:\/\/eldiariodesanpedro.com.ar\/sitio\/wp-json\/wp\/v2\/media\/61595"}],"wp:attachment":[{"href":"https:\/\/eldiariodesanpedro.com.ar\/sitio\/wp-json\/wp\/v2\/media?parent=61594"}],"wp:term":[{"taxonomy":"category","embeddable":true,"href":"https:\/\/eldiariodesanpedro.com.ar\/sitio\/wp-json\/wp\/v2\/categories?post=61594"},{"taxonomy":"post_tag","embeddable":true,"href":"https:\/\/eldiariodesanpedro.com.ar\/sitio\/wp-json\/wp\/v2\/tags?post=61594"}],"curies":[{"name":"wp","href":"https:\/\/api.w.org\/{rel}","templated":true}]}}