{"id":61591,"date":"2019-10-09T09:42:40","date_gmt":"2019-10-09T12:42:40","guid":{"rendered":"https:\/\/eldiariodesanpedro.com.ar\/sitio\/?p=61591"},"modified":"2019-10-09T09:42:44","modified_gmt":"2019-10-09T12:42:44","slug":"arrecifes-nueva-marcha-pidiendo-justicia-por-el-abuso-del-nino","status":"publish","type":"post","link":"https:\/\/eldiariodesanpedro.com.ar\/sitio\/arrecifes-nueva-marcha-pidiendo-justicia-por-el-abuso-del-nino\/","title":{"rendered":"ARRECIFES | Nueva marcha pidiendo justicia por el abuso del ni\u00f1o"},"content":{"rendered":"<!-- VideographyWP Plugin Message: Automatic video embedding prevented by plugin options. -->\n\n<p>Familiares y amigos del nene de 7 a\u00f1os que sufri\u00f3 un abuso sexual de parte de quien ser\u00eda un menor de 17 a\u00f1os de edad, marcharon en la noche de este martes desde Plaza Brown hacia Plaza Mitre, por calle Ricardo Guti\u00e9rrez.<\/p>\n\n\n\n<p>Frente a la Comisar\u00eda de Arrecifes, custodiada por efectivos de GAD, reclamaron que se haga justicia con este aberrante hecho, pese a que hace unas horas la Secretar\u00eda de Seguridad municipal dio a conocer que el acusado de la violaci\u00f3n fue detenido.<\/p>\n\n\n\n<p>\u00abLa verdad es que no les creemos que lo hayan detenido, porque tenemos versiones de que las mismas autoridades le permitieron irse de Arrecifes hacia Quilmes\u00bb, manifestaron los familiares del ni\u00f1o, asegurando que este mi\u00e9rcoles volver\u00e1n a la Plaza Mitre a reclamar.<\/p>\n\n\n\n<p>Fuente: Arrecifes Noticias<\/p>\n","protected":false},"excerpt":{"rendered":"<p>Familiares y amigos del nene de 7 a\u00f1os que sufri\u00f3 un abuso sexual de parte de quien ser\u00eda un menor de 17 a\u00f1os de edad, marcharon en la noche de este martes desde Plaza Brown hacia Plaza Mitre, por calle Ricardo Guti\u00e9rrez. Frente a la Comisar\u00eda de Arrecifes, custodiada por efectivos de GAD, reclamaron que [&hellip;]<\/p>\n","protected":false},"author":4,"featured_media":61592,"comment_status":"open","ping_status":"closed","sticky":false,"template":"","format":"standard","meta":{"om_disable_all_campaigns":false,"_jetpack_memberships_contains_paid_content":false,"footnotes":""},"categories":[621],"tags":[],"class_list":["post-61591","post","type-post","status-publish","format-standard","has-post-thumbnail","hentry","category-regionales"],"aioseo_notices":[],"gutentor_comment":0,"jetpack_featured_media_url":"https:\/\/eldiariodesanpedro.com.ar\/sitio\/wp-content\/uploads\/2019\/10\/Marcha-violacion-797x510.jpg","jetpack_shortlink":"https:\/\/wp.me\/p6RhLt-g1p","jetpack_sharing_enabled":true,"_links":{"self":[{"href":"https:\/\/eldiariodesanpedro.com.ar\/sitio\/wp-json\/wp\/v2\/posts\/61591","targetHints":{"allow":["GET"]}}],"collection":[{"href":"https:\/\/eldiariodesanpedro.com.ar\/sitio\/wp-json\/wp\/v2\/posts"}],"about":[{"href":"https:\/\/eldiariodesanpedro.com.ar\/sitio\/wp-json\/wp\/v2\/types\/post"}],"author":[{"embeddable":true,"href":"https:\/\/eldiariodesanpedro.com.ar\/sitio\/wp-json\/wp\/v2\/users\/4"}],"replies":[{"embeddable":true,"href":"https:\/\/eldiariodesanpedro.com.ar\/sitio\/wp-json\/wp\/v2\/comments?post=61591"}],"version-history":[{"count":1,"href":"https:\/\/eldiariodesanpedro.com.ar\/sitio\/wp-json\/wp\/v2\/posts\/61591\/revisions"}],"predecessor-version":[{"id":61593,"href":"https:\/\/eldiariodesanpedro.com.ar\/sitio\/wp-json\/wp\/v2\/posts\/61591\/revisions\/61593"}],"wp:featuredmedia":[{"embeddable":true,"href":"https:\/\/eldiariodesanpedro.com.ar\/sitio\/wp-json\/wp\/v2\/media\/61592"}],"wp:attachment":[{"href":"https:\/\/eldiariodesanpedro.com.ar\/sitio\/wp-json\/wp\/v2\/media?parent=61591"}],"wp:term":[{"taxonomy":"category","embeddable":true,"href":"https:\/\/eldiariodesanpedro.com.ar\/sitio\/wp-json\/wp\/v2\/categories?post=61591"},{"taxonomy":"post_tag","embeddable":true,"href":"https:\/\/eldiariodesanpedro.com.ar\/sitio\/wp-json\/wp\/v2\/tags?post=61591"}],"curies":[{"name":"wp","href":"https:\/\/api.w.org\/{rel}","templated":true}]}}