{"id":61588,"date":"2019-10-09T09:41:06","date_gmt":"2019-10-09T12:41:06","guid":{"rendered":"https:\/\/eldiariodesanpedro.com.ar\/sitio\/?p=61588"},"modified":"2019-10-09T09:41:10","modified_gmt":"2019-10-09T12:41:10","slug":"zarate-violento-choque-entre-una-ambulancia-del-semu-y-una-camioneta","status":"publish","type":"post","link":"https:\/\/eldiariodesanpedro.com.ar\/sitio\/zarate-violento-choque-entre-una-ambulancia-del-semu-y-una-camioneta\/","title":{"rendered":"Z\u00c1RATE | Violento choque entre una ambulancia del SEMU y una camioneta"},"content":{"rendered":"<!-- VideographyWP Plugin Message: Automatic video embedding prevented by plugin options. -->\n\n<p>Esta tarde de martes, pasadas las 18:00 se produjo un choque entre una ambulancia del Servicio de Emergencias M\u00e9dicas Municipal (SEMU) que hab\u00eda salido del cuartel de bomberos voluntarios, con otro veh\u00edculo en la intersecci\u00f3n de las calles Rivadavia y Quirno. Hay un tercer rodado involucrado que estaba estacionado sobre Avenida Rivadavia, una camioneta color blanca.<\/p>\n\n\n\n<p>El ch\u00f3fer del Servicio de Emergencia Municipal fue derivado al Hospital Virgen del Carmen al igual que el due\u00f1o del rodado que termin\u00f3 impactando contra un \u00e1rbol. Ambos se encontrar\u00edan fuera de peligro.<\/p>\n\n\n\n<p>Seg\u00fan las declaraciones de ocasionales testigos, el ocupante del rodado de menor porte habr\u00eda cruzado el sem\u00e1foro en rojo.<\/p>\n\n\n\n<p>Fuente: Impacto Local<\/p>\n","protected":false},"excerpt":{"rendered":"<p>Esta tarde de martes, pasadas las 18:00 se produjo un choque entre una ambulancia del Servicio de Emergencias M\u00e9dicas Municipal (SEMU) que hab\u00eda salido del cuartel de bomberos voluntarios, con otro veh\u00edculo en la intersecci\u00f3n de las calles Rivadavia y Quirno. Hay un tercer rodado involucrado que estaba estacionado sobre Avenida Rivadavia, una camioneta color [&hellip;]<\/p>\n","protected":false},"author":4,"featured_media":61589,"comment_status":"open","ping_status":"closed","sticky":false,"template":"","format":"standard","meta":{"om_disable_all_campaigns":false,"_jetpack_memberships_contains_paid_content":false,"footnotes":""},"categories":[621],"tags":[],"class_list":["post-61588","post","type-post","status-publish","format-standard","has-post-thumbnail","hentry","category-regionales"],"aioseo_notices":[],"gutentor_comment":0,"jetpack_featured_media_url":"https:\/\/eldiariodesanpedro.com.ar\/sitio\/wp-content\/uploads\/2019\/10\/choque-ambulancia-1.jpeg","jetpack_shortlink":"https:\/\/wp.me\/p6RhLt-g1m","jetpack_sharing_enabled":true,"_links":{"self":[{"href":"https:\/\/eldiariodesanpedro.com.ar\/sitio\/wp-json\/wp\/v2\/posts\/61588","targetHints":{"allow":["GET"]}}],"collection":[{"href":"https:\/\/eldiariodesanpedro.com.ar\/sitio\/wp-json\/wp\/v2\/posts"}],"about":[{"href":"https:\/\/eldiariodesanpedro.com.ar\/sitio\/wp-json\/wp\/v2\/types\/post"}],"author":[{"embeddable":true,"href":"https:\/\/eldiariodesanpedro.com.ar\/sitio\/wp-json\/wp\/v2\/users\/4"}],"replies":[{"embeddable":true,"href":"https:\/\/eldiariodesanpedro.com.ar\/sitio\/wp-json\/wp\/v2\/comments?post=61588"}],"version-history":[{"count":1,"href":"https:\/\/eldiariodesanpedro.com.ar\/sitio\/wp-json\/wp\/v2\/posts\/61588\/revisions"}],"predecessor-version":[{"id":61590,"href":"https:\/\/eldiariodesanpedro.com.ar\/sitio\/wp-json\/wp\/v2\/posts\/61588\/revisions\/61590"}],"wp:featuredmedia":[{"embeddable":true,"href":"https:\/\/eldiariodesanpedro.com.ar\/sitio\/wp-json\/wp\/v2\/media\/61589"}],"wp:attachment":[{"href":"https:\/\/eldiariodesanpedro.com.ar\/sitio\/wp-json\/wp\/v2\/media?parent=61588"}],"wp:term":[{"taxonomy":"category","embeddable":true,"href":"https:\/\/eldiariodesanpedro.com.ar\/sitio\/wp-json\/wp\/v2\/categories?post=61588"},{"taxonomy":"post_tag","embeddable":true,"href":"https:\/\/eldiariodesanpedro.com.ar\/sitio\/wp-json\/wp\/v2\/tags?post=61588"}],"curies":[{"name":"wp","href":"https:\/\/api.w.org\/{rel}","templated":true}]}}