{"id":61585,"date":"2019-10-09T09:39:23","date_gmt":"2019-10-09T12:39:23","guid":{"rendered":"https:\/\/eldiariodesanpedro.com.ar\/sitio\/?p=61585"},"modified":"2019-10-09T09:39:27","modified_gmt":"2019-10-09T12:39:27","slug":"baradero-preocupa-la-bajante-del-rio-parana-y-sus-consecuencias-en-nuestra-zona","status":"publish","type":"post","link":"https:\/\/eldiariodesanpedro.com.ar\/sitio\/baradero-preocupa-la-bajante-del-rio-parana-y-sus-consecuencias-en-nuestra-zona\/","title":{"rendered":"BARADERO | Preocupa la bajante del R\u00edo Paran\u00e1 y sus consecuencias en nuestra zona"},"content":{"rendered":"<!-- VideographyWP Plugin Message: Automatic video embedding prevented by plugin options. -->\n\n<p> La altura del R\u00edo Baradero actualmente esta en aproximadamente 40 cm, lo que produce el alerta en los diferentes transportes navales que circulan por nuestro R\u00edo. El jefe de Prefectura, Cristian Enrique, a trav\u00e9s de LS2 RADIO 96.9 brind\u00f3 su informe y algunas cuestiones para tener en cuenta. <\/p>\n\n\n\n<p><em>\u201cObviamente tiene bastante influencia la bajante del r\u00edo, sobre todo en los buques de gran porte, lso que tienen un calado superior pueden producirse alguna voladura, sobre todo en las zonas ribere\u00f1as\u201d<\/em><\/p>\n\n\n\n<p><\/p>\n","protected":false},"excerpt":{"rendered":"<p>La altura del R\u00edo Baradero actualmente esta en aproximadamente 40 cm, lo que produce el alerta en los diferentes transportes navales que circulan por nuestro R\u00edo. El jefe de Prefectura, Cristian Enrique, a trav\u00e9s de LS2 RADIO 96.9 brind\u00f3 su informe y algunas cuestiones para tener en cuenta. \u201cObviamente tiene bastante influencia la bajante del [&hellip;]<\/p>\n","protected":false},"author":4,"featured_media":61586,"comment_status":"open","ping_status":"closed","sticky":false,"template":"","format":"standard","meta":{"om_disable_all_campaigns":false,"_jetpack_memberships_contains_paid_content":false,"footnotes":""},"categories":[621],"tags":[],"class_list":["post-61585","post","type-post","status-publish","format-standard","has-post-thumbnail","hentry","category-regionales"],"aioseo_notices":[],"gutentor_comment":0,"jetpack_featured_media_url":"https:\/\/eldiariodesanpedro.com.ar\/sitio\/wp-content\/uploads\/2019\/10\/whatsapp-image-2019-03-26-at-10.59.47.jpeg","jetpack_shortlink":"https:\/\/wp.me\/p6RhLt-g1j","jetpack_sharing_enabled":true,"_links":{"self":[{"href":"https:\/\/eldiariodesanpedro.com.ar\/sitio\/wp-json\/wp\/v2\/posts\/61585","targetHints":{"allow":["GET"]}}],"collection":[{"href":"https:\/\/eldiariodesanpedro.com.ar\/sitio\/wp-json\/wp\/v2\/posts"}],"about":[{"href":"https:\/\/eldiariodesanpedro.com.ar\/sitio\/wp-json\/wp\/v2\/types\/post"}],"author":[{"embeddable":true,"href":"https:\/\/eldiariodesanpedro.com.ar\/sitio\/wp-json\/wp\/v2\/users\/4"}],"replies":[{"embeddable":true,"href":"https:\/\/eldiariodesanpedro.com.ar\/sitio\/wp-json\/wp\/v2\/comments?post=61585"}],"version-history":[{"count":1,"href":"https:\/\/eldiariodesanpedro.com.ar\/sitio\/wp-json\/wp\/v2\/posts\/61585\/revisions"}],"predecessor-version":[{"id":61587,"href":"https:\/\/eldiariodesanpedro.com.ar\/sitio\/wp-json\/wp\/v2\/posts\/61585\/revisions\/61587"}],"wp:featuredmedia":[{"embeddable":true,"href":"https:\/\/eldiariodesanpedro.com.ar\/sitio\/wp-json\/wp\/v2\/media\/61586"}],"wp:attachment":[{"href":"https:\/\/eldiariodesanpedro.com.ar\/sitio\/wp-json\/wp\/v2\/media?parent=61585"}],"wp:term":[{"taxonomy":"category","embeddable":true,"href":"https:\/\/eldiariodesanpedro.com.ar\/sitio\/wp-json\/wp\/v2\/categories?post=61585"},{"taxonomy":"post_tag","embeddable":true,"href":"https:\/\/eldiariodesanpedro.com.ar\/sitio\/wp-json\/wp\/v2\/tags?post=61585"}],"curies":[{"name":"wp","href":"https:\/\/api.w.org\/{rel}","templated":true}]}}