{"id":61582,"date":"2019-10-09T09:37:57","date_gmt":"2019-10-09T12:37:57","guid":{"rendered":"https:\/\/eldiariodesanpedro.com.ar\/sitio\/?p=61582"},"modified":"2019-10-09T09:38:01","modified_gmt":"2019-10-09T12:38:01","slug":"baradero-remate-de-germaiz-nadie-se-presento-para-comprar-la-empresa","status":"publish","type":"post","link":"https:\/\/eldiariodesanpedro.com.ar\/sitio\/baradero-remate-de-germaiz-nadie-se-presento-para-comprar-la-empresa\/","title":{"rendered":"BARADERO |  Remate de Germa\u00edz: Nadie se present\u00f3 para comprar la empresa"},"content":{"rendered":"<!-- VideographyWP Plugin Message: Automatic video embedding prevented by plugin options. -->\n\n<p>\u00c9ste \u00faltimo lunes por la ma\u00f1ana, se llev\u00f3 a cabo un nuevo llamado de remate de Germaiz, correspondiente a la planta que la firma tiene en nuestra ciudad. No hubo oferente para la adquisici\u00f3n de la f\u00e1brica.<\/p>\n\n\n\n<p>La base era de un valor de 48 millones de pesos, en lo que fue el segundo llamado a remate, lo que les depositaba a los ex empleados un alo de esperanza, teniendo en cuenta que con la compra si se diera, ellos lograr\u00eda cobrar una parte de lo adeudado al momento del cierre de la Empresa.<\/p>\n\n\n\n<p>Se estima que el pr\u00f3ximo remate, el tercero, ya ser\u00e1 sin ninguna base de dinero, lo que podr\u00eda terminar con la venta de la fabrica a un muy bajo precio.<\/p>\n\n\n\n<p>Fuente: Baradero Te Informa<\/p>\n","protected":false},"excerpt":{"rendered":"<p>\u00c9ste \u00faltimo lunes por la ma\u00f1ana, se llev\u00f3 a cabo un nuevo llamado de remate de Germaiz, correspondiente a la planta que la firma tiene en nuestra ciudad. No hubo oferente para la adquisici\u00f3n de la f\u00e1brica. La base era de un valor de 48 millones de pesos, en lo que fue el segundo llamado [&hellip;]<\/p>\n","protected":false},"author":4,"featured_media":61583,"comment_status":"open","ping_status":"closed","sticky":false,"template":"","format":"standard","meta":{"om_disable_all_campaigns":false,"_jetpack_memberships_contains_paid_content":false,"footnotes":""},"categories":[621],"tags":[],"class_list":["post-61582","post","type-post","status-publish","format-standard","has-post-thumbnail","hentry","category-regionales"],"aioseo_notices":[],"gutentor_comment":0,"jetpack_featured_media_url":"https:\/\/eldiariodesanpedro.com.ar\/sitio\/wp-content\/uploads\/2019\/10\/DSC02381-640x480.jpg","jetpack_shortlink":"https:\/\/wp.me\/p6RhLt-g1g","jetpack_sharing_enabled":true,"_links":{"self":[{"href":"https:\/\/eldiariodesanpedro.com.ar\/sitio\/wp-json\/wp\/v2\/posts\/61582","targetHints":{"allow":["GET"]}}],"collection":[{"href":"https:\/\/eldiariodesanpedro.com.ar\/sitio\/wp-json\/wp\/v2\/posts"}],"about":[{"href":"https:\/\/eldiariodesanpedro.com.ar\/sitio\/wp-json\/wp\/v2\/types\/post"}],"author":[{"embeddable":true,"href":"https:\/\/eldiariodesanpedro.com.ar\/sitio\/wp-json\/wp\/v2\/users\/4"}],"replies":[{"embeddable":true,"href":"https:\/\/eldiariodesanpedro.com.ar\/sitio\/wp-json\/wp\/v2\/comments?post=61582"}],"version-history":[{"count":1,"href":"https:\/\/eldiariodesanpedro.com.ar\/sitio\/wp-json\/wp\/v2\/posts\/61582\/revisions"}],"predecessor-version":[{"id":61584,"href":"https:\/\/eldiariodesanpedro.com.ar\/sitio\/wp-json\/wp\/v2\/posts\/61582\/revisions\/61584"}],"wp:featuredmedia":[{"embeddable":true,"href":"https:\/\/eldiariodesanpedro.com.ar\/sitio\/wp-json\/wp\/v2\/media\/61583"}],"wp:attachment":[{"href":"https:\/\/eldiariodesanpedro.com.ar\/sitio\/wp-json\/wp\/v2\/media?parent=61582"}],"wp:term":[{"taxonomy":"category","embeddable":true,"href":"https:\/\/eldiariodesanpedro.com.ar\/sitio\/wp-json\/wp\/v2\/categories?post=61582"},{"taxonomy":"post_tag","embeddable":true,"href":"https:\/\/eldiariodesanpedro.com.ar\/sitio\/wp-json\/wp\/v2\/tags?post=61582"}],"curies":[{"name":"wp","href":"https:\/\/api.w.org\/{rel}","templated":true}]}}