{"id":61579,"date":"2019-10-09T09:59:55","date_gmt":"2019-10-09T12:59:55","guid":{"rendered":"https:\/\/eldiariodesanpedro.com.ar\/sitio\/?p=61579"},"modified":"2019-10-09T09:59:59","modified_gmt":"2019-10-09T12:59:59","slug":"ingresaron-a-la-guardia-varias-personas-con-un-cuadro-de-intoxicacion-alimentaria","status":"publish","type":"post","link":"https:\/\/eldiariodesanpedro.com.ar\/sitio\/ingresaron-a-la-guardia-varias-personas-con-un-cuadro-de-intoxicacion-alimentaria\/","title":{"rendered":"Ingresaron a la guardia varias personas con un cuadro de intoxicaci\u00f3n alimentaria"},"content":{"rendered":"<!-- VideographyWP Plugin Message: Automatic video embedding prevented by plugin options. -->\n\n<p>Sucedi\u00f3 por la medianoche de este martes, varias personas mayores de edad ingresaron a la guardia del nosocomio local con un cuadro severo de intoxicaci\u00f3n alimentaria.<\/p>\n\n\n\n<p>Los pacientes serian del Centro de Rahabilitacion ANDAR, sucursal que se encuentra ubicado en calle Mitre al 1825, seg\u00fan informaron desde el lugar la cena les cayo mal a los internos, pollo en mal estado.<\/p>\n\n\n\n<p>Dialogamos con el Dr Herbas, jefe de Guardia del nosocomio, quien nos brindo detalles del estado de salud de los pacientes, \u00abingresaron a la media noche de este martes, gran cantidad de pacientes con un cuadro de intoxicaci\u00f3n alimentaria, con nauseas, v\u00f3mitos, fueron todos asistidos r\u00e1pidamente, 9 personas quedaron internadas a la espera de su evoluci\u00f3n, ten\u00edan distintos cuadros de \u00a0deshidrataci\u00f3n, donde les fue colocado suero\u00bb<\/p>\n\n\n\n<p>\u00abLuego de varias horas fueron dados de alta, no sabemos bien si fue la cena, los signos y s\u00edntomas pueden comenzar horas despu\u00e9s de ingerir el alimento contaminado, o bien pueden comenzar d\u00edas o incluso semanas despu\u00e9s, pero aseguraban que era algo que se ingiri\u00f3 por la noche\u00bb.<\/p>\n\n\n\n<p>Desde el nosocomio confirmaron que se radicara la denuncia para que se investigue el hecho. <\/p>\n\n\n\n<p>Los s\u00edntomas de intoxicaci\u00f3n alimentaria, que pueden comenzar unas horas despu\u00e9s de haber ingerido alimentos contaminados, a menudo comprenden n\u00e1useas, v\u00f3mitos o diarrea. En la mayor\u00eda de los casos, la intoxicaci\u00f3n alimentaria es leve y desaparece sin tratamiento. Pero algunas personas necesitan ir al hospital.<\/p>\n","protected":false},"excerpt":{"rendered":"<p>Sucedi\u00f3 por la medianoche de este martes, varias personas mayores de edad ingresaron a la guardia del nosocomio local con un cuadro severo de intoxicaci\u00f3n alimentaria. Los pacientes serian del Centro de Rahabilitacion ANDAR, sucursal que se encuentra ubicado en calle Mitre al 1825, seg\u00fan informaron desde el lugar la cena les cayo mal a [&hellip;]<\/p>\n","protected":false},"author":4,"featured_media":61611,"comment_status":"open","ping_status":"closed","sticky":false,"template":"","format":"standard","meta":{"om_disable_all_campaigns":false,"_jetpack_memberships_contains_paid_content":false,"footnotes":""},"categories":[50,101,2],"tags":[],"class_list":["post-61579","post","type-post","status-publish","format-standard","has-post-thumbnail","hentry","category-destacadas","category-interes-general-locales","category-locales"],"aioseo_notices":[],"gutentor_comment":0,"jetpack_featured_media_url":"https:\/\/eldiariodesanpedro.com.ar\/sitio\/wp-content\/uploads\/2019\/10\/guardia.jpg","jetpack_shortlink":"https:\/\/wp.me\/p6RhLt-g1d","jetpack_sharing_enabled":true,"_links":{"self":[{"href":"https:\/\/eldiariodesanpedro.com.ar\/sitio\/wp-json\/wp\/v2\/posts\/61579","targetHints":{"allow":["GET"]}}],"collection":[{"href":"https:\/\/eldiariodesanpedro.com.ar\/sitio\/wp-json\/wp\/v2\/posts"}],"about":[{"href":"https:\/\/eldiariodesanpedro.com.ar\/sitio\/wp-json\/wp\/v2\/types\/post"}],"author":[{"embeddable":true,"href":"https:\/\/eldiariodesanpedro.com.ar\/sitio\/wp-json\/wp\/v2\/users\/4"}],"replies":[{"embeddable":true,"href":"https:\/\/eldiariodesanpedro.com.ar\/sitio\/wp-json\/wp\/v2\/comments?post=61579"}],"version-history":[{"count":1,"href":"https:\/\/eldiariodesanpedro.com.ar\/sitio\/wp-json\/wp\/v2\/posts\/61579\/revisions"}],"predecessor-version":[{"id":61612,"href":"https:\/\/eldiariodesanpedro.com.ar\/sitio\/wp-json\/wp\/v2\/posts\/61579\/revisions\/61612"}],"wp:featuredmedia":[{"embeddable":true,"href":"https:\/\/eldiariodesanpedro.com.ar\/sitio\/wp-json\/wp\/v2\/media\/61611"}],"wp:attachment":[{"href":"https:\/\/eldiariodesanpedro.com.ar\/sitio\/wp-json\/wp\/v2\/media?parent=61579"}],"wp:term":[{"taxonomy":"category","embeddable":true,"href":"https:\/\/eldiariodesanpedro.com.ar\/sitio\/wp-json\/wp\/v2\/categories?post=61579"},{"taxonomy":"post_tag","embeddable":true,"href":"https:\/\/eldiariodesanpedro.com.ar\/sitio\/wp-json\/wp\/v2\/tags?post=61579"}],"curies":[{"name":"wp","href":"https:\/\/api.w.org\/{rel}","templated":true}]}}