{"id":61577,"date":"2019-10-09T09:35:34","date_gmt":"2019-10-09T12:35:34","guid":{"rendered":"https:\/\/eldiariodesanpedro.com.ar\/sitio\/?p=61577"},"modified":"2019-10-09T09:35:38","modified_gmt":"2019-10-09T12:35:38","slug":"ramallo-corporativismo-piden-que-le-arreglen-la-calle-a-una-concejal-macrista","status":"publish","type":"post","link":"https:\/\/eldiariodesanpedro.com.ar\/sitio\/ramallo-corporativismo-piden-que-le-arreglen-la-calle-a-una-concejal-macrista\/","title":{"rendered":"RAMALLO | Corporativismo: Piden que le arreglen la calle a una concejal macrista"},"content":{"rendered":"<!-- VideographyWP Plugin Message: Automatic video embedding prevented by plugin options. -->\n\n<p>El Concejo Deliberante de Ramallo vot\u00f3 un proyecto donde piden reparar la calle donde vive una de las ediles.<\/p>\n\n\n\n<p>Por unanimidad, votaron la reparaci\u00f3n de la calle G\u00fcemes, en la localidad de P\u00e9rez Mill\u00e1n, justo donde reside y tiene su actividad comercial una edil.<\/p>\n\n\n\n<p>l hecho ocurri\u00f3 en la \u00faltima sesi\u00f3n del Concejo Deliberante y se gan\u00f3 el repudio de los vecinos en las redes sociales.<\/p>\n\n\n\n<p>El proyecto, presentado por Cambiemos, solicita al secretario de Obras y Servicios P\u00fablicos de la Municipalidad de Ramallo&nbsp;<strong>Leandro Torri<\/strong>&nbsp;la reparaci\u00f3n del pavimento de la calle G\u00fcemes al 700 de la localidad de P\u00e9rez Mill\u00e1n\u201d.<\/p>\n\n\n\n<p>En esa cuadra vive y tiene su comercio, la concejal\u00a0<strong>Mar\u00eda Mercedes Grilli<\/strong>, de Cambiemos.<\/p>\n\n\n\n<p>Fuente: Ramallo Ciudad<\/p>\n","protected":false},"excerpt":{"rendered":"<p>El Concejo Deliberante de Ramallo vot\u00f3 un proyecto donde piden reparar la calle donde vive una de las ediles. Por unanimidad, votaron la reparaci\u00f3n de la calle G\u00fcemes, en la localidad de P\u00e9rez Mill\u00e1n, justo donde reside y tiene su actividad comercial una edil. l hecho ocurri\u00f3 en la \u00faltima sesi\u00f3n del Concejo Deliberante y [&hellip;]<\/p>\n","protected":false},"author":4,"featured_media":61580,"comment_status":"open","ping_status":"closed","sticky":false,"template":"","format":"standard","meta":{"om_disable_all_campaigns":false,"_jetpack_memberships_contains_paid_content":false,"footnotes":""},"categories":[621],"tags":[],"class_list":["post-61577","post","type-post","status-publish","format-standard","has-post-thumbnail","hentry","category-regionales"],"aioseo_notices":[],"gutentor_comment":0,"jetpack_featured_media_url":"https:\/\/eldiariodesanpedro.com.ar\/sitio\/wp-content\/uploads\/2019\/10\/bbx_440657168_1_concejo.jpg","jetpack_shortlink":"https:\/\/wp.me\/p6RhLt-g1b","jetpack_sharing_enabled":true,"_links":{"self":[{"href":"https:\/\/eldiariodesanpedro.com.ar\/sitio\/wp-json\/wp\/v2\/posts\/61577","targetHints":{"allow":["GET"]}}],"collection":[{"href":"https:\/\/eldiariodesanpedro.com.ar\/sitio\/wp-json\/wp\/v2\/posts"}],"about":[{"href":"https:\/\/eldiariodesanpedro.com.ar\/sitio\/wp-json\/wp\/v2\/types\/post"}],"author":[{"embeddable":true,"href":"https:\/\/eldiariodesanpedro.com.ar\/sitio\/wp-json\/wp\/v2\/users\/4"}],"replies":[{"embeddable":true,"href":"https:\/\/eldiariodesanpedro.com.ar\/sitio\/wp-json\/wp\/v2\/comments?post=61577"}],"version-history":[{"count":1,"href":"https:\/\/eldiariodesanpedro.com.ar\/sitio\/wp-json\/wp\/v2\/posts\/61577\/revisions"}],"predecessor-version":[{"id":61581,"href":"https:\/\/eldiariodesanpedro.com.ar\/sitio\/wp-json\/wp\/v2\/posts\/61577\/revisions\/61581"}],"wp:featuredmedia":[{"embeddable":true,"href":"https:\/\/eldiariodesanpedro.com.ar\/sitio\/wp-json\/wp\/v2\/media\/61580"}],"wp:attachment":[{"href":"https:\/\/eldiariodesanpedro.com.ar\/sitio\/wp-json\/wp\/v2\/media?parent=61577"}],"wp:term":[{"taxonomy":"category","embeddable":true,"href":"https:\/\/eldiariodesanpedro.com.ar\/sitio\/wp-json\/wp\/v2\/categories?post=61577"},{"taxonomy":"post_tag","embeddable":true,"href":"https:\/\/eldiariodesanpedro.com.ar\/sitio\/wp-json\/wp\/v2\/tags?post=61577"}],"curies":[{"name":"wp","href":"https:\/\/api.w.org\/{rel}","templated":true}]}}