{"id":61576,"date":"2019-10-09T10:30:18","date_gmt":"2019-10-09T13:30:18","guid":{"rendered":"https:\/\/eldiariodesanpedro.com.ar\/sitio\/?p=61576"},"modified":"2019-10-09T10:30:23","modified_gmt":"2019-10-09T13:30:23","slug":"varios-allanamientos-en-el-marco-de-robos-al-jardin-e-incendio-a-una-vivienda","status":"publish","type":"post","link":"https:\/\/eldiariodesanpedro.com.ar\/sitio\/varios-allanamientos-en-el-marco-de-robos-al-jardin-e-incendio-a-una-vivienda\/","title":{"rendered":"Varios allanamientos en el marco de robos al jard\u00edn e incendio a una vivienda"},"content":{"rendered":"<!-- VideographyWP Plugin Message: Automatic video embedding prevented by plugin options. -->\n\n<p>Los procedimiento se produjeron por la tarde de este martes, distintas fuerzas participaron de las diligencias dispuesta a cumplir la medida judicial. Se recuperaron varios elementos reconocidos por el fiscal Manso y fueron aprehendidos dos sujetos quienes se resistieron a la requisa.<\/p>\n\n\n\n<p>Personal de Gabinete Criminol\u00f3gico realizando diligencia de allanamiento junto al personal de la DDI San Pedro  y personal del Grupo de Apoyo Departamental GAD, proceden a dar cumplimiento a varias solicitudes de allanamiento por el marco de hechos de robos recientemente.<\/p>\n\n\n\n<p>Referido al incendio y robo a una vivienda de calle General Puyerredon al 1300, se realizaron varias diligencias resultando negativa pero se procedi\u00f3 a la aprehensi\u00f3n de dos sujetos masculinos de 25 y 28 a\u00f1os de edad, quienes ante el ingreso del personal a cumplimentar la medida judicial, se tornan agresivos contra los efectivos sin ocasionar lesiones. <\/p>\n\n\n\n<p>Que con respecto al primer mencionado es reducido debido a intentar agredir al personal manipulando arma tipo machete, que el restante manten\u00eda entre sus vestimentas cartuchos de arma de fuego. <\/p>\n\n\n\n<ul class=\"wp-block-gallery columns-3 is-cropped wp-block-gallery-1 is-layout-flex wp-block-gallery-is-layout-flex\"><li class=\"blocks-gallery-item\"><figure><img decoding=\"async\" width=\"1024\" height=\"768\" data-attachment-id=\"61615\" data-permalink=\"https:\/\/eldiariodesanpedro.com.ar\/sitio\/varios-allanamientos-en-el-marco-de-robos-al-jardin-e-incendio-a-una-vivienda\/whatsapp-image-2019-10-09-at-9-33-01-am\/\" data-orig-file=\"https:\/\/eldiariodesanpedro.com.ar\/sitio\/wp-content\/uploads\/2019\/10\/WhatsApp-Image-2019-10-09-at-9.33.01-AM.jpeg\" data-orig-size=\"1280,960\" data-comments-opened=\"1\" data-image-meta=\"{&quot;aperture&quot;:&quot;0&quot;,&quot;credit&quot;:&quot;&quot;,&quot;camera&quot;:&quot;&quot;,&quot;caption&quot;:&quot;&quot;,&quot;created_timestamp&quot;:&quot;0&quot;,&quot;copyright&quot;:&quot;&quot;,&quot;focal_length&quot;:&quot;0&quot;,&quot;iso&quot;:&quot;0&quot;,&quot;shutter_speed&quot;:&quot;0&quot;,&quot;title&quot;:&quot;&quot;,&quot;orientation&quot;:&quot;0&quot;}\" data-image-title=\"WhatsApp Image 2019-10-09 at 9.33.01 AM\" data-image-description=\"\" data-image-caption=\"\" data-large-file=\"https:\/\/eldiariodesanpedro.com.ar\/sitio\/wp-content\/uploads\/2019\/10\/WhatsApp-Image-2019-10-09-at-9.33.01-AM-1024x768.jpeg\" data-src=\"https:\/\/eldiariodesanpedro.com.ar\/sitio\/wp-content\/uploads\/2019\/10\/WhatsApp-Image-2019-10-09-at-9.33.01-AM-1024x768.jpeg\" alt=\"\" data-id=\"61615\" data-link=\"https:\/\/eldiariodesanpedro.com.ar\/sitio\/?attachment_id=61615\" class=\"wp-image-61615 lazyload\" data-srcset=\"https:\/\/eldiariodesanpedro.com.ar\/sitio\/wp-content\/uploads\/2019\/10\/WhatsApp-Image-2019-10-09-at-9.33.01-AM-1024x768.jpeg 1024w, https:\/\/eldiariodesanpedro.com.ar\/sitio\/wp-content\/uploads\/2019\/10\/WhatsApp-Image-2019-10-09-at-9.33.01-AM-300x225.jpeg 300w, https:\/\/eldiariodesanpedro.com.ar\/sitio\/wp-content\/uploads\/2019\/10\/WhatsApp-Image-2019-10-09-at-9.33.01-AM-768x576.jpeg 768w, https:\/\/eldiariodesanpedro.com.ar\/sitio\/wp-content\/uploads\/2019\/10\/WhatsApp-Image-2019-10-09-at-9.33.01-AM.jpeg 1280w\" data-sizes=\"(max-width: 1024px) 100vw, 1024px\" src=\"data:image\/svg+xml;base64,PHN2ZyB3aWR0aD0iMSIgaGVpZ2h0PSIxIiB4bWxucz0iaHR0cDovL3d3dy53My5vcmcvMjAwMC9zdmciPjwvc3ZnPg==\" style=\"--smush-placeholder-width: 1024px; --smush-placeholder-aspect-ratio: 1024\/768;\" \/><\/figure><\/li><li class=\"blocks-gallery-item\"><figure><img decoding=\"async\" width=\"1024\" height=\"768\" data-attachment-id=\"61614\" data-permalink=\"https:\/\/eldiariodesanpedro.com.ar\/sitio\/varios-allanamientos-en-el-marco-de-robos-al-jardin-e-incendio-a-una-vivienda\/whatsapp-image-2019-10-09-at-9-33-01-am-2\/\" data-orig-file=\"https:\/\/eldiariodesanpedro.com.ar\/sitio\/wp-content\/uploads\/2019\/10\/WhatsApp-Image-2019-10-09-at-9.33.01-AM-2.jpeg\" data-orig-size=\"1280,960\" data-comments-opened=\"1\" data-image-meta=\"{&quot;aperture&quot;:&quot;0&quot;,&quot;credit&quot;:&quot;&quot;,&quot;camera&quot;:&quot;&quot;,&quot;caption&quot;:&quot;&quot;,&quot;created_timestamp&quot;:&quot;0&quot;,&quot;copyright&quot;:&quot;&quot;,&quot;focal_length&quot;:&quot;0&quot;,&quot;iso&quot;:&quot;0&quot;,&quot;shutter_speed&quot;:&quot;0&quot;,&quot;title&quot;:&quot;&quot;,&quot;orientation&quot;:&quot;0&quot;}\" data-image-title=\"WhatsApp Image 2019-10-09 at 9.33.01 AM (2)\" data-image-description=\"\" data-image-caption=\"\" data-large-file=\"https:\/\/eldiariodesanpedro.com.ar\/sitio\/wp-content\/uploads\/2019\/10\/WhatsApp-Image-2019-10-09-at-9.33.01-AM-2-1024x768.jpeg\" data-src=\"https:\/\/eldiariodesanpedro.com.ar\/sitio\/wp-content\/uploads\/2019\/10\/WhatsApp-Image-2019-10-09-at-9.33.01-AM-2-1024x768.jpeg\" alt=\"\" data-id=\"61614\" data-link=\"https:\/\/eldiariodesanpedro.com.ar\/sitio\/?attachment_id=61614\" class=\"wp-image-61614 lazyload\" data-srcset=\"https:\/\/eldiariodesanpedro.com.ar\/sitio\/wp-content\/uploads\/2019\/10\/WhatsApp-Image-2019-10-09-at-9.33.01-AM-2-1024x768.jpeg 1024w, https:\/\/eldiariodesanpedro.com.ar\/sitio\/wp-content\/uploads\/2019\/10\/WhatsApp-Image-2019-10-09-at-9.33.01-AM-2-300x225.jpeg 300w, https:\/\/eldiariodesanpedro.com.ar\/sitio\/wp-content\/uploads\/2019\/10\/WhatsApp-Image-2019-10-09-at-9.33.01-AM-2-768x576.jpeg 768w, https:\/\/eldiariodesanpedro.com.ar\/sitio\/wp-content\/uploads\/2019\/10\/WhatsApp-Image-2019-10-09-at-9.33.01-AM-2.jpeg 1280w\" data-sizes=\"(max-width: 1024px) 100vw, 1024px\" src=\"data:image\/svg+xml;base64,PHN2ZyB3aWR0aD0iMSIgaGVpZ2h0PSIxIiB4bWxucz0iaHR0cDovL3d3dy53My5vcmcvMjAwMC9zdmciPjwvc3ZnPg==\" style=\"--smush-placeholder-width: 1024px; --smush-placeholder-aspect-ratio: 1024\/768;\" \/><\/figure><\/li><li class=\"blocks-gallery-item\"><figure><img decoding=\"async\" width=\"1024\" height=\"768\" data-attachment-id=\"61617\" data-permalink=\"https:\/\/eldiariodesanpedro.com.ar\/sitio\/varios-allanamientos-en-el-marco-de-robos-al-jardin-e-incendio-a-una-vivienda\/whatsapp-image-2019-10-09-at-9-33-01-am-3\/\" data-orig-file=\"https:\/\/eldiariodesanpedro.com.ar\/sitio\/wp-content\/uploads\/2019\/10\/WhatsApp-Image-2019-10-09-at-9.33.01-AM-3.jpeg\" data-orig-size=\"1280,960\" data-comments-opened=\"1\" data-image-meta=\"{&quot;aperture&quot;:&quot;0&quot;,&quot;credit&quot;:&quot;&quot;,&quot;camera&quot;:&quot;&quot;,&quot;caption&quot;:&quot;&quot;,&quot;created_timestamp&quot;:&quot;0&quot;,&quot;copyright&quot;:&quot;&quot;,&quot;focal_length&quot;:&quot;0&quot;,&quot;iso&quot;:&quot;0&quot;,&quot;shutter_speed&quot;:&quot;0&quot;,&quot;title&quot;:&quot;&quot;,&quot;orientation&quot;:&quot;0&quot;}\" data-image-title=\"WhatsApp Image 2019-10-09 at 9.33.01 AM (3)\" data-image-description=\"\" data-image-caption=\"\" data-large-file=\"https:\/\/eldiariodesanpedro.com.ar\/sitio\/wp-content\/uploads\/2019\/10\/WhatsApp-Image-2019-10-09-at-9.33.01-AM-3-1024x768.jpeg\" data-src=\"https:\/\/eldiariodesanpedro.com.ar\/sitio\/wp-content\/uploads\/2019\/10\/WhatsApp-Image-2019-10-09-at-9.33.01-AM-3-1024x768.jpeg\" alt=\"\" data-id=\"61617\" data-link=\"https:\/\/eldiariodesanpedro.com.ar\/sitio\/?attachment_id=61617\" class=\"wp-image-61617 lazyload\" data-srcset=\"https:\/\/eldiariodesanpedro.com.ar\/sitio\/wp-content\/uploads\/2019\/10\/WhatsApp-Image-2019-10-09-at-9.33.01-AM-3-1024x768.jpeg 1024w, https:\/\/eldiariodesanpedro.com.ar\/sitio\/wp-content\/uploads\/2019\/10\/WhatsApp-Image-2019-10-09-at-9.33.01-AM-3-300x225.jpeg 300w, https:\/\/eldiariodesanpedro.com.ar\/sitio\/wp-content\/uploads\/2019\/10\/WhatsApp-Image-2019-10-09-at-9.33.01-AM-3-768x576.jpeg 768w, https:\/\/eldiariodesanpedro.com.ar\/sitio\/wp-content\/uploads\/2019\/10\/WhatsApp-Image-2019-10-09-at-9.33.01-AM-3.jpeg 1280w\" data-sizes=\"(max-width: 1024px) 100vw, 1024px\" src=\"data:image\/svg+xml;base64,PHN2ZyB3aWR0aD0iMSIgaGVpZ2h0PSIxIiB4bWxucz0iaHR0cDovL3d3dy53My5vcmcvMjAwMC9zdmciPjwvc3ZnPg==\" style=\"--smush-placeholder-width: 1024px; --smush-placeholder-aspect-ratio: 1024\/768;\" \/><\/figure><\/li><\/ul>\n\n\n\n<p><br>Tambi\u00e9n tras averiguaciones realizadas y datos recogidos en relaci\u00f3n a hecho de robo donde resulto damnificado el jard\u00edn del colegio normal, se logr\u00f3 establecer la autor\u00eda de un masculino de 19 a\u00f1os de edad.<\/p>\n\n\n\n<p>Extendida solicitud al allanamiento se procedio en su domicilio sito en calle Saavedra y Calle 41.<\/p>\n\n\n\n<p>De alli se logreo secuestrar mercader\u00edas varias que resta diligencia judicial de reconocimiento por parta de los damnificados. <\/p>\n\n\n\n<p>Interviene la fiscal en turno local<\/p>\n","protected":false},"excerpt":{"rendered":"<p>Los procedimiento se produjeron por la tarde de este martes, distintas fuerzas participaron de las diligencias dispuesta a cumplir la medida judicial. Se recuperaron varios elementos reconocidos por el fiscal Manso y fueron aprehendidos dos sujetos quienes se resistieron a la requisa. Personal de Gabinete Criminol\u00f3gico realizando diligencia de allanamiento junto al personal de la [&hellip;]<\/p>\n","protected":false},"author":4,"featured_media":61616,"comment_status":"open","ping_status":"closed","sticky":false,"template":"","format":"standard","meta":{"om_disable_all_campaigns":false,"_jetpack_memberships_contains_paid_content":false,"footnotes":""},"categories":[50,2,103],"tags":[],"class_list":["post-61576","post","type-post","status-publish","format-standard","has-post-thumbnail","hentry","category-destacadas","category-locales","category-policiales-locales"],"aioseo_notices":[],"gutentor_comment":0,"jetpack_featured_media_url":"https:\/\/eldiariodesanpedro.com.ar\/sitio\/wp-content\/uploads\/2019\/10\/WhatsApp-Image-2019-10-09-at-9.46.14-AM.jpeg","jetpack_shortlink":"https:\/\/wp.me\/p6RhLt-g1a","jetpack_sharing_enabled":true,"_links":{"self":[{"href":"https:\/\/eldiariodesanpedro.com.ar\/sitio\/wp-json\/wp\/v2\/posts\/61576","targetHints":{"allow":["GET"]}}],"collection":[{"href":"https:\/\/eldiariodesanpedro.com.ar\/sitio\/wp-json\/wp\/v2\/posts"}],"about":[{"href":"https:\/\/eldiariodesanpedro.com.ar\/sitio\/wp-json\/wp\/v2\/types\/post"}],"author":[{"embeddable":true,"href":"https:\/\/eldiariodesanpedro.com.ar\/sitio\/wp-json\/wp\/v2\/users\/4"}],"replies":[{"embeddable":true,"href":"https:\/\/eldiariodesanpedro.com.ar\/sitio\/wp-json\/wp\/v2\/comments?post=61576"}],"version-history":[{"count":2,"href":"https:\/\/eldiariodesanpedro.com.ar\/sitio\/wp-json\/wp\/v2\/posts\/61576\/revisions"}],"predecessor-version":[{"id":61618,"href":"https:\/\/eldiariodesanpedro.com.ar\/sitio\/wp-json\/wp\/v2\/posts\/61576\/revisions\/61618"}],"wp:featuredmedia":[{"embeddable":true,"href":"https:\/\/eldiariodesanpedro.com.ar\/sitio\/wp-json\/wp\/v2\/media\/61616"}],"wp:attachment":[{"href":"https:\/\/eldiariodesanpedro.com.ar\/sitio\/wp-json\/wp\/v2\/media?parent=61576"}],"wp:term":[{"taxonomy":"category","embeddable":true,"href":"https:\/\/eldiariodesanpedro.com.ar\/sitio\/wp-json\/wp\/v2\/categories?post=61576"},{"taxonomy":"post_tag","embeddable":true,"href":"https:\/\/eldiariodesanpedro.com.ar\/sitio\/wp-json\/wp\/v2\/tags?post=61576"}],"curies":[{"name":"wp","href":"https:\/\/api.w.org\/{rel}","templated":true}]}}