{"id":61542,"date":"2019-10-08T19:53:04","date_gmt":"2019-10-08T22:53:04","guid":{"rendered":"https:\/\/eldiariodesanpedro.com.ar\/sitio\/?p=61542"},"modified":"2019-10-08T19:53:08","modified_gmt":"2019-10-08T22:53:08","slug":"la-moto-fue-sustraida-de-la-vereda","status":"publish","type":"post","link":"https:\/\/eldiariodesanpedro.com.ar\/sitio\/la-moto-fue-sustraida-de-la-vereda\/","title":{"rendered":"La moto fue sustra\u00edda de la vereda"},"content":{"rendered":"<!-- VideographyWP Plugin Message: Automatic video embedding prevented by plugin options. -->\n\n<p>El hecho se produjo este lunes, delincuentes sustraen una motocicleta 150 cc sin violencia de la v\u00eda p\u00fablica.<\/p>\n\n\n\n<p> Un hombre de 36 a\u00f1os de edad, radic\u00f3 su denuncia en la comisar\u00eda constatado que dej\u00f3 su rodado estacionado en la vereda de calle Independencia al 1700, transcurrido una hora, al egresar constata que malvivientes ignorados se lo sustraen.<br> Intervino la fiscal\u00eda en turno.<\/p>\n","protected":false},"excerpt":{"rendered":"<p>El hecho se produjo este lunes, delincuentes sustraen una motocicleta 150 cc sin violencia de la v\u00eda p\u00fablica. Un hombre de 36 a\u00f1os de edad, radic\u00f3 su denuncia en la comisar\u00eda constatado que dej\u00f3 su rodado estacionado en la vereda de calle Independencia al 1700, transcurrido una hora, al egresar constata que malvivientes ignorados se [&hellip;]<\/p>\n","protected":false},"author":4,"featured_media":38493,"comment_status":"open","ping_status":"closed","sticky":false,"template":"","format":"standard","meta":{"om_disable_all_campaigns":false,"_jetpack_memberships_contains_paid_content":false,"footnotes":""},"categories":[2,103],"tags":[],"class_list":["post-61542","post","type-post","status-publish","format-standard","has-post-thumbnail","hentry","category-locales","category-policiales-locales"],"aioseo_notices":[],"gutentor_comment":0,"jetpack_featured_media_url":"https:\/\/eldiariodesanpedro.com.ar\/sitio\/wp-content\/uploads\/2018\/08\/robo-moto.jpg","jetpack_shortlink":"https:\/\/wp.me\/p6RhLt-g0C","jetpack_sharing_enabled":true,"_links":{"self":[{"href":"https:\/\/eldiariodesanpedro.com.ar\/sitio\/wp-json\/wp\/v2\/posts\/61542","targetHints":{"allow":["GET"]}}],"collection":[{"href":"https:\/\/eldiariodesanpedro.com.ar\/sitio\/wp-json\/wp\/v2\/posts"}],"about":[{"href":"https:\/\/eldiariodesanpedro.com.ar\/sitio\/wp-json\/wp\/v2\/types\/post"}],"author":[{"embeddable":true,"href":"https:\/\/eldiariodesanpedro.com.ar\/sitio\/wp-json\/wp\/v2\/users\/4"}],"replies":[{"embeddable":true,"href":"https:\/\/eldiariodesanpedro.com.ar\/sitio\/wp-json\/wp\/v2\/comments?post=61542"}],"version-history":[{"count":1,"href":"https:\/\/eldiariodesanpedro.com.ar\/sitio\/wp-json\/wp\/v2\/posts\/61542\/revisions"}],"predecessor-version":[{"id":61543,"href":"https:\/\/eldiariodesanpedro.com.ar\/sitio\/wp-json\/wp\/v2\/posts\/61542\/revisions\/61543"}],"wp:featuredmedia":[{"embeddable":true,"href":"https:\/\/eldiariodesanpedro.com.ar\/sitio\/wp-json\/wp\/v2\/media\/38493"}],"wp:attachment":[{"href":"https:\/\/eldiariodesanpedro.com.ar\/sitio\/wp-json\/wp\/v2\/media?parent=61542"}],"wp:term":[{"taxonomy":"category","embeddable":true,"href":"https:\/\/eldiariodesanpedro.com.ar\/sitio\/wp-json\/wp\/v2\/categories?post=61542"},{"taxonomy":"post_tag","embeddable":true,"href":"https:\/\/eldiariodesanpedro.com.ar\/sitio\/wp-json\/wp\/v2\/tags?post=61542"}],"curies":[{"name":"wp","href":"https:\/\/api.w.org\/{rel}","templated":true}]}}