{"id":61540,"date":"2019-10-08T19:46:18","date_gmt":"2019-10-08T22:46:18","guid":{"rendered":"https:\/\/eldiariodesanpedro.com.ar\/sitio\/?p=61540"},"modified":"2019-10-08T19:46:22","modified_gmt":"2019-10-08T22:46:22","slug":"varias-denuncias-por-amenazas-de-muerte-2","status":"publish","type":"post","link":"https:\/\/eldiariodesanpedro.com.ar\/sitio\/varias-denuncias-por-amenazas-de-muerte-2\/","title":{"rendered":"Varias denuncias por amenazas de muerte"},"content":{"rendered":"<!-- VideographyWP Plugin Message: Automatic video embedding prevented by plugin options. -->\n\n<p>Fueron radicadas en la dependencia local este lunes, los hechos son denunciados por personas femeninas y ser\u00edan a causa de convivencia vecinal.<\/p>\n\n\n\n<p> Las tres denuncias contaron que:<br> Una se\u00f1ora de 69 a\u00f1os de edad, cont\u00f3 que mientras se encontraba en la vereda de su domicilio de calle  Almafuerte al 700  con su hijo y dos perros, otra femenina desde el primer piso de la vivienda lindera a discente comienza a vociferar  amenazas. Refiere problemas vecinales de vieja data.<br> Por otro lado, la mujer de 53, acusada de amenazar a la se\u00f1ora, radic\u00f3 su denuncia tambi\u00e9n contando otra versi\u00f3n del hecho, la acusada dice encontrarse en la vereda de enfrente y ella recibi\u00f3 las agresiones y amenazas.<\/p>\n\n\n\n<p> Por \u00faltimo otra femenina de 31, dice que al momento que regresa a su vivienda calle Javier Rivero 230, se presenta otra femenina, quien comienza a amenazarla e insultarla solicitando que le firme un boleto de compra y venta de anterioridad, persona est\u00e1 aquien a\u00f1o atr\u00e1s le vendi\u00f3 vivienda, cual mencionada no termino de pagar.<\/p>\n","protected":false},"excerpt":{"rendered":"<p>Fueron radicadas en la dependencia local este lunes, los hechos son denunciados por personas femeninas y ser\u00edan a causa de convivencia vecinal. Las tres denuncias contaron que: Una se\u00f1ora de 69 a\u00f1os de edad, cont\u00f3 que mientras se encontraba en la vereda de su domicilio de calle Almafuerte al 700 con su hijo y dos [&hellip;]<\/p>\n","protected":false},"author":4,"featured_media":45394,"comment_status":"open","ping_status":"closed","sticky":false,"template":"","format":"standard","meta":{"om_disable_all_campaigns":false,"_jetpack_memberships_contains_paid_content":false,"footnotes":""},"categories":[2,103],"tags":[],"class_list":["post-61540","post","type-post","status-publish","format-standard","has-post-thumbnail","hentry","category-locales","category-policiales-locales"],"aioseo_notices":[],"gutentor_comment":0,"jetpack_featured_media_url":"https:\/\/eldiariodesanpedro.com.ar\/sitio\/wp-content\/uploads\/2019\/01\/comisaria.jpg","jetpack_shortlink":"https:\/\/wp.me\/p6RhLt-g0A","jetpack_sharing_enabled":true,"_links":{"self":[{"href":"https:\/\/eldiariodesanpedro.com.ar\/sitio\/wp-json\/wp\/v2\/posts\/61540","targetHints":{"allow":["GET"]}}],"collection":[{"href":"https:\/\/eldiariodesanpedro.com.ar\/sitio\/wp-json\/wp\/v2\/posts"}],"about":[{"href":"https:\/\/eldiariodesanpedro.com.ar\/sitio\/wp-json\/wp\/v2\/types\/post"}],"author":[{"embeddable":true,"href":"https:\/\/eldiariodesanpedro.com.ar\/sitio\/wp-json\/wp\/v2\/users\/4"}],"replies":[{"embeddable":true,"href":"https:\/\/eldiariodesanpedro.com.ar\/sitio\/wp-json\/wp\/v2\/comments?post=61540"}],"version-history":[{"count":1,"href":"https:\/\/eldiariodesanpedro.com.ar\/sitio\/wp-json\/wp\/v2\/posts\/61540\/revisions"}],"predecessor-version":[{"id":61541,"href":"https:\/\/eldiariodesanpedro.com.ar\/sitio\/wp-json\/wp\/v2\/posts\/61540\/revisions\/61541"}],"wp:featuredmedia":[{"embeddable":true,"href":"https:\/\/eldiariodesanpedro.com.ar\/sitio\/wp-json\/wp\/v2\/media\/45394"}],"wp:attachment":[{"href":"https:\/\/eldiariodesanpedro.com.ar\/sitio\/wp-json\/wp\/v2\/media?parent=61540"}],"wp:term":[{"taxonomy":"category","embeddable":true,"href":"https:\/\/eldiariodesanpedro.com.ar\/sitio\/wp-json\/wp\/v2\/categories?post=61540"},{"taxonomy":"post_tag","embeddable":true,"href":"https:\/\/eldiariodesanpedro.com.ar\/sitio\/wp-json\/wp\/v2\/tags?post=61540"}],"curies":[{"name":"wp","href":"https:\/\/api.w.org\/{rel}","templated":true}]}}