{"id":61537,"date":"2019-10-08T19:43:54","date_gmt":"2019-10-08T22:43:54","guid":{"rendered":"https:\/\/eldiariodesanpedro.com.ar\/sitio\/?p=61537"},"modified":"2019-10-08T19:43:58","modified_gmt":"2019-10-08T22:43:58","slug":"santa-lucia-doce-anos-de-condena-a-quien-abuso-de-su-hijastra","status":"publish","type":"post","link":"https:\/\/eldiariodesanpedro.com.ar\/sitio\/santa-lucia-doce-anos-de-condena-a-quien-abuso-de-su-hijastra\/","title":{"rendered":"SANTA LUC\u00cdA:  Doce a\u00f1os de condena a quien abus\u00f3 de su hijastra"},"content":{"rendered":"<!-- VideographyWP Plugin Message: Automatic video embedding prevented by plugin options. -->\n\n<p>El hombre de 59 a\u00f1os fue hallado culpable del delito de abuso sexual agravado contra una menor que en su momento ten\u00eda 10 a\u00f1os. El caso hab\u00eda sido denunciado en 2015.<\/p>\n\n\n\n<p>El lunes se conoci\u00f3 el veredicto del jurado que conden\u00f3 a un hombre de 59 a\u00f1os identificado como Hugo Cesar Carro de 59 a\u00f1os. El caso fue instruido por el fiscal Marcelo Manso y tras el juicio oral y p\u00fablico desarrollado en el Tribunal Criminal N\u00b01 de San Nicol\u00e1s se estableci\u00f3 una pena de 12 a\u00f1os de prisi\u00f3n efectiva.<\/p>\n\n\n\n<p>El hecho aconteci\u00f3 en una vivienda de la localidad de Santa Luc\u00eda y Carro fue hallado responsable del delito de abuso sexual agravado por el v\u00ednculo ya que al momento de ser denunciado era la pareja de la mujer de 33 a\u00f1os, madre de la v\u00edctima que ten\u00eda 10 a\u00f1os. Fue la propia progenitora la que lo denunci\u00f3 en agosto de 2015 luego de que la menor narrara lo que le ven\u00eda sucediendo. <\/p>\n\n\n\n<p> La entrevista en C\u00e1mara Gesell fue determinante para condenar al imputado ya que la menor relat\u00f3 con claridad que era lo que le hab\u00eda sucedido.<\/p>\n\n\n\n<p>Fuente: San Pedro Informa<\/p>\n","protected":false},"excerpt":{"rendered":"<p>El hombre de 59 a\u00f1os fue hallado culpable del delito de abuso sexual agravado contra una menor que en su momento ten\u00eda 10 a\u00f1os. El caso hab\u00eda sido denunciado en 2015. El lunes se conoci\u00f3 el veredicto del jurado que conden\u00f3 a un hombre de 59 a\u00f1os identificado como Hugo Cesar Carro de 59 a\u00f1os. [&hellip;]<\/p>\n","protected":false},"author":4,"featured_media":61538,"comment_status":"open","ping_status":"closed","sticky":false,"template":"","format":"standard","meta":{"om_disable_all_campaigns":false,"_jetpack_memberships_contains_paid_content":false,"footnotes":""},"categories":[2,103],"tags":[],"class_list":["post-61537","post","type-post","status-publish","format-standard","has-post-thumbnail","hentry","category-locales","category-policiales-locales"],"aioseo_notices":[],"gutentor_comment":0,"jetpack_featured_media_url":"https:\/\/eldiariodesanpedro.com.ar\/sitio\/wp-content\/uploads\/2019\/10\/pagina-3-uno.jpg","jetpack_shortlink":"https:\/\/wp.me\/p6RhLt-g0x","jetpack_sharing_enabled":true,"_links":{"self":[{"href":"https:\/\/eldiariodesanpedro.com.ar\/sitio\/wp-json\/wp\/v2\/posts\/61537","targetHints":{"allow":["GET"]}}],"collection":[{"href":"https:\/\/eldiariodesanpedro.com.ar\/sitio\/wp-json\/wp\/v2\/posts"}],"about":[{"href":"https:\/\/eldiariodesanpedro.com.ar\/sitio\/wp-json\/wp\/v2\/types\/post"}],"author":[{"embeddable":true,"href":"https:\/\/eldiariodesanpedro.com.ar\/sitio\/wp-json\/wp\/v2\/users\/4"}],"replies":[{"embeddable":true,"href":"https:\/\/eldiariodesanpedro.com.ar\/sitio\/wp-json\/wp\/v2\/comments?post=61537"}],"version-history":[{"count":1,"href":"https:\/\/eldiariodesanpedro.com.ar\/sitio\/wp-json\/wp\/v2\/posts\/61537\/revisions"}],"predecessor-version":[{"id":61539,"href":"https:\/\/eldiariodesanpedro.com.ar\/sitio\/wp-json\/wp\/v2\/posts\/61537\/revisions\/61539"}],"wp:featuredmedia":[{"embeddable":true,"href":"https:\/\/eldiariodesanpedro.com.ar\/sitio\/wp-json\/wp\/v2\/media\/61538"}],"wp:attachment":[{"href":"https:\/\/eldiariodesanpedro.com.ar\/sitio\/wp-json\/wp\/v2\/media?parent=61537"}],"wp:term":[{"taxonomy":"category","embeddable":true,"href":"https:\/\/eldiariodesanpedro.com.ar\/sitio\/wp-json\/wp\/v2\/categories?post=61537"},{"taxonomy":"post_tag","embeddable":true,"href":"https:\/\/eldiariodesanpedro.com.ar\/sitio\/wp-json\/wp\/v2\/tags?post=61537"}],"curies":[{"name":"wp","href":"https:\/\/api.w.org\/{rel}","templated":true}]}}