{"id":61530,"date":"2019-10-08T19:41:50","date_gmt":"2019-10-08T22:41:50","guid":{"rendered":"https:\/\/eldiariodesanpedro.com.ar\/sitio\/?p=61530"},"modified":"2019-10-08T19:41:54","modified_gmt":"2019-10-08T22:41:54","slug":"este-fin-de-semana-la-fiesta-de-las-colectividades","status":"publish","type":"post","link":"https:\/\/eldiariodesanpedro.com.ar\/sitio\/este-fin-de-semana-la-fiesta-de-las-colectividades\/","title":{"rendered":"Este fin de semana la Fiesta de las Colectividades"},"content":{"rendered":"<!-- VideographyWP Plugin Message: Automatic video embedding prevented by plugin options. -->\n\n<p>En una coferencia de prensa se presento por la ma\u00f1ana de este martes una nueva edici\u00f3n de la Fiesta de las Colectividades, que tendr\u00e1 lugar en calle Pellegrini con un escenario frente a la Municipalidad y la Plaza Constituci\u00f3n.<br> El patio de comida tendra comidas t\u00edpicas y tradicionales <br> La grilla de espect\u00e1culos son los siguiente:<br> S\u00e1bado 12<br> \u2013 Ballet \u00abFlorcita de Cedr\u00f3n\u00bb<br>-Tambor Palenque<br>\u2013 Fent Polcelguera- Petittons<br>\u2013 Ballet Volga<br>\u2013 Ballet Del Centro Vasco Arrecifes<br>\u2013 Grupo De Tango Del Centro Cultural Abelardo Castillo Y Sociedad Italiana, A Cargo De Carlos Ferreyra<br>\u2013 \u00abRa\u00edces Entrerrianas\u00bb<br>\u2013 Canciones T\u00edpicas de Okinawa<br>\u2013 Grupo Folcl\u00f3rico de Mat\u00edas M\u00e1rcico (Cierre)<br>17 Hs: \u00abLA Inmigraci\u00f3n En Primera Persona- Charla Sobre Inmigraci\u00f3n. Con representantes de las distintas colectividades.<\/p>\n\n\n\n<p>Domingo 13<br>\u2013 Ballet \u00abLos de Salta\u00bb<br>\u2013 Conjunto \u00abRa\u00edces Asturianas\u00bb<br>\u2013 Fent Polceguera<br>\u2013 Petitons<br>\u2013 La Ronda Leg\u00fcera<br>\u2013 Amor y Pasi\u00f3n por el Tango<br>\u2013 Saufar Lubnan<br>\u2013 La Delio Valdez<br><br>S\u00e1bado Y Domingo:<br>\u2013 Taller De Origami Para Chicos<br>\u2013 Muestra de trajes tipicos en el Museo Hist\u00f3rico Regional<br> <br>En adhesi\u00f3n a la FIESTA DE LAS COLECTIVIDADES San Pedro 2019, el Centro de Estudios Hist\u00f3ricos de San Pedro invita a participar de tres propuestas culturales.<br> S\u00e1bado 12 \/ 17 h: \u00abLa inmigraci\u00f3n en primera persona\u00bb. Conversaciones con inmigrantes de diferentes or\u00edgenes. Cierre con danzas de ALMA CRIOLLA.<br> S\u00e1bado 12 &#8211; Domingo 13 \/ de 9 a 17 h: Exposici\u00f3n de trajes t\u00edpicos. Gentileza: Colectividades de San Pedro.<br> Lunes 14 \/ 18 h: \u00abLeonardo Steppuhn, el primer rosicultor sampedrino\u00bb. Charla con su hija, Cristel, e invitados especiales. Exposici\u00f3n de material ilustrativo de la historia de la EXPO ROSA y apertura de la nuestra pict\u00f3rica de Maril\u00fa Gay\u00e1. Cierre musical con Kukato Garc\u00eda. Brindis por el aniversario del Museo Hist\u00f3rico. BONO CONTRIBUCI\u00d3N.<br> Museo Hist\u00f3rico Regional \u00abFray Jos\u00e9 Mar\u00eda Bottaro\u00bb &#8211; 9 de julio 134, San Pedro.<br> En caso de mal tiempo la Fiesta se pasara lo del dia sabado para el domingo y lunes.<\/p>\n\n\n\n<figure class=\"wp-block-image\"><img decoding=\"async\" width=\"960\" height=\"540\" data-attachment-id=\"61532\" data-permalink=\"https:\/\/eldiariodesanpedro.com.ar\/sitio\/este-fin-de-semana-la-fiesta-de-las-colectividades\/71906080_10219805851718552_7063840601862569984_n\/\" data-orig-file=\"https:\/\/eldiariodesanpedro.com.ar\/sitio\/wp-content\/uploads\/2019\/10\/71906080_10219805851718552_7063840601862569984_n.jpg\" data-orig-size=\"960,540\" data-comments-opened=\"1\" data-image-meta=\"{&quot;aperture&quot;:&quot;0&quot;,&quot;credit&quot;:&quot;&quot;,&quot;camera&quot;:&quot;&quot;,&quot;caption&quot;:&quot;&quot;,&quot;created_timestamp&quot;:&quot;0&quot;,&quot;copyright&quot;:&quot;&quot;,&quot;focal_length&quot;:&quot;0&quot;,&quot;iso&quot;:&quot;0&quot;,&quot;shutter_speed&quot;:&quot;0&quot;,&quot;title&quot;:&quot;&quot;,&quot;orientation&quot;:&quot;0&quot;}\" data-image-title=\"71906080_10219805851718552_7063840601862569984_n\" data-image-description=\"\" data-image-caption=\"\" data-large-file=\"https:\/\/eldiariodesanpedro.com.ar\/sitio\/wp-content\/uploads\/2019\/10\/71906080_10219805851718552_7063840601862569984_n.jpg\" data-src=\"https:\/\/eldiariodesanpedro.com.ar\/sitio\/wp-content\/uploads\/2019\/10\/71906080_10219805851718552_7063840601862569984_n.jpg\" alt=\"\" class=\"wp-image-61532 lazyload\" data-srcset=\"https:\/\/eldiariodesanpedro.com.ar\/sitio\/wp-content\/uploads\/2019\/10\/71906080_10219805851718552_7063840601862569984_n.jpg 960w, https:\/\/eldiariodesanpedro.com.ar\/sitio\/wp-content\/uploads\/2019\/10\/71906080_10219805851718552_7063840601862569984_n-300x169.jpg 300w, https:\/\/eldiariodesanpedro.com.ar\/sitio\/wp-content\/uploads\/2019\/10\/71906080_10219805851718552_7063840601862569984_n-768x432.jpg 768w\" data-sizes=\"(max-width: 960px) 100vw, 960px\" src=\"data:image\/svg+xml;base64,PHN2ZyB3aWR0aD0iMSIgaGVpZ2h0PSIxIiB4bWxucz0iaHR0cDovL3d3dy53My5vcmcvMjAwMC9zdmciPjwvc3ZnPg==\" style=\"--smush-placeholder-width: 960px; --smush-placeholder-aspect-ratio: 960\/540;\" \/><\/figure>\n\n\n\n<figure class=\"wp-block-image\"><img decoding=\"async\" width=\"960\" height=\"540\" data-attachment-id=\"61533\" data-permalink=\"https:\/\/eldiariodesanpedro.com.ar\/sitio\/este-fin-de-semana-la-fiesta-de-las-colectividades\/72213610_10219805853278591_3395080134619824128_n\/\" data-orig-file=\"https:\/\/eldiariodesanpedro.com.ar\/sitio\/wp-content\/uploads\/2019\/10\/72213610_10219805853278591_3395080134619824128_n.jpg\" data-orig-size=\"960,540\" data-comments-opened=\"1\" data-image-meta=\"{&quot;aperture&quot;:&quot;0&quot;,&quot;credit&quot;:&quot;&quot;,&quot;camera&quot;:&quot;&quot;,&quot;caption&quot;:&quot;&quot;,&quot;created_timestamp&quot;:&quot;0&quot;,&quot;copyright&quot;:&quot;&quot;,&quot;focal_length&quot;:&quot;0&quot;,&quot;iso&quot;:&quot;0&quot;,&quot;shutter_speed&quot;:&quot;0&quot;,&quot;title&quot;:&quot;&quot;,&quot;orientation&quot;:&quot;0&quot;}\" data-image-title=\"72213610_10219805853278591_3395080134619824128_n\" data-image-description=\"\" data-image-caption=\"\" data-large-file=\"https:\/\/eldiariodesanpedro.com.ar\/sitio\/wp-content\/uploads\/2019\/10\/72213610_10219805853278591_3395080134619824128_n.jpg\" data-src=\"https:\/\/eldiariodesanpedro.com.ar\/sitio\/wp-content\/uploads\/2019\/10\/72213610_10219805853278591_3395080134619824128_n.jpg\" alt=\"\" class=\"wp-image-61533 lazyload\" data-srcset=\"https:\/\/eldiariodesanpedro.com.ar\/sitio\/wp-content\/uploads\/2019\/10\/72213610_10219805853278591_3395080134619824128_n.jpg 960w, https:\/\/eldiariodesanpedro.com.ar\/sitio\/wp-content\/uploads\/2019\/10\/72213610_10219805853278591_3395080134619824128_n-300x169.jpg 300w, https:\/\/eldiariodesanpedro.com.ar\/sitio\/wp-content\/uploads\/2019\/10\/72213610_10219805853278591_3395080134619824128_n-768x432.jpg 768w\" data-sizes=\"(max-width: 960px) 100vw, 960px\" src=\"data:image\/svg+xml;base64,PHN2ZyB3aWR0aD0iMSIgaGVpZ2h0PSIxIiB4bWxucz0iaHR0cDovL3d3dy53My5vcmcvMjAwMC9zdmciPjwvc3ZnPg==\" style=\"--smush-placeholder-width: 960px; --smush-placeholder-aspect-ratio: 960\/540;\" \/><\/figure>\n\n\n\n<figure class=\"wp-block-image\"><img decoding=\"async\" width=\"960\" height=\"540\" data-attachment-id=\"61531\" data-permalink=\"https:\/\/eldiariodesanpedro.com.ar\/sitio\/este-fin-de-semana-la-fiesta-de-las-colectividades\/71593295_10219805852158563_1632968006415941632_n\/\" data-orig-file=\"https:\/\/eldiariodesanpedro.com.ar\/sitio\/wp-content\/uploads\/2019\/10\/71593295_10219805852158563_1632968006415941632_n.jpg\" data-orig-size=\"960,540\" data-comments-opened=\"1\" data-image-meta=\"{&quot;aperture&quot;:&quot;0&quot;,&quot;credit&quot;:&quot;&quot;,&quot;camera&quot;:&quot;&quot;,&quot;caption&quot;:&quot;&quot;,&quot;created_timestamp&quot;:&quot;0&quot;,&quot;copyright&quot;:&quot;&quot;,&quot;focal_length&quot;:&quot;0&quot;,&quot;iso&quot;:&quot;0&quot;,&quot;shutter_speed&quot;:&quot;0&quot;,&quot;title&quot;:&quot;&quot;,&quot;orientation&quot;:&quot;0&quot;}\" data-image-title=\"71593295_10219805852158563_1632968006415941632_n\" data-image-description=\"\" data-image-caption=\"\" data-large-file=\"https:\/\/eldiariodesanpedro.com.ar\/sitio\/wp-content\/uploads\/2019\/10\/71593295_10219805852158563_1632968006415941632_n.jpg\" data-src=\"https:\/\/eldiariodesanpedro.com.ar\/sitio\/wp-content\/uploads\/2019\/10\/71593295_10219805852158563_1632968006415941632_n.jpg\" alt=\"\" class=\"wp-image-61531 lazyload\" data-srcset=\"https:\/\/eldiariodesanpedro.com.ar\/sitio\/wp-content\/uploads\/2019\/10\/71593295_10219805852158563_1632968006415941632_n.jpg 960w, https:\/\/eldiariodesanpedro.com.ar\/sitio\/wp-content\/uploads\/2019\/10\/71593295_10219805852158563_1632968006415941632_n-300x169.jpg 300w, https:\/\/eldiariodesanpedro.com.ar\/sitio\/wp-content\/uploads\/2019\/10\/71593295_10219805852158563_1632968006415941632_n-768x432.jpg 768w\" data-sizes=\"(max-width: 960px) 100vw, 960px\" src=\"data:image\/svg+xml;base64,PHN2ZyB3aWR0aD0iMSIgaGVpZ2h0PSIxIiB4bWxucz0iaHR0cDovL3d3dy53My5vcmcvMjAwMC9zdmciPjwvc3ZnPg==\" style=\"--smush-placeholder-width: 960px; --smush-placeholder-aspect-ratio: 960\/540;\" \/><\/figure>\n","protected":false},"excerpt":{"rendered":"<p>En una coferencia de prensa se presento por la ma\u00f1ana de este martes una nueva edici\u00f3n de la Fiesta de las Colectividades, que tendr\u00e1 lugar en calle Pellegrini con un escenario frente a la Municipalidad y la Plaza Constituci\u00f3n. El patio de comida tendra comidas t\u00edpicas y tradicionales La grilla de espect\u00e1culos son los siguiente: [&hellip;]<\/p>\n","protected":false},"author":4,"featured_media":61534,"comment_status":"open","ping_status":"closed","sticky":false,"template":"","format":"standard","meta":{"om_disable_all_campaigns":false,"_jetpack_memberships_contains_paid_content":false,"footnotes":""},"categories":[101,2],"tags":[],"class_list":["post-61530","post","type-post","status-publish","format-standard","has-post-thumbnail","hentry","category-interes-general-locales","category-locales"],"aioseo_notices":[],"gutentor_comment":0,"jetpack_featured_media_url":"https:\/\/eldiariodesanpedro.com.ar\/sitio\/wp-content\/uploads\/2019\/10\/72535274_10219805851318542_7878558810871169024_n.jpg","jetpack_shortlink":"https:\/\/wp.me\/p6RhLt-g0q","jetpack_sharing_enabled":true,"_links":{"self":[{"href":"https:\/\/eldiariodesanpedro.com.ar\/sitio\/wp-json\/wp\/v2\/posts\/61530","targetHints":{"allow":["GET"]}}],"collection":[{"href":"https:\/\/eldiariodesanpedro.com.ar\/sitio\/wp-json\/wp\/v2\/posts"}],"about":[{"href":"https:\/\/eldiariodesanpedro.com.ar\/sitio\/wp-json\/wp\/v2\/types\/post"}],"author":[{"embeddable":true,"href":"https:\/\/eldiariodesanpedro.com.ar\/sitio\/wp-json\/wp\/v2\/users\/4"}],"replies":[{"embeddable":true,"href":"https:\/\/eldiariodesanpedro.com.ar\/sitio\/wp-json\/wp\/v2\/comments?post=61530"}],"version-history":[{"count":1,"href":"https:\/\/eldiariodesanpedro.com.ar\/sitio\/wp-json\/wp\/v2\/posts\/61530\/revisions"}],"predecessor-version":[{"id":61536,"href":"https:\/\/eldiariodesanpedro.com.ar\/sitio\/wp-json\/wp\/v2\/posts\/61530\/revisions\/61536"}],"wp:featuredmedia":[{"embeddable":true,"href":"https:\/\/eldiariodesanpedro.com.ar\/sitio\/wp-json\/wp\/v2\/media\/61534"}],"wp:attachment":[{"href":"https:\/\/eldiariodesanpedro.com.ar\/sitio\/wp-json\/wp\/v2\/media?parent=61530"}],"wp:term":[{"taxonomy":"category","embeddable":true,"href":"https:\/\/eldiariodesanpedro.com.ar\/sitio\/wp-json\/wp\/v2\/categories?post=61530"},{"taxonomy":"post_tag","embeddable":true,"href":"https:\/\/eldiariodesanpedro.com.ar\/sitio\/wp-json\/wp\/v2\/tags?post=61530"}],"curies":[{"name":"wp","href":"https:\/\/api.w.org\/{rel}","templated":true}]}}