{"id":61528,"date":"2019-10-08T19:35:46","date_gmt":"2019-10-08T22:35:46","guid":{"rendered":"https:\/\/eldiariodesanpedro.com.ar\/sitio\/?p=61528"},"modified":"2019-10-08T19:35:50","modified_gmt":"2019-10-08T22:35:50","slug":"coopser-informa-corte-programado-para-manana-en-villa-jardin","status":"publish","type":"post","link":"https:\/\/eldiariodesanpedro.com.ar\/sitio\/coopser-informa-corte-programado-para-manana-en-villa-jardin\/","title":{"rendered":"COOPSER INFORMA: Corte programado para ma\u00f1ana en Villa Jard\u00edn"},"content":{"rendered":"<!-- VideographyWP Plugin Message: Automatic video embedding prevented by plugin options. -->\n\n<p>COOPSER informa que ma\u00f1ana MI\u00c9RCOLES 9 de octubre se realizar\u00e1 un corte de servicio el\u00e9ctrico en el Camino de Villa Jard\u00edn por tareas de mantenimiento, comprendiendo la zona que va desde el Moj\u00f3n 70 al 300 inclusive.\u00a0<strong>\u00a0La interrupci\u00f3n ser\u00e1 desde las 8 a las 11 y en caso de mal tiempo ser\u00e1 reprogramado.<\/strong><\/p>\n","protected":false},"excerpt":{"rendered":"<p>COOPSER informa que ma\u00f1ana MI\u00c9RCOLES 9 de octubre se realizar\u00e1 un corte de servicio el\u00e9ctrico en el Camino de Villa Jard\u00edn por tareas de mantenimiento, comprendiendo la zona que va desde el Moj\u00f3n 70 al 300 inclusive.\u00a0\u00a0La interrupci\u00f3n ser\u00e1 desde las 8 a las 11 y en caso de mal tiempo ser\u00e1 reprogramado.<\/p>\n","protected":false},"author":4,"featured_media":39021,"comment_status":"open","ping_status":"closed","sticky":false,"template":"","format":"standard","meta":{"om_disable_all_campaigns":false,"_jetpack_memberships_contains_paid_content":false,"footnotes":""},"categories":[101,2],"tags":[],"class_list":["post-61528","post","type-post","status-publish","format-standard","has-post-thumbnail","hentry","category-interes-general-locales","category-locales"],"aioseo_notices":[],"gutentor_comment":0,"jetpack_featured_media_url":"https:\/\/eldiariodesanpedro.com.ar\/sitio\/wp-content\/uploads\/2018\/08\/coopser_-_corte_de_luz_7.jpg","jetpack_shortlink":"https:\/\/wp.me\/p6RhLt-g0o","jetpack_sharing_enabled":true,"_links":{"self":[{"href":"https:\/\/eldiariodesanpedro.com.ar\/sitio\/wp-json\/wp\/v2\/posts\/61528","targetHints":{"allow":["GET"]}}],"collection":[{"href":"https:\/\/eldiariodesanpedro.com.ar\/sitio\/wp-json\/wp\/v2\/posts"}],"about":[{"href":"https:\/\/eldiariodesanpedro.com.ar\/sitio\/wp-json\/wp\/v2\/types\/post"}],"author":[{"embeddable":true,"href":"https:\/\/eldiariodesanpedro.com.ar\/sitio\/wp-json\/wp\/v2\/users\/4"}],"replies":[{"embeddable":true,"href":"https:\/\/eldiariodesanpedro.com.ar\/sitio\/wp-json\/wp\/v2\/comments?post=61528"}],"version-history":[{"count":1,"href":"https:\/\/eldiariodesanpedro.com.ar\/sitio\/wp-json\/wp\/v2\/posts\/61528\/revisions"}],"predecessor-version":[{"id":61529,"href":"https:\/\/eldiariodesanpedro.com.ar\/sitio\/wp-json\/wp\/v2\/posts\/61528\/revisions\/61529"}],"wp:featuredmedia":[{"embeddable":true,"href":"https:\/\/eldiariodesanpedro.com.ar\/sitio\/wp-json\/wp\/v2\/media\/39021"}],"wp:attachment":[{"href":"https:\/\/eldiariodesanpedro.com.ar\/sitio\/wp-json\/wp\/v2\/media?parent=61528"}],"wp:term":[{"taxonomy":"category","embeddable":true,"href":"https:\/\/eldiariodesanpedro.com.ar\/sitio\/wp-json\/wp\/v2\/categories?post=61528"},{"taxonomy":"post_tag","embeddable":true,"href":"https:\/\/eldiariodesanpedro.com.ar\/sitio\/wp-json\/wp\/v2\/tags?post=61528"}],"curies":[{"name":"wp","href":"https:\/\/api.w.org\/{rel}","templated":true}]}}