{"id":61524,"date":"2019-10-08T10:12:40","date_gmt":"2019-10-08T13:12:40","guid":{"rendered":"https:\/\/eldiariodesanpedro.com.ar\/sitio\/?p=61524"},"modified":"2019-10-08T10:12:44","modified_gmt":"2019-10-08T13:12:44","slug":"san-nicolas-ataco-a-su-pareja-con-una-cuchilla","status":"publish","type":"post","link":"https:\/\/eldiariodesanpedro.com.ar\/sitio\/san-nicolas-ataco-a-su-pareja-con-una-cuchilla\/","title":{"rendered":"SAN NICOL\u00c1S | Atac\u00f3 a su pareja con una cuchilla"},"content":{"rendered":"<!-- VideographyWP Plugin Message: Automatic video embedding prevented by plugin options. -->\n\n<p> A ra\u00edz de un llamado a emergencias policiales, efectivos del Comando de Patrullas se hicieron presentes en un domicilio de calle Necochea, donde aprehendieron a un sujeto de 36 a\u00f1os, quien momentos antes, tras mantener discusi\u00f3n con su pareja de la misma edad, la agredi\u00f3 con un elemento cortante provoc\u00e1ndole lesiones de car\u00e1cter leves, por suerte.<br>Intervino la UFI nro. 4. La v\u00edctima, a pesar del peligroso ataque, no quiso realizar acciones legales. <\/p>\n\n\n\n<p>Fuente: Diario El Norte<\/p>\n","protected":false},"excerpt":{"rendered":"<p>A ra\u00edz de un llamado a emergencias policiales, efectivos del Comando de Patrullas se hicieron presentes en un domicilio de calle Necochea, donde aprehendieron a un sujeto de 36 a\u00f1os, quien momentos antes, tras mantener discusi\u00f3n con su pareja de la misma edad, la agredi\u00f3 con un elemento cortante provoc\u00e1ndole lesiones de car\u00e1cter leves, por [&hellip;]<\/p>\n","protected":false},"author":4,"featured_media":61525,"comment_status":"open","ping_status":"closed","sticky":false,"template":"","format":"standard","meta":{"om_disable_all_campaigns":false,"_jetpack_memberships_contains_paid_content":false,"footnotes":""},"categories":[621],"tags":[],"class_list":["post-61524","post","type-post","status-publish","format-standard","has-post-thumbnail","hentry","category-regionales"],"aioseo_notices":[],"gutentor_comment":0,"jetpack_featured_media_url":"https:\/\/eldiariodesanpedro.com.ar\/sitio\/wp-content\/uploads\/2019\/10\/0-1-1.jpg","jetpack_shortlink":"https:\/\/wp.me\/p6RhLt-g0k","jetpack_sharing_enabled":true,"_links":{"self":[{"href":"https:\/\/eldiariodesanpedro.com.ar\/sitio\/wp-json\/wp\/v2\/posts\/61524","targetHints":{"allow":["GET"]}}],"collection":[{"href":"https:\/\/eldiariodesanpedro.com.ar\/sitio\/wp-json\/wp\/v2\/posts"}],"about":[{"href":"https:\/\/eldiariodesanpedro.com.ar\/sitio\/wp-json\/wp\/v2\/types\/post"}],"author":[{"embeddable":true,"href":"https:\/\/eldiariodesanpedro.com.ar\/sitio\/wp-json\/wp\/v2\/users\/4"}],"replies":[{"embeddable":true,"href":"https:\/\/eldiariodesanpedro.com.ar\/sitio\/wp-json\/wp\/v2\/comments?post=61524"}],"version-history":[{"count":1,"href":"https:\/\/eldiariodesanpedro.com.ar\/sitio\/wp-json\/wp\/v2\/posts\/61524\/revisions"}],"predecessor-version":[{"id":61526,"href":"https:\/\/eldiariodesanpedro.com.ar\/sitio\/wp-json\/wp\/v2\/posts\/61524\/revisions\/61526"}],"wp:featuredmedia":[{"embeddable":true,"href":"https:\/\/eldiariodesanpedro.com.ar\/sitio\/wp-json\/wp\/v2\/media\/61525"}],"wp:attachment":[{"href":"https:\/\/eldiariodesanpedro.com.ar\/sitio\/wp-json\/wp\/v2\/media?parent=61524"}],"wp:term":[{"taxonomy":"category","embeddable":true,"href":"https:\/\/eldiariodesanpedro.com.ar\/sitio\/wp-json\/wp\/v2\/categories?post=61524"},{"taxonomy":"post_tag","embeddable":true,"href":"https:\/\/eldiariodesanpedro.com.ar\/sitio\/wp-json\/wp\/v2\/tags?post=61524"}],"curies":[{"name":"wp","href":"https:\/\/api.w.org\/{rel}","templated":true}]}}