{"id":61519,"date":"2019-10-08T09:59:09","date_gmt":"2019-10-08T12:59:09","guid":{"rendered":"https:\/\/eldiariodesanpedro.com.ar\/sitio\/?p=61519"},"modified":"2019-10-08T09:59:13","modified_gmt":"2019-10-08T12:59:13","slug":"campana-muere-un-cura-mientras-oficiaba-una-misa-en-barrio-don-francisco","status":"publish","type":"post","link":"https:\/\/eldiariodesanpedro.com.ar\/sitio\/campana-muere-un-cura-mientras-oficiaba-una-misa-en-barrio-don-francisco\/","title":{"rendered":"CAMPANA | Muere un cura mientras oficiaba una misa en Barrio Don Francisco"},"content":{"rendered":"<!-- VideographyWP Plugin Message: Automatic video embedding prevented by plugin options. -->\n\n<p> El triste hecho ocurri\u00f3 en la sociedad de fomento barrial donde se realizaba el oficio religioso. El Intendente Abella participaba del evento junto a vecinos del lugar. El fatal desenlace ocurri\u00f3 al momento de la tradicional pr\u00e1ctica de la imposici\u00f3n de manos. Ten\u00eda 29 a\u00f1os.<\/p>\n\n\n\n<p>\n\nMiembros de la comunidad religiosa del barrio Don Francisco no salen de su estupor tras la muerte del Padre Fernando Saldivar, reconocido \u201ccura sanador\u201d, durante una misa celebrada en las instalaciones de la Sociedad de Fomento barrial, ya que en dicho barrio no hay parroquia.<\/p>\n\n\n\n<p>El Padre Fernando era un joven y reconocido \u201csacerdote sanador\u201d, de 29 a\u00f1os. En horas de la tarde del Domingo, cerca de las 18:30 horas, se encontraba celebrando un oficio religioso, del que participaba el Jefe Comunal Sebasti\u00e1n Abella.<\/p>\n\n\n\n<p>Testigos aseguran que al finalizar la misa y realizarse la imposici\u00f3n de manos, un tradicional momento en el que el religioso toma contacto con quienes as\u00ed lo necesitan, el Padre Fernando comenz\u00f3 a convulsionar y cay\u00f3 s\u00fabitamente al suelo. \u201cA veces suelen descomponerse al aliviar los males del pr\u00f3jimo, pero esta vez vimos que algo no andaba bien por la forma en la que se descompens\u00f3\u201d explicaron a CN.<\/p>\n\n\n\n<p>Hubo intentos desesperados por reanimarlo, que lamentablemente no surgieron efecto. Vecinos intentaron convocar a una ambulancia apostada a un costado de la Ruta 9, pero finalmente y luego de algunos minutos fue un m\u00f3vil del Same el que acudi\u00f3 al lugar, cuando el deceso ya se hab\u00eda consumado.<\/p>\n\n\n\n<p>Ayer se realiz\u00f3 una misa en su nombre, y sus restos fueron velados durante solo dos horas debido a que los familiares del Padre Fernando arribar\u00edan desde Chile para trasladar el cuerpo del querido religioso del otro lado de la Cordillera.<\/p>\n\n\n\n<p>Por definici\u00f3n, la imposici\u00f3n de manos es una pr\u00e1ctica religiosa, que se encuentra en diversas partes del mundo asociada a m\u00faltiples credos. En algunas iglesias cristianas, se considera un arte o m\u00e9todo de sanidad y de bendici\u00f3n, dado a los hombres, de parte de Dios, o por la fuente universal de energ\u00eda, en el caso de otras religiones. Puede realizarse en forma de oraci\u00f3n o de otras representaciones simb\u00f3licas, como los bautismos. Tambi\u00e9n se hace en la ordenaci\u00f3n sacerdotal, de ministros, de ancianos, de di\u00e1conos y otros creyentes, dependiendo de las directrices del religioso que dirige la ceremonia.<\/p>\n\n\n\n<p>Este, junto a otros sacramentos y ceremonias religiosas, forma parte de la vida devocional del individuo y de la congregaci\u00f3n.\n\n<\/p>\n","protected":false},"excerpt":{"rendered":"<p>El triste hecho ocurri\u00f3 en la sociedad de fomento barrial donde se realizaba el oficio religioso. El Intendente Abella participaba del evento junto a vecinos del lugar. El fatal desenlace ocurri\u00f3 al momento de la tradicional pr\u00e1ctica de la imposici\u00f3n de manos. Ten\u00eda 29 a\u00f1os. Miembros de la comunidad religiosa del barrio Don Francisco no [&hellip;]<\/p>\n","protected":false},"author":4,"featured_media":61521,"comment_status":"open","ping_status":"closed","sticky":false,"template":"","format":"standard","meta":{"om_disable_all_campaigns":false,"_jetpack_memberships_contains_paid_content":false,"footnotes":""},"categories":[621],"tags":[],"class_list":["post-61519","post","type-post","status-publish","format-standard","has-post-thumbnail","hentry","category-regionales"],"aioseo_notices":[],"gutentor_comment":0,"jetpack_featured_media_url":"https:\/\/eldiariodesanpedro.com.ar\/sitio\/wp-content\/uploads\/2019\/10\/20191007091444.jpg","jetpack_shortlink":"https:\/\/wp.me\/p6RhLt-g0f","jetpack_sharing_enabled":true,"_links":{"self":[{"href":"https:\/\/eldiariodesanpedro.com.ar\/sitio\/wp-json\/wp\/v2\/posts\/61519","targetHints":{"allow":["GET"]}}],"collection":[{"href":"https:\/\/eldiariodesanpedro.com.ar\/sitio\/wp-json\/wp\/v2\/posts"}],"about":[{"href":"https:\/\/eldiariodesanpedro.com.ar\/sitio\/wp-json\/wp\/v2\/types\/post"}],"author":[{"embeddable":true,"href":"https:\/\/eldiariodesanpedro.com.ar\/sitio\/wp-json\/wp\/v2\/users\/4"}],"replies":[{"embeddable":true,"href":"https:\/\/eldiariodesanpedro.com.ar\/sitio\/wp-json\/wp\/v2\/comments?post=61519"}],"version-history":[{"count":1,"href":"https:\/\/eldiariodesanpedro.com.ar\/sitio\/wp-json\/wp\/v2\/posts\/61519\/revisions"}],"predecessor-version":[{"id":61522,"href":"https:\/\/eldiariodesanpedro.com.ar\/sitio\/wp-json\/wp\/v2\/posts\/61519\/revisions\/61522"}],"wp:featuredmedia":[{"embeddable":true,"href":"https:\/\/eldiariodesanpedro.com.ar\/sitio\/wp-json\/wp\/v2\/media\/61521"}],"wp:attachment":[{"href":"https:\/\/eldiariodesanpedro.com.ar\/sitio\/wp-json\/wp\/v2\/media?parent=61519"}],"wp:term":[{"taxonomy":"category","embeddable":true,"href":"https:\/\/eldiariodesanpedro.com.ar\/sitio\/wp-json\/wp\/v2\/categories?post=61519"},{"taxonomy":"post_tag","embeddable":true,"href":"https:\/\/eldiariodesanpedro.com.ar\/sitio\/wp-json\/wp\/v2\/tags?post=61519"}],"curies":[{"name":"wp","href":"https:\/\/api.w.org\/{rel}","templated":true}]}}