{"id":61516,"date":"2019-10-08T09:55:56","date_gmt":"2019-10-08T12:55:56","guid":{"rendered":"https:\/\/eldiariodesanpedro.com.ar\/sitio\/?p=61516"},"modified":"2019-10-08T09:56:00","modified_gmt":"2019-10-08T12:56:00","slug":"campana-detuvieron-al-subdirector-del-penal-de-campana-denunciado-por-violacion","status":"publish","type":"post","link":"https:\/\/eldiariodesanpedro.com.ar\/sitio\/campana-detuvieron-al-subdirector-del-penal-de-campana-denunciado-por-violacion\/","title":{"rendered":"CAMPANA | Detuvieron al subdirector del penal de Campana denunciado por violaci\u00f3n"},"content":{"rendered":"<!-- VideographyWP Plugin Message: Automatic video embedding prevented by plugin options. -->\n\n<p>El Servicio Penitenciario Bonaerense inform\u00f3 este domingo que&nbsp;<strong>el subdirector de Seguridad de la c\u00e1rcel de Campana fue detenido y pasado a disponibilidad tras ser denunciado por una oficial de haberla violado en una oficina del complejo.<\/strong><\/p>\n\n\n\n<p>Se trata del prefecto&nbsp;<strong>Oscar Daniel Correa<\/strong>, quien trabajaba en la Unidad 21 de la mencionada localidad bonaerense ubicada en el kil\u00f3metro 5,5 de la ruta 6.<\/p>\n\n\n\n<p>Fuentes de judiciales y del SPB informaron que&nbsp;<strong>la denuncia fue radicada el 23 de septiembre \u00faltimo ante la fiscal en turno Mabel Amoretti.<\/strong><\/p>\n\n\n\n<p>De acuerdo a lo dicho por&nbsp;<strong>la mujer, un d\u00eda antes estaba cumpliendo sus funciones en la c\u00e1rcel cuando apareci\u00f3 Correa mientras le dijo \u201cpalabras obscenas. Hace mucho que quiero c\u2026 y es el momento ahora\u201d, la agredi\u00f3 el prefecto, por lo que la oficial intent\u00f3 retirarse de ese lugar, seg\u00fan la denuncia.<\/strong><\/p>\n\n\n\n<p>Correa l<strong>a tom\u00f3 de sus brazos, le quit\u00f3 sus prendas de vestir y la viol\u00f3&nbsp;<\/strong>pese a que ella intent\u00f3 sacarlo de encima de su cuerpo.<\/p>\n\n\n\n<p><strong>La fiscal Amoretti indag\u00f3 a Correa por el delito de \u201cabuso sexual\u201d<\/strong>&nbsp;y pidi\u00f3 su inmediata detenci\u00f3n que fue concedida por el juzgado de garant\u00edas.<\/p>\n\n\n\n<p>\u201cEstamos en plena etapa de investigaci\u00f3n y hay medidas tendientes a dilucidar c\u00f3mo fueron los hechos\u201d, dijeron desde la investigaci\u00f3n.<\/p>\n\n\n\n<p>Tras la denuncia,<strong>&nbsp;Asuntos Internos del Ministerio de Justicia provincial le inici\u00f3 un sumario a Correa y lo pas\u00f3 a disponibilidad preventiva<\/strong>&nbsp;mientras contin\u00faa la investigaci\u00f3n por parte de la fiscal Amoretti.<\/p>\n\n\n\n<p>Adem\u00e1s, desde\u00a0<strong>recursos humanos SPB se le brind\u00f3 asistencia psicol\u00f3gica a la oficial<\/strong>\u00a0que sufri\u00f3 el ataque.<\/p>\n\n\n\n<p>Fuente: Impacto Local<\/p>\n","protected":false},"excerpt":{"rendered":"<p>El Servicio Penitenciario Bonaerense inform\u00f3 este domingo que&nbsp;el subdirector de Seguridad de la c\u00e1rcel de Campana fue detenido y pasado a disponibilidad tras ser denunciado por una oficial de haberla violado en una oficina del complejo. Se trata del prefecto&nbsp;Oscar Daniel Correa, quien trabajaba en la Unidad 21 de la mencionada localidad bonaerense ubicada en [&hellip;]<\/p>\n","protected":false},"author":4,"featured_media":61517,"comment_status":"open","ping_status":"closed","sticky":false,"template":"","format":"standard","meta":{"om_disable_all_campaigns":false,"_jetpack_memberships_contains_paid_content":false,"footnotes":""},"categories":[621],"tags":[],"class_list":["post-61516","post","type-post","status-publish","format-standard","has-post-thumbnail","hentry","category-regionales"],"aioseo_notices":[],"gutentor_comment":0,"jetpack_featured_media_url":"https:\/\/eldiariodesanpedro.com.ar\/sitio\/wp-content\/uploads\/2019\/10\/carcel-de-campana.jpg","jetpack_shortlink":"https:\/\/wp.me\/p6RhLt-g0c","jetpack_sharing_enabled":true,"_links":{"self":[{"href":"https:\/\/eldiariodesanpedro.com.ar\/sitio\/wp-json\/wp\/v2\/posts\/61516","targetHints":{"allow":["GET"]}}],"collection":[{"href":"https:\/\/eldiariodesanpedro.com.ar\/sitio\/wp-json\/wp\/v2\/posts"}],"about":[{"href":"https:\/\/eldiariodesanpedro.com.ar\/sitio\/wp-json\/wp\/v2\/types\/post"}],"author":[{"embeddable":true,"href":"https:\/\/eldiariodesanpedro.com.ar\/sitio\/wp-json\/wp\/v2\/users\/4"}],"replies":[{"embeddable":true,"href":"https:\/\/eldiariodesanpedro.com.ar\/sitio\/wp-json\/wp\/v2\/comments?post=61516"}],"version-history":[{"count":1,"href":"https:\/\/eldiariodesanpedro.com.ar\/sitio\/wp-json\/wp\/v2\/posts\/61516\/revisions"}],"predecessor-version":[{"id":61518,"href":"https:\/\/eldiariodesanpedro.com.ar\/sitio\/wp-json\/wp\/v2\/posts\/61516\/revisions\/61518"}],"wp:featuredmedia":[{"embeddable":true,"href":"https:\/\/eldiariodesanpedro.com.ar\/sitio\/wp-json\/wp\/v2\/media\/61517"}],"wp:attachment":[{"href":"https:\/\/eldiariodesanpedro.com.ar\/sitio\/wp-json\/wp\/v2\/media?parent=61516"}],"wp:term":[{"taxonomy":"category","embeddable":true,"href":"https:\/\/eldiariodesanpedro.com.ar\/sitio\/wp-json\/wp\/v2\/categories?post=61516"},{"taxonomy":"post_tag","embeddable":true,"href":"https:\/\/eldiariodesanpedro.com.ar\/sitio\/wp-json\/wp\/v2\/tags?post=61516"}],"curies":[{"name":"wp","href":"https:\/\/api.w.org\/{rel}","templated":true}]}}