{"id":61513,"date":"2019-10-08T09:54:02","date_gmt":"2019-10-08T12:54:02","guid":{"rendered":"https:\/\/eldiariodesanpedro.com.ar\/sitio\/?p=61513"},"modified":"2019-10-08T09:54:06","modified_gmt":"2019-10-08T12:54:06","slug":"arrecifes-la-justicia-ordeno-que-se-ponga-a-resguardo-al-acusado-de-violacion","status":"publish","type":"post","link":"https:\/\/eldiariodesanpedro.com.ar\/sitio\/arrecifes-la-justicia-ordeno-que-se-ponga-a-resguardo-al-acusado-de-violacion\/","title":{"rendered":"ARRECIFES | La Justicia orden\u00f3 que se ponga a resguardo al acusado de violaci\u00f3n"},"content":{"rendered":"<!-- VideographyWP Plugin Message: Automatic video embedding prevented by plugin options. -->\n\n<p>A ra\u00edz de la denuncia de familiares de un ni\u00f1o de 7 a\u00f1os por un caso de abuso sexual que habr\u00eda sufrido el pasado s\u00e1bado, en la noche de este domingo se produjeron serios incidentes en Avenida Molina, donde se domicilia el acusado y decenas de vecinos fueron a pedir justicia.<\/p>\n\n\n\n<p>All\u00ed prendieron fuego en la puerta de la vivienda y desde el interior dispararon con arma de fuego hacia los manifestantes, hiriendo a un joven en el pecho.<\/p>\n\n\n\n<p>Los incidentes terminaron con algunos heridos y con la Polic\u00eda pudiendo dispersar a los vecinos.<\/p>\n\n\n\n<p>Reci\u00e9n sobre la madrugada lleg\u00f3 la orden de allanamiento en ese domicilio. El secretario de Seguridad P\u00fablica de la Municipalidad de Arrecifes, Jos\u00e9 Tenorio, cont\u00f3 en Radio Uno (107.1) que en el mismo \u00abfueron aprehendidas seis personas, entre ellas familiares y allegados al victimario, pero liberadas de inmediato. Ninguna fue la que efectu\u00f3 los disparos, a quien estamos buscando\u00bb.<\/p>\n\n\n\n<p>El Dr. Tenorio se indign\u00f3 al relatar que \u00abla \u00fanica medida que adopt\u00f3 la Justicia fue ordenarnos poner a resguardo al acusado de violaci\u00f3n, a quien tenemos que cuidar con la polic\u00eda junto a una persona mayor. Encima hoy tuvimos que salir a buscarlo porque ya no estaba en su domicilio. \u00bfC\u00f3mo le explico a la familia del menor abusado que lo \u00fanico que se orden\u00f3 es cuidar al victimario? As\u00ed es muy dif\u00edcil\u00bb.<\/p>\n\n\n\n<p>Fuente: Arrecifes Noticias<\/p>\n","protected":false},"excerpt":{"rendered":"<p>A ra\u00edz de la denuncia de familiares de un ni\u00f1o de 7 a\u00f1os por un caso de abuso sexual que habr\u00eda sufrido el pasado s\u00e1bado, en la noche de este domingo se produjeron serios incidentes en Avenida Molina, donde se domicilia el acusado y decenas de vecinos fueron a pedir justicia. All\u00ed prendieron fuego en [&hellip;]<\/p>\n","protected":false},"author":4,"featured_media":61514,"comment_status":"open","ping_status":"closed","sticky":false,"template":"","format":"standard","meta":{"om_disable_all_campaigns":false,"_jetpack_memberships_contains_paid_content":false,"footnotes":""},"categories":[621],"tags":[],"class_list":["post-61513","post","type-post","status-publish","format-standard","has-post-thumbnail","hentry","category-regionales"],"aioseo_notices":[],"gutentor_comment":0,"jetpack_featured_media_url":"https:\/\/eldiariodesanpedro.com.ar\/sitio\/wp-content\/uploads\/2019\/10\/Av-Molina-incidentes-780x510.jpg","jetpack_shortlink":"https:\/\/wp.me\/p6RhLt-g09","jetpack_sharing_enabled":true,"_links":{"self":[{"href":"https:\/\/eldiariodesanpedro.com.ar\/sitio\/wp-json\/wp\/v2\/posts\/61513","targetHints":{"allow":["GET"]}}],"collection":[{"href":"https:\/\/eldiariodesanpedro.com.ar\/sitio\/wp-json\/wp\/v2\/posts"}],"about":[{"href":"https:\/\/eldiariodesanpedro.com.ar\/sitio\/wp-json\/wp\/v2\/types\/post"}],"author":[{"embeddable":true,"href":"https:\/\/eldiariodesanpedro.com.ar\/sitio\/wp-json\/wp\/v2\/users\/4"}],"replies":[{"embeddable":true,"href":"https:\/\/eldiariodesanpedro.com.ar\/sitio\/wp-json\/wp\/v2\/comments?post=61513"}],"version-history":[{"count":1,"href":"https:\/\/eldiariodesanpedro.com.ar\/sitio\/wp-json\/wp\/v2\/posts\/61513\/revisions"}],"predecessor-version":[{"id":61515,"href":"https:\/\/eldiariodesanpedro.com.ar\/sitio\/wp-json\/wp\/v2\/posts\/61513\/revisions\/61515"}],"wp:featuredmedia":[{"embeddable":true,"href":"https:\/\/eldiariodesanpedro.com.ar\/sitio\/wp-json\/wp\/v2\/media\/61514"}],"wp:attachment":[{"href":"https:\/\/eldiariodesanpedro.com.ar\/sitio\/wp-json\/wp\/v2\/media?parent=61513"}],"wp:term":[{"taxonomy":"category","embeddable":true,"href":"https:\/\/eldiariodesanpedro.com.ar\/sitio\/wp-json\/wp\/v2\/categories?post=61513"},{"taxonomy":"post_tag","embeddable":true,"href":"https:\/\/eldiariodesanpedro.com.ar\/sitio\/wp-json\/wp\/v2\/tags?post=61513"}],"curies":[{"name":"wp","href":"https:\/\/api.w.org\/{rel}","templated":true}]}}