{"id":61511,"date":"2019-10-08T09:52:43","date_gmt":"2019-10-08T12:52:43","guid":{"rendered":"https:\/\/eldiariodesanpedro.com.ar\/sitio\/?p=61511"},"modified":"2019-10-08T10:02:07","modified_gmt":"2019-10-08T13:02:07","slug":"arrecifes-la-ciudad-ya-tiene-microestadio-cubierto","status":"publish","type":"post","link":"https:\/\/eldiariodesanpedro.com.ar\/sitio\/arrecifes-la-ciudad-ya-tiene-microestadio-cubierto\/","title":{"rendered":"ARRECIFES | La ciudad ya tiene Microestadio Cubierto"},"content":{"rendered":"<!-- VideographyWP Plugin Message: Automatic video embedding prevented by plugin options. -->\n\n<p>Este lunes en horas de la ma\u00f1ana se cumpli\u00f3 un sue\u00f1o de a\u00f1os para todos los arrecife\u00f1os, la inauguraci\u00f3n del Microestadio Cubierto Municipal.<\/p>\n\n\n\n<p>Microestadio que lleva el nombre de alguien que es sin\u00f3nimo incuestionable del deporte amateur de nuestra ciudad, Alfredo \u201cYuyi\u201d B\u00e1squez.<\/p>\n\n\n\n<p>Luego de descubrimiento de placas, y la bendici\u00f3n de las instalaciones, el intendente Javier Olaeta acompa\u00f1ado por el homenajeado \u201cYuyi\u201d B\u00e1squez, procedi\u00f3 a realizar el corte de cinta dando formal inauguraci\u00f3n a esta fant\u00e1stica obra que convierte al microestadio en el m\u00e1s grande en la zona, una obra muy beneficiosa no solo por la posibilidad que brinda a toda la comunidad para la pr\u00e1ctica de diversas actividades deportivas, sino tambi\u00e9n para la realizaci\u00f3n de eventos culturales y sociales en un espacio con amplia capacidad de p\u00fablico.<\/p>\n\n\n\n<p>Durante el acto, las emociones fueron las principales protagonistas a trav\u00e9s de la proyecci\u00f3n de un video, y en el que los dirigentes de los Clubes Ricardo Guti\u00e9rrez, Almirante Brown y el C\u00edrculo de Periodistas Deportivos de Arrecifes, entregaron un presente al homenajeado, que tuvo su final so\u00f1ado con el propio \u201cYuyi\u201d encestando, acompa\u00f1ado por familiares y amigos, cerrando con una jornada de Educaci\u00f3n F\u00edsica de la que participaron los ni\u00f1os de las escuelas de educaci\u00f3n primaria.<\/p>\n\n\n\n<p>Una obra m\u00e1s anunciada y concretada por la actual gesti\u00f3n municipal, cumpliendo el sue\u00f1o de muchos; un beneficio m\u00e1s para todo Arrecifes.<\/p>\n\n\n\n<p>Fuente: Arrecifes Noticias<\/p>\n","protected":false},"excerpt":{"rendered":"<p>Este lunes en horas de la ma\u00f1ana se cumpli\u00f3 un sue\u00f1o de a\u00f1os para todos los arrecife\u00f1os, la inauguraci\u00f3n del Microestadio Cubierto Municipal. Microestadio que lleva el nombre de alguien que es sin\u00f3nimo incuestionable del deporte amateur de nuestra ciudad, Alfredo \u201cYuyi\u201d B\u00e1squez. Luego de descubrimiento de placas, y la bendici\u00f3n de las instalaciones, el [&hellip;]<\/p>\n","protected":false},"author":4,"featured_media":61523,"comment_status":"open","ping_status":"closed","sticky":false,"template":"","format":"standard","meta":{"om_disable_all_campaigns":false,"_jetpack_memberships_contains_paid_content":false,"footnotes":""},"categories":[621],"tags":[],"class_list":["post-61511","post","type-post","status-publish","format-standard","has-post-thumbnail","hentry","category-regionales"],"aioseo_notices":[],"gutentor_comment":0,"jetpack_featured_media_url":"https:\/\/eldiariodesanpedro.com.ar\/sitio\/wp-content\/uploads\/2019\/10\/Microestadio-aerea-774x510.jpg","jetpack_shortlink":"https:\/\/wp.me\/p6RhLt-g07","jetpack_sharing_enabled":true,"_links":{"self":[{"href":"https:\/\/eldiariodesanpedro.com.ar\/sitio\/wp-json\/wp\/v2\/posts\/61511","targetHints":{"allow":["GET"]}}],"collection":[{"href":"https:\/\/eldiariodesanpedro.com.ar\/sitio\/wp-json\/wp\/v2\/posts"}],"about":[{"href":"https:\/\/eldiariodesanpedro.com.ar\/sitio\/wp-json\/wp\/v2\/types\/post"}],"author":[{"embeddable":true,"href":"https:\/\/eldiariodesanpedro.com.ar\/sitio\/wp-json\/wp\/v2\/users\/4"}],"replies":[{"embeddable":true,"href":"https:\/\/eldiariodesanpedro.com.ar\/sitio\/wp-json\/wp\/v2\/comments?post=61511"}],"version-history":[{"count":1,"href":"https:\/\/eldiariodesanpedro.com.ar\/sitio\/wp-json\/wp\/v2\/posts\/61511\/revisions"}],"predecessor-version":[{"id":61512,"href":"https:\/\/eldiariodesanpedro.com.ar\/sitio\/wp-json\/wp\/v2\/posts\/61511\/revisions\/61512"}],"wp:featuredmedia":[{"embeddable":true,"href":"https:\/\/eldiariodesanpedro.com.ar\/sitio\/wp-json\/wp\/v2\/media\/61523"}],"wp:attachment":[{"href":"https:\/\/eldiariodesanpedro.com.ar\/sitio\/wp-json\/wp\/v2\/media?parent=61511"}],"wp:term":[{"taxonomy":"category","embeddable":true,"href":"https:\/\/eldiariodesanpedro.com.ar\/sitio\/wp-json\/wp\/v2\/categories?post=61511"},{"taxonomy":"post_tag","embeddable":true,"href":"https:\/\/eldiariodesanpedro.com.ar\/sitio\/wp-json\/wp\/v2\/tags?post=61511"}],"curies":[{"name":"wp","href":"https:\/\/api.w.org\/{rel}","templated":true}]}}