{"id":61509,"date":"2019-10-08T09:50:35","date_gmt":"2019-10-08T12:50:35","guid":{"rendered":"https:\/\/eldiariodesanpedro.com.ar\/sitio\/?p=61509"},"modified":"2019-10-08T09:50:40","modified_gmt":"2019-10-08T12:50:40","slug":"san-nicolas-preparan-una-gran-fiesta-para-la-apertura-del-estadio-unico-de-la-ciudad","status":"publish","type":"post","link":"https:\/\/eldiariodesanpedro.com.ar\/sitio\/san-nicolas-preparan-una-gran-fiesta-para-la-apertura-del-estadio-unico-de-la-ciudad\/","title":{"rendered":"SAN NICOL\u00c1S | Preparan una gran fiesta para la apertura del estadio \u00fanico de la ciudad"},"content":{"rendered":"<!-- VideographyWP Plugin Message: Automatic video embedding prevented by plugin options. -->\n\n<p>El s\u00e1bado 19 de octubre se llevar\u00e1 a cabo la inauguraci\u00f3n del Estadio \u00danico de San Nicol\u00e1s. La conducci\u00f3n del evento estar\u00e1 a cargo de la conocida modelo y conductora nicole\u00f1a Cecilia \u201cChechu\u201d Bonelli, a quien entrevistamos y nos brind\u00f3 algunos detalles sobre este gran acontecimiento<\/p>\n\n\n\n<p>Los nicole\u00f1os que quieren asegurarse un lugar en la hist\u00f3rica apertura del estadio \u00fanico deber\u00e1n esperar unos d\u00edas m\u00e1s. Los ingresos para la ceremonia se entregar\u00e1n -de manera gratuita- en diferentes puntos de la ciudad durante la semana previa al evento. El Municipio informar\u00e1 oportunamente cu\u00e1les ser\u00e1n los lugares dispuestos para tal fin. Trascendi\u00f3 que se entregar\u00e1n dos tickets por persona, que deber\u00e1n acreditar mediante DNI su domicilio en San Nicol\u00e1s y llevar un alimento no perecedero. Con la multitudinaria concurrencia que se espera, se presume que se recolectar\u00e1 un volumen muy grande de donaciones que servir\u00e1n para reforzar los comedores locales.<br>\nEn cuanto a la fiesta en s\u00ed, las puertas se abrir\u00e1n a las 18.00 y se estima que tendr\u00e1 una duraci\u00f3n que rondar\u00eda las cuatro horas, por lo que no ser\u00eda recomendable ir con chicos muy chiquitos. Se podr\u00e1 ingresar al estadio con equipo de mate, pero no con heladeritas, bebidas alcoh\u00f3licas ni envases de vidrio. El espect\u00e1culo tendr\u00e1 diferentes aristas que oscilar\u00e1n entre lo visual, lo musical y lo deportivo, en tanto que se espera un show musical que ser\u00e1 \u201csorpresa\u201d.<\/p>\n\n\n\n<p>\u201cLa gente no tiene noci\u00f3n de lo que va a ser la apertura\u201d<br>\nSe espera una ceremonia de apertura de primer nivel, en la cual se mezclar\u00e1n lo visual y lo musical, en un espect\u00e1culo que aseguran ser\u00e1 una total sorpresa. Buscando ese impacto, el hermetismo de la organizaci\u00f3n es total, siendo muy pocos los detalles que se dejaron trascender.<br>\nEn ese sentido, el m\u00e1s importante tuvo que ver con la confirmaci\u00f3n de Cecilia Bonelli como conductora de la jornada. La modelo y conductora nicole\u00f1a, que actualmente conduce uno de los noticieros de ESPN, no dud\u00f3 en aceptar la invitaci\u00f3n y formar parte de este acontecimiento hist\u00f3rico. \u201cLa verdad que me encant\u00f3 que me hayan tenido en cuenta aqu\u00ed para formar parte del evento. La semana pasada tuve una reuni\u00f3n, porque la gente que se encarga de la organizaci\u00f3n y todo lo que es la producci\u00f3n es de ac\u00e1 de Buenos Aires y les puedo decir a los nicole\u00f1os que no pueden tener noci\u00f3n de lo que va a ser el acto de apertura. Va a ser realmente con todos \u2018los chiches\u2019, as\u00ed que aprovecho para invitar por este medio a todos el pr\u00f3ximo 19 de octubre a partir de las 18.00, que no se lo pueden perder\u201d, expres\u00f3 la nicole\u00f1a en el programa radial \u201cPablo sin vueltas\u201d, que se emite por Radio City (88.7). \u201cTenemos que tomar noci\u00f3n del hecho hist\u00f3rico que va a vivir nuestra ciudad, porque ya trascendi\u00f3 que San Nicol\u00e1s va a ser sede de la Copa Argentina, entonces realmente va a albergar eventos futbol\u00edsticos importantes, y tambi\u00e9n no va a dejar de ser un entretenimiento para todos los nicole\u00f1os y para toda la gente que viva en los alrededores\u201d.<br>\nSobre c\u00f3mo le lleg\u00f3 la propuesta para conducir la apertura, Cecilia cont\u00f3 que \u201cSoy amiga de Santiago (Passaglia), nuestras familias son muy amigas, pr\u00e1cticamente nos criamos juntos y despu\u00e9s fuimos juntos al colegio. Cuando me coment\u00f3 que se estaba avanzando en el estadio y que se iba a hacer una ceremonia de apertura, me dijo que la idea era que condujera yo; le dije \u2018cont\u00e1 conmigo sin ning\u00fan problema\u2019. Cuando se acerc\u00f3 la fecha me pregunt\u00f3 si estaba todo ok, le dije que la fecha ya estaba agendada, y ah\u00ed estaremos\u201d.<\/p>\n\n\n\n<p>Habr\u00e1 7 puntos de entrega de entradas para el Estadio<br>\nEl evento comenzar\u00e1 a las 14 horas en los alrededores del Estadio donde estar\u00e1 la Fan Zone, con artistas locales, food trucks, patio cervecero y muchas actividades m\u00e1s. (Ingreso \u00fanicamente con la entrada al evento)<br>\nA partir de las 18 horas, las puertas del Estadio se abrir\u00e1n para tomar ubicaci\u00f3n y disfrutar la gran Ceremonia de Apertura, que comenzar\u00e1 a las 19.30 horas puntual.<br>\nEn la Ceremonia habr\u00e1 m\u00fasica, show de luces, espect\u00e1culo de danzas a\u00e9reas, animadores, bandas en vivo, baile, desfile y muchas cosas m\u00e1s; con capacidad para 22.000 espectadores.<br>\nLas entradas se podr\u00e1n retirar en 7 puntos estrat\u00e9gicos de la ciudad, de manera gratuita. Se entregar\u00e1n 2 por persona, con DNI con domicilio en el Partido de San Nicol\u00e1s.<br>\nRecordamos que el evento tiene un fin solidario, por lo que ese d\u00eda se juntar\u00e1n alimentos no perecederos para los comedores de la ciudad.<br>\nLas entradas se entregar\u00e1n el jueves 17 de octubre, desde las 14 horas y hasta las 21 hs. (o hasta agotar stock).<\/p>\n\n\n\n<p>Los puntos de entrega ser\u00e1n:<\/p>\n\n\n\n<ul class=\"wp-block-list\"><li>Teatro Municipal, de la Naci\u00f3n 346<\/li><li>Plaza Sabin de barrio Garetto, Jos\u00e9 Hern\u00e1ndez 1187<\/li><li>Plaza de barrio Astul Urquiaga, Av. Savio 1950<\/li><li>Hospital Zona Norte, Av. Ill\u00eda y Zaracondegui<\/li><li>Predio Newell `s en barrio Avamba\u00e9, Ruta 188 y Tucum\u00e1n<\/li><li>Delegaci\u00f3n de General Rojo, Iturburu 105<\/li><li>Delegaci\u00f3n de La Emilia, E. Ferreira 308<\/li><\/ul>\n\n\n\n<p>Es importante tener en cuanta que el evento se extender\u00e1 hasta la hora 23, por lo que no es recomendable para ni\u00f1os menores de 6 a\u00f1os.<br>\nPor otra parte, por seguridad, estar\u00e1 prohibido ingresar con conservadoras, bebidas alcoh\u00f3licas y botellas de vidrio. Pero s\u00ed podr\u00e1s llevarte el mate, agua o alimentos, o adquirirlos en el predio.<\/p>\n\n\n\n<p>Fuente: Diario El Norte y El Informante<\/p>\n\n\n\n<figure class=\"wp-block-image\"><img decoding=\"async\" width=\"700\" height=\"394\" data-attachment-id=\"61508\" data-permalink=\"https:\/\/eldiariodesanpedro.com.ar\/sitio\/no_9125chzdw6wxieiapertura_etadio\/\" data-orig-file=\"https:\/\/eldiariodesanpedro.com.ar\/sitio\/wp-content\/uploads\/2019\/10\/no_9125chzdw6wxieiapertura_etadio.png\" data-orig-size=\"700,394\" data-comments-opened=\"1\" data-image-meta=\"{&quot;aperture&quot;:&quot;0&quot;,&quot;credit&quot;:&quot;&quot;,&quot;camera&quot;:&quot;&quot;,&quot;caption&quot;:&quot;&quot;,&quot;created_timestamp&quot;:&quot;0&quot;,&quot;copyright&quot;:&quot;&quot;,&quot;focal_length&quot;:&quot;0&quot;,&quot;iso&quot;:&quot;0&quot;,&quot;shutter_speed&quot;:&quot;0&quot;,&quot;title&quot;:&quot;&quot;,&quot;orientation&quot;:&quot;0&quot;}\" data-image-title=\"no_9125chzdw6wxieiapertura_etadio\" data-image-description=\"\" data-image-caption=\"\" data-large-file=\"https:\/\/eldiariodesanpedro.com.ar\/sitio\/wp-content\/uploads\/2019\/10\/no_9125chzdw6wxieiapertura_etadio.png\" data-src=\"https:\/\/eldiariodesanpedro.com.ar\/sitio\/wp-content\/uploads\/2019\/10\/no_9125chzdw6wxieiapertura_etadio.png\" alt=\"\" class=\"wp-image-61508 lazyload\" data-srcset=\"https:\/\/eldiariodesanpedro.com.ar\/sitio\/wp-content\/uploads\/2019\/10\/no_9125chzdw6wxieiapertura_etadio.png 700w, https:\/\/eldiariodesanpedro.com.ar\/sitio\/wp-content\/uploads\/2019\/10\/no_9125chzdw6wxieiapertura_etadio-300x169.png 300w\" data-sizes=\"(max-width: 700px) 100vw, 700px\" src=\"data:image\/svg+xml;base64,PHN2ZyB3aWR0aD0iMSIgaGVpZ2h0PSIxIiB4bWxucz0iaHR0cDovL3d3dy53My5vcmcvMjAwMC9zdmciPjwvc3ZnPg==\" style=\"--smush-placeholder-width: 700px; --smush-placeholder-aspect-ratio: 700\/394;\" \/><\/figure>\n","protected":false},"excerpt":{"rendered":"<p>El s\u00e1bado 19 de octubre se llevar\u00e1 a cabo la inauguraci\u00f3n del Estadio \u00danico de San Nicol\u00e1s. La conducci\u00f3n del evento estar\u00e1 a cargo de la conocida modelo y conductora nicole\u00f1a Cecilia \u201cChechu\u201d Bonelli, a quien entrevistamos y nos brind\u00f3 algunos detalles sobre este gran acontecimiento Los nicole\u00f1os que quieren asegurarse un lugar en la [&hellip;]<\/p>\n","protected":false},"author":4,"featured_media":61507,"comment_status":"open","ping_status":"closed","sticky":false,"template":"","format":"standard","meta":{"om_disable_all_campaigns":false,"_jetpack_memberships_contains_paid_content":false,"footnotes":""},"categories":[621],"tags":[],"class_list":["post-61509","post","type-post","status-publish","format-standard","has-post-thumbnail","hentry","category-regionales"],"aioseo_notices":[],"gutentor_comment":0,"jetpack_featured_media_url":"https:\/\/eldiariodesanpedro.com.ar\/sitio\/wp-content\/uploads\/2019\/10\/0-1.jpg","jetpack_shortlink":"https:\/\/wp.me\/p6RhLt-g05","jetpack_sharing_enabled":true,"_links":{"self":[{"href":"https:\/\/eldiariodesanpedro.com.ar\/sitio\/wp-json\/wp\/v2\/posts\/61509","targetHints":{"allow":["GET"]}}],"collection":[{"href":"https:\/\/eldiariodesanpedro.com.ar\/sitio\/wp-json\/wp\/v2\/posts"}],"about":[{"href":"https:\/\/eldiariodesanpedro.com.ar\/sitio\/wp-json\/wp\/v2\/types\/post"}],"author":[{"embeddable":true,"href":"https:\/\/eldiariodesanpedro.com.ar\/sitio\/wp-json\/wp\/v2\/users\/4"}],"replies":[{"embeddable":true,"href":"https:\/\/eldiariodesanpedro.com.ar\/sitio\/wp-json\/wp\/v2\/comments?post=61509"}],"version-history":[{"count":1,"href":"https:\/\/eldiariodesanpedro.com.ar\/sitio\/wp-json\/wp\/v2\/posts\/61509\/revisions"}],"predecessor-version":[{"id":61510,"href":"https:\/\/eldiariodesanpedro.com.ar\/sitio\/wp-json\/wp\/v2\/posts\/61509\/revisions\/61510"}],"wp:featuredmedia":[{"embeddable":true,"href":"https:\/\/eldiariodesanpedro.com.ar\/sitio\/wp-json\/wp\/v2\/media\/61507"}],"wp:attachment":[{"href":"https:\/\/eldiariodesanpedro.com.ar\/sitio\/wp-json\/wp\/v2\/media?parent=61509"}],"wp:term":[{"taxonomy":"category","embeddable":true,"href":"https:\/\/eldiariodesanpedro.com.ar\/sitio\/wp-json\/wp\/v2\/categories?post=61509"},{"taxonomy":"post_tag","embeddable":true,"href":"https:\/\/eldiariodesanpedro.com.ar\/sitio\/wp-json\/wp\/v2\/tags?post=61509"}],"curies":[{"name":"wp","href":"https:\/\/api.w.org\/{rel}","templated":true}]}}